{"id":582435,"date":"2025-12-06T16:07:23","date_gmt":"2025-12-06T16:07:23","guid":{"rendered":"https:\/\/www.europesays.com\/fr\/582435\/"},"modified":"2025-12-06T16:07:23","modified_gmt":"2025-12-06T16:07:23","slug":"deux-clandestins-marocains-ressortent-libres-du-tribunal","status":"publish","type":"post","link":"https:\/\/www.europesays.com\/fr\/582435\/","title":{"rendered":"deux clandestins marocains ressortent libres du tribunal"},"content":{"rendered":"<p itemprop=\"description\"><strong>C&rsquo;est une escalade de la violence qui avait profond\u00e9ment choqu\u00e9 le personnel du Carrefour City du cours Jean-Jaur\u00e8s de Grenoble.<\/strong><\/p>\n<p>Ce mardi matin, trois hommes avaient vol\u00e9 des cannettes et des g\u00e2teaux avant de prendre la fuite. Poursuivi par les agents de s\u00e9curit\u00e9, le trio s&rsquo;\u00e9tait s\u00e9par\u00e9. Et l&rsquo;un de ses membres avait \u00e9t\u00e9 rattrap\u00e9 par les vigiles.<\/p>\n<p>Sauf que les deux autres voleurs avaient fait demi-tour, et l&rsquo;un d&rsquo;entre eux avait d\u00e9gain\u00e9 une arme de poing pour obliger les salari\u00e9s de Carrefour \u00e0 laisser partir leur ami.<\/p>\n<p>Ce vendredi, au tribunal de Grenoble, seulement deux des trois voleurs pr\u00e9sum\u00e9s \u00e9taient jug\u00e9s. Le troisi\u00e8me, celui qui a d\u00e9gain\u00e9 son pistolet, avait r\u00e9ussi \u00e0 prendre la fuite et il est activement recherch\u00e9.<\/p>\n<p>Les deux ressortissants Marocains, SDF et en situation irr\u00e9guli\u00e8re en France, ont minimis\u00e9 les faits qui leur \u00e9taient reproch\u00e9s, chargeant leur comp\u00e8re en cavale.<\/p>\n<p>Les t\u00e9moignages et la vid\u00e9osurveillance ont toutefois montr\u00e9 qu&rsquo;ils semblaient de bonne foi, et que le vol et les violences venaient bien du troisi\u00e8me homme.<\/p>\n<p>L&rsquo;un des pr\u00e9venus a donc \u00e9t\u00e9 relax\u00e9, l&rsquo;autre a \u00e9cop\u00e9 de 4 mois de prison avec sursis. Malgr\u00e9 leur statut de clandestin, ils sont ressortis libres de l&rsquo;audience.<\/p>\n","protected":false},"excerpt":{"rendered":"C&rsquo;est une escalade de la violence qui avait profond\u00e9ment choqu\u00e9 le personnel du Carrefour City du cours Jean-Jaur\u00e8s&hellip;\n","protected":false},"author":2,"featured_media":582436,"comment_status":"","ping_status":"","sticky":false,"template":"","format":"standard","meta":{"footnotes":""},"categories":[9566],"tags":[1111,11,2813,2430,1109,251,1112,2811,1777,674,118,1011,27,21780,2731,14004,1922,1110,1114,108,12,316,25,2812,517,800],"class_list":{"0":"post-582435","1":"post","2":"type-post","3":"status-publish","4":"format-standard","5":"has-post-thumbnail","7":"category-grenoble","8":"tag-actu","9":"tag-actualites","10":"tag-article","11":"tag-auvergne-rhone-alpes","12":"tag-breves","13":"tag-culture","14":"tag-depeches","15":"tag-economique","16":"tag-eu","17":"tag-europe","18":"tag-faits-divers","19":"tag-fr","20":"tag-france","21":"tag-gf38","22":"tag-grenoble","23":"tag-grenoblemag","24":"tag-info","25":"tag-informations","26":"tag-infos","27":"tag-isere","28":"tag-news","29":"tag-politique","30":"tag-republique-francaise","31":"tag-sociale","32":"tag-sport","33":"tag-transports"},"share_on_mastodon":{"url":"https:\/\/pubeurope.com\/@fr\/115673487339086391","error":""},"_links":{"self":[{"href":"https:\/\/www.europesays.com\/fr\/wp-json\/wp\/v2\/posts\/582435","targetHints":{"allow":["GET"]}}],"collection":[{"href":"https:\/\/www.europesays.com\/fr\/wp-json\/wp\/v2\/posts"}],"about":[{"href":"https:\/\/www.europesays.com\/fr\/wp-json\/wp\/v2\/types\/post"}],"author":[{"embeddable":true,"href":"https:\/\/www.europesays.com\/fr\/wp-json\/wp\/v2\/users\/2"}],"replies":[{"embeddable":true,"href":"https:\/\/www.europesays.com\/fr\/wp-json\/wp\/v2\/comments?post=582435"}],"version-history":[{"count":0,"href":"https:\/\/www.europesays.com\/fr\/wp-json\/wp\/v2\/posts\/582435\/revisions"}],"wp:featuredmedia":[{"embeddable":true,"href":"https:\/\/www.europesays.com\/fr\/wp-json\/wp\/v2\/media\/582436"}],"wp:attachment":[{"href":"https:\/\/www.europesays.com\/fr\/wp-json\/wp\/v2\/media?parent=582435"}],"wp:term":[{"taxonomy":"category","embeddable":true,"href":"https:\/\/www.europesays.com\/fr\/wp-json\/wp\/v2\/categories?post=582435"},{"taxonomy":"post_tag","embeddable":true,"href":"https:\/\/www.europesays.com\/fr\/wp-json\/wp\/v2\/tags?post=582435"}],"curies":[{"name":"wp","href":"https:\/\/api.w.org\/{rel}","templated":true}]}}