{"id":582439,"date":"2025-12-06T16:13:11","date_gmt":"2025-12-06T16:13:11","guid":{"rendered":"https:\/\/www.europesays.com\/fr\/582439\/"},"modified":"2025-12-06T16:13:11","modified_gmt":"2025-12-06T16:13:11","slug":"en-live-lelegance-et-la-fluidite-de-lorchestre-philharmonique-de-strasbourg-dans-chopin-et-zemlinsky","status":"publish","type":"post","link":"https:\/\/www.europesays.com\/fr\/582439\/","title":{"rendered":"En live. L\u2019\u00e9l\u00e9gance et la fluidit\u00e9 de l\u2019Orchestre philharmonique de Strasbourg, dans Chopin et Zemlinsky"},"content":{"rendered":"<p>Mal connue en France, La Petite Sir\u00e8ne vient se ficher quelque part entre La mer de Debussy et un ample pr\u00e9lude wagn\u00e9rien. Le chef-d\u2019\u0153uvre postromantique d\u00e9veloppe ses trois chapitres dans un mouvement large aux couleurs impressionnistes, qui fait miroiter un orchestre XXL\u00a0: pas moins d\u2019une quinzaine de cuivres, un duo de harpes et des bois par trois.<\/p>\n<p>Pour conduire cet attelage extraordinaire, Nott \u00e9lude la posture analytique pour s\u2019attacher \u00e0 l\u2019\u00e9laboration des grain et mosa\u00efque, dans le sens d\u2019une sombre et plastique \u00e9vocation du conte d\u2019Andersen. D\u00e9li\u00e9e par un geste tranquille et ondulant, sa lecture marque par son \u00e9loquence et sa souplesse, voire sa cin\u00e9matographie\u00a0: la juxtaposition d\u2019images ou de d\u00e9cors aurait d\u2019ailleurs pu relever davantage encore le sens de la musique.<\/p>\n<p>  Bruce Liu, un jeu d\u00e9licat<\/p>\n<p>Cordes et cuivres \u00e0 la f\u00eate participent d\u2019impressionnants effets de soufflets. Et entre deux d\u00e9cha\u00eenements de l\u2019oc\u00e9an, le violon de Charlotte Juillard &#8211; parfaite dans le r\u00f4le de la sir\u00e8ne\u00a0! &#8211; vibre chaleureusement. La super soliste strasbourgeoise vole, apr\u00e8s l\u2019entracte, la vedette \u00e0 <a href=\"https:\/\/www.dna.fr\/culture-loisirs\/2025\/12\/01\/bruce-liu-une-star-du-clavier-pour-un-dialogue-avec-chopin\" target=\"_blank\" rel=\"nofollow noopener\">Bruce Liu<\/a> , qui a brill\u00e9 auparavant par son jeu diaphane et d\u00e9licat dans le concerto de Chopin.<\/p>\n<p>Le vainqueur du concours \u00e9ponyme 2021 livre une partie dans laquelle on ne perd pas une note\u00a0: les ornements cristallins sous les doigts fins du pianiste, d\u2019une exceptionnelle pr\u00e9cision, nous rappellent \u00e0 quel point le compositeur cis\u00e8le le phras\u00e9 de ses m\u00e9lodies et en appelle r\u00e9solument au bel canto. Pour maximiser l\u2019expressivit\u00e9 du jeune pianiste canadien, Nott lui confectionne un berceau de velours. L\u2019orchestre amoindri gagne en \u00e9quilibre et en lisibilit\u00e9, mais brouille quelque peu la texture par son aspect d\u00e9timbr\u00e9. Les deux derniers mouvements sont jolis mais manquent de nuances, en particulier le final, tr\u00e8s (trop\u00a0?) sage, et qui manque tout \u00e0 la fois d\u2019un grain de folie et de brillant.<\/p>\n<p class=\"note\">Les deux pi\u00e8ces biss\u00e9es par Bruce Liu \u00e9taient le Nocturne en ut di\u00e8se n\u00b0 \u00a020 opus posthume, et la valse opus 64 \u00a0n\u00b01, de Fr\u00e9d\u00e9ric Chopin.<\/p>\n","protected":false},"excerpt":{"rendered":"Mal connue en France, La Petite Sir\u00e8ne vient se ficher quelque part entre La mer de Debussy et&hellip;\n","protected":false},"author":2,"featured_media":582440,"comment_status":"","ping_status":"","sticky":false,"template":"","format":"standard","meta":{"footnotes":""},"categories":[2820],"tags":[1111,11,2389,1687,2880,1777,674,107,1011,27,775,873,12,25,640,2879],"class_list":{"0":"post-582439","1":"post","2":"type-post","3":"status-publish","4":"format-standard","5":"has-post-thumbnail","7":"category-strasbourg","8":"tag-actu","9":"tag-actualites","10":"tag-alsace","11":"tag-culture-loisirs","12":"tag-edition-strasbourg","13":"tag-eu","14":"tag-europe","15":"tag-fil-info","16":"tag-fr","17":"tag-france","18":"tag-grand-est","19":"tag-musique","20":"tag-news","21":"tag-republique-francaise","22":"tag-strasbourg","23":"tag-strasbourg-ville"},"share_on_mastodon":{"url":"https:\/\/pubeurope.com\/@fr\/115673511017291492","error":""},"_links":{"self":[{"href":"https:\/\/www.europesays.com\/fr\/wp-json\/wp\/v2\/posts\/582439","targetHints":{"allow":["GET"]}}],"collection":[{"href":"https:\/\/www.europesays.com\/fr\/wp-json\/wp\/v2\/posts"}],"about":[{"href":"https:\/\/www.europesays.com\/fr\/wp-json\/wp\/v2\/types\/post"}],"author":[{"embeddable":true,"href":"https:\/\/www.europesays.com\/fr\/wp-json\/wp\/v2\/users\/2"}],"replies":[{"embeddable":true,"href":"https:\/\/www.europesays.com\/fr\/wp-json\/wp\/v2\/comments?post=582439"}],"version-history":[{"count":0,"href":"https:\/\/www.europesays.com\/fr\/wp-json\/wp\/v2\/posts\/582439\/revisions"}],"wp:featuredmedia":[{"embeddable":true,"href":"https:\/\/www.europesays.com\/fr\/wp-json\/wp\/v2\/media\/582440"}],"wp:attachment":[{"href":"https:\/\/www.europesays.com\/fr\/wp-json\/wp\/v2\/media?parent=582439"}],"wp:term":[{"taxonomy":"category","embeddable":true,"href":"https:\/\/www.europesays.com\/fr\/wp-json\/wp\/v2\/categories?post=582439"},{"taxonomy":"post_tag","embeddable":true,"href":"https:\/\/www.europesays.com\/fr\/wp-json\/wp\/v2\/tags?post=582439"}],"curies":[{"name":"wp","href":"https:\/\/api.w.org\/{rel}","templated":true}]}}