{"id":582441,"date":"2025-12-06T16:14:19","date_gmt":"2025-12-06T16:14:19","guid":{"rendered":"https:\/\/www.europesays.com\/fr\/582441\/"},"modified":"2025-12-06T16:14:19","modified_gmt":"2025-12-06T16:14:19","slug":"basket-ball-suivez-en-direct-le-choc-entre-la-sig-strasbourg-et-lasvel-coup-denvoi-a-18h20","status":"publish","type":"post","link":"https:\/\/www.europesays.com\/fr\/582441\/","title":{"rendered":"Basket-ball. Suivez en direct le choc entre la SIG Strasbourg et l&rsquo;ASVEL, coup d&rsquo;envoi \u00e0 18h20"},"content":{"rendered":"<p>Leader, un peu contre toute attente, de l&rsquo;\u00c9lite, la SIG ne va pas tarder \u00e0 \u00eatre fix\u00e9e sur sa capacit\u00e9 \u00e0 rivaliser avec les gros bras du championnat. D\u00e9cembre s&rsquo;annonce en effet pi\u00e9geux puisque le club strasbourgeois d\u00e9fiera deux des trois repr\u00e9sentants fran\u00e7ais en Euroligue\u00a0: Monaco, le dimanche 14, et l&rsquo;ASVEL, d\u00e8s ce samedi au Rhenus (18h20). Un choc, un vrai, entre les actuels n\u00b01 et 2 de l&rsquo;Hexagone.<\/p>\n<p>&#13;<br \/>\n              Fran\u00e7ois Bertrand &#8211; &#13;<br \/>\n        &#13;<br \/>\n          Aujourd&rsquo;hui \u00e0 17:00&#13;<br \/>\n    &#13;<br \/>\n        &#8211; Temps de lecture : &#13;<br \/>\n  &#13;\n<\/p>\n<p>                        &#13;<br \/>\n    &#13;<br \/>\n    &#13;<br \/>\n    <a href=\"https:\/\/cdn-s-www.dna.fr\/images\/127A1332-5A12-41C7-BD74-26853A6D4161\/NW_raw\/marcus-keene-et-la-sig-ont-un-fauteuil-de-leader-a-defendre-face-a-l-armada-villeurbannaise-photo-jean-marc-loos-1764863774.jpg\" title=\"Marcus Keene et la SIG ont un fauteuil de leader \u00e0 d\u00e9fendre face \u00e0 l&#039;armada villeurbannaise. Photo Jean-Marc Loos\" class=\"chocolat-image GA-tracking\" data-ga_type=\"click\" data-ga_category=\"D\u00e9tail\" data-ga_action=\"zoomer\" data-ga_label=\"aggrandir image\" target=\"_blank\" rel=\"noopener\">&#13;<br \/>\n        <img src=\"https:\/\/www.europesays.com\/fr\/wp-content\/uploads\/2025\/12\/marcus-keene-et-la-sig-ont-un-fauteuil-de-leader-a-defendre-face-a-l-armada-villeurbannaise-photo-je.jpeg\"   alt=\"Marcus Keene et la SIG ont un fauteuil de leader \u00e0 d\u00e9fendre face \u00e0 l'armada villeurbannaise. Photo Jean-Marc Loos\" fetchpriority=\"high\" decoding=\"async\" data-mobile=\"NW_detail_M|1764863774\" data-base=\"NW_detail|1764863774\"\/>&#13;<br \/>\n    <\/a>&#13;<\/p>\n<p>Marcus Keene et la SIG ont un fauteuil de leader \u00e0 d\u00e9fendre face \u00e0 l&rsquo;armada villeurbannaise. Photo Jean-Marc Loos<\/p>\n","protected":false},"excerpt":{"rendered":"Leader, un peu contre toute attente, de l&rsquo;\u00c9lite, la SIG ne va pas tarder \u00e0 \u00eatre fix\u00e9e sur&hellip;\n","protected":false},"author":2,"featured_media":582442,"comment_status":"","ping_status":"","sticky":false,"template":"","format":"standard","meta":{"footnotes":""},"categories":[2820],"tags":[1111,11,2389,2649,1791,3545,2880,1777,674,107,1011,27,775,3544,12,25,3543,517,640],"class_list":{"0":"post-582441","1":"post","2":"type-post","3":"status-publish","4":"format-standard","5":"has-post-thumbnail","7":"category-strasbourg","8":"tag-actu","9":"tag-actualites","10":"tag-alsace","11":"tag-bas-rhin","12":"tag-basket-ball","13":"tag-direct-sport","14":"tag-edition-strasbourg","15":"tag-eu","16":"tag-europe","17":"tag-fil-info","18":"tag-fr","19":"tag-france","20":"tag-grand-est","21":"tag-matchs-en-direct","22":"tag-news","23":"tag-republique-francaise","24":"tag-sig-strasbourg","25":"tag-sport","26":"tag-strasbourg"},"share_on_mastodon":{"url":"https:\/\/pubeurope.com\/@fr\/115673515837511871","error":""},"_links":{"self":[{"href":"https:\/\/www.europesays.com\/fr\/wp-json\/wp\/v2\/posts\/582441","targetHints":{"allow":["GET"]}}],"collection":[{"href":"https:\/\/www.europesays.com\/fr\/wp-json\/wp\/v2\/posts"}],"about":[{"href":"https:\/\/www.europesays.com\/fr\/wp-json\/wp\/v2\/types\/post"}],"author":[{"embeddable":true,"href":"https:\/\/www.europesays.com\/fr\/wp-json\/wp\/v2\/users\/2"}],"replies":[{"embeddable":true,"href":"https:\/\/www.europesays.com\/fr\/wp-json\/wp\/v2\/comments?post=582441"}],"version-history":[{"count":0,"href":"https:\/\/www.europesays.com\/fr\/wp-json\/wp\/v2\/posts\/582441\/revisions"}],"wp:featuredmedia":[{"embeddable":true,"href":"https:\/\/www.europesays.com\/fr\/wp-json\/wp\/v2\/media\/582442"}],"wp:attachment":[{"href":"https:\/\/www.europesays.com\/fr\/wp-json\/wp\/v2\/media?parent=582441"}],"wp:term":[{"taxonomy":"category","embeddable":true,"href":"https:\/\/www.europesays.com\/fr\/wp-json\/wp\/v2\/categories?post=582441"},{"taxonomy":"post_tag","embeddable":true,"href":"https:\/\/www.europesays.com\/fr\/wp-json\/wp\/v2\/tags?post=582441"}],"curies":[{"name":"wp","href":"https:\/\/api.w.org\/{rel}","templated":true}]}}