{"id":582450,"date":"2025-12-06T16:19:10","date_gmt":"2025-12-06T16:19:10","guid":{"rendered":"https:\/\/www.europesays.com\/fr\/582450\/"},"modified":"2025-12-06T16:19:10","modified_gmt":"2025-12-06T16:19:10","slug":"pour-son-action-en-faveur-des-animaux-la-ville-de-pessac-obtient-un-prix-unique-en-france","status":"publish","type":"post","link":"https:\/\/www.europesays.com\/fr\/582450\/","title":{"rendered":"Pour son action en faveur des animaux, la ville de Pessac obtient un prix unique en France"},"content":{"rendered":"<p>                    Par<br \/>\n        <strong><br \/>\n            <a href=\"https:\/\/actu.fr\/auteur\/juliette-cardinale\" title=\"Consulter tous les articles de Juliette Cardinale\" target=\"_blank\" rel=\"noopener\">Juliette Cardinale<\/a><br \/>\n                    <\/strong><\/p>\n<p>        Publi\u00e9 le<\/p>\n<p>            6 d\u00e9c. 2025 \u00e0 16h32        <\/p>\n<p>La ville<a href=\"https:\/\/actu.fr\/nouvelle-aquitaine\/pessac_33318\" target=\"_blank\" rel=\"noopener\"> de Pessac<\/a> a obtenu un prix unique en Nouvelle-Aquitaine le 25 novembre 2025 : le troph\u00e9e<strong>\u00a0\u00ab\u00a0Animal en ville\u00a0\u00bb<\/strong> pour son action en faveur de la cause animale et de la nature en g\u00e9n\u00e9ral. C\u2019est m\u00eame une distinction nationale \u2013 car c\u2019est la premi\u00e8re ann\u00e9e que le prix est desservi.\u00a0<\/p>\n<p class=\" wall-content\">Depuis 34 ans, l\u2019association Les Eco Maires r\u00e9compense <strong>\u00ab\u00a0l\u2019innovation et l\u2019exemplarit\u00e9 des collectivit\u00e9s<\/strong> <strong>locales<\/strong> en mati\u00e8re de protection de l\u2019environnement\u00a0\u00bb via les troph\u00e9es Eco Actions,\u00a0rappelle la ville de Pessac.\u00a0<\/p>\n<p>Le plan \u00ab\u00a0Cause animale\u00a0\u00bb lou\u00e9<\/p>\n<p class=\" wall-content\">C\u2019est notamment la co-construction du <a href=\"https:\/\/www.pessac.fr\/cause-animale-1078.html\" target=\"_blank\" rel=\"noopener\">plan \u00ab\u00a0Cause animale\u00a0\u00bb<\/a> avec \u00ab\u00a0une <strong>vingtaine d\u2019acteurs<\/strong> \u0153uvrant pour la <a href=\"https:\/\/actu.fr\/biodiversite\" target=\"_blank\" rel=\"noopener\">biodiversit\u00e9,<\/a> chacun sp\u00e9cialis\u00e9 dans son domaine : SPA, LPO, L214, la Ruche Youcare, Tous aux abris!, entre autres\u00a0\u00bb, qui a \u00e9t\u00e9 rep\u00e9r\u00e9e se r\u00e9jouit la municipalit\u00e9.\u00a0<\/p>\n<p class=\" wall-content\">\u00ab\u00a0L\u2019une des principales r\u00e9ussites de ce plan est la <strong>lutte contre la maltraitance<\/strong> des animaux domestiques. Les cas peuvent \u00eatre naturellement signal\u00e9s par les associations du comit\u00e9 partenarial, mais \u00e9galement par les habitants qui disposent d\u2019un <strong>num\u00e9ro de t\u00e9l\u00e9phone<\/strong> et d\u2019un email d\u00e9di\u00e9s\u00a0\u00bb, continue la communication de la ville.\u00a0<\/p>\n<p class=\" wall-content\">Des campagnes de sensibilisation sont r\u00e9guli\u00e8rement diffus\u00e9es \u00e0 destination du grand public. Au sein de la <strong>police municipale,<\/strong> un r\u00e9f\u00e9rent sp\u00e9cialement form\u00e9 traite les alertes ce qui permet \u00ab\u00a0de faire aboutir les dossiers et de trouver des solutions pour prot\u00e9ger les animaux concern\u00e9s\u00a0\u00bb, affirme la municipalit\u00e9.<\/p>\n<p class=\" wall-content\">\u00ab C\u2019est un <strong>dispositif simple,<\/strong> dont le co\u00fbt est limit\u00e9 au regard de son efficacit\u00e9, et <strong>facilement r\u00e9plicable<\/strong> dans d\u2019autres collectivit\u00e9s \u00bb, remarque le maire de Pessac, Frank Raynal.\u00a0\u00bb<\/p>\n<p class=\" wall-content\">Seule laur\u00e9ate de <a href=\"https:\/\/actu.fr\/nouvelle-aquitaine\/\" target=\"_blank\" rel=\"noopener\">Nouvelle-Aquitaine<\/a> d\u2019un Troph\u00e9e Eco Action cette ann\u00e9e, Pessac a \u00e9t\u00e9 choisie <strong>parmi 37 candidatures<\/strong> pour ce prix Animal en ville.<\/p>\n<p class=\" wall-content\">Personnalisez votre actualit\u00e9 en ajoutant vos villes et m\u00e9dias en favori avec <a href=\"https:\/\/moncompte.actu.fr\" title=\"D\u00e9couvez Mon Actu\" rel=\"nofollow noopener\" data-trk=\"{&quot;cta&quot;:{&quot;action&quot;:&quot;https:\\\/\\\/moncompte.actu.fr&quot;,&quot;category&quot;:&quot;mon compte&quot;,&quot;from&quot;:&quot;article footer&quot;,&quot;name&quot;:&quot;Mon actu&quot;,&quot;type&quot;:&quot;cta&quot;}}\" target=\"_blank\">Mon Actu<\/a>.<\/p>\n","protected":false},"excerpt":{"rendered":"Par Juliette Cardinale Publi\u00e9 le 6 d\u00e9c. 2025 \u00e0 16h32 La ville de Pessac a obtenu un prix&hellip;\n","protected":false},"author":2,"featured_media":582451,"comment_status":"","ping_status":"","sticky":false,"template":"","format":"standard","meta":{"footnotes":""},"categories":[2817],"tags":[1111,11,1867,1997,1777,674,1011,27,6795,12,2219,25,104],"class_list":{"0":"post-582450","1":"post","2":"type-post","3":"status-publish","4":"format-standard","5":"has-post-thumbnail","7":"category-bordeaux","8":"tag-actu","9":"tag-actualites","10":"tag-animaux","11":"tag-bordeaux","12":"tag-eu","13":"tag-europe","14":"tag-fr","15":"tag-france","16":"tag-maltraitance-animale","17":"tag-news","18":"tag-nouvelle-aquitaine","19":"tag-republique-francaise","20":"tag-societe"},"share_on_mastodon":{"url":"https:\/\/pubeurope.com\/@fr\/115673534606082015","error":""},"_links":{"self":[{"href":"https:\/\/www.europesays.com\/fr\/wp-json\/wp\/v2\/posts\/582450","targetHints":{"allow":["GET"]}}],"collection":[{"href":"https:\/\/www.europesays.com\/fr\/wp-json\/wp\/v2\/posts"}],"about":[{"href":"https:\/\/www.europesays.com\/fr\/wp-json\/wp\/v2\/types\/post"}],"author":[{"embeddable":true,"href":"https:\/\/www.europesays.com\/fr\/wp-json\/wp\/v2\/users\/2"}],"replies":[{"embeddable":true,"href":"https:\/\/www.europesays.com\/fr\/wp-json\/wp\/v2\/comments?post=582450"}],"version-history":[{"count":0,"href":"https:\/\/www.europesays.com\/fr\/wp-json\/wp\/v2\/posts\/582450\/revisions"}],"wp:featuredmedia":[{"embeddable":true,"href":"https:\/\/www.europesays.com\/fr\/wp-json\/wp\/v2\/media\/582451"}],"wp:attachment":[{"href":"https:\/\/www.europesays.com\/fr\/wp-json\/wp\/v2\/media?parent=582450"}],"wp:term":[{"taxonomy":"category","embeddable":true,"href":"https:\/\/www.europesays.com\/fr\/wp-json\/wp\/v2\/categories?post=582450"},{"taxonomy":"post_tag","embeddable":true,"href":"https:\/\/www.europesays.com\/fr\/wp-json\/wp\/v2\/tags?post=582450"}],"curies":[{"name":"wp","href":"https:\/\/api.w.org\/{rel}","templated":true}]}}