{"id":582459,"date":"2025-12-06T16:25:20","date_gmt":"2025-12-06T16:25:20","guid":{"rendered":"https:\/\/www.europesays.com\/fr\/582459\/"},"modified":"2025-12-06T16:25:20","modified_gmt":"2025-12-06T16:25:20","slug":"mercato-psg-pourquoi-la-prolongation-dayyoub-bouaddi-a-lille-nest-quune-formalite","status":"publish","type":"post","link":"https:\/\/www.europesays.com\/fr\/582459\/","title":{"rendered":"Mercato PSG : pourquoi la prolongation d\u2019Ayyoub Bouaddi \u00e0 Lille n\u2019est qu\u2019une formalit\u00e9"},"content":{"rendered":"<p>Du c\u00f4t\u00e9 du compte PSGInside-Actus, tr\u00e8s bien renseign\u00e9 sur le club francilien, la tendance reste claire. Le m\u00e9dia sp\u00e9cialis\u00e9 assure que l\u2019international Espoirs fran\u00e7ais demeure bien dans le viseur du champion d\u2019Europe. Sur X, en r\u00e9ponse \u00e0 un internaute, une pr\u00e9cision majeure a \u00e9merg\u00e9, sans d\u00e9tour ni langue de bois :<\/p>\n<p>\u00ab Aucune source officielle l&rsquo;indique. D&rsquo;ailleurs, beaucoup de journalistes se contredisent. Je peux assurer que pendant les f\u00eates de No\u00ebl, un rendez-vous est pr\u00e9vu. Cela ne veut pas dire que \u00e7a va se conclure par une signature. Les m\u00eames me contredisaient pour Kolo Muani, Neves ou Dou\u00e9. Si tu \u00e9coutes Hawkins, il faudra d\u00e9bourser 50M\u20ac, Sacha il faudra 100M\u20ac, en Espagne c&rsquo;est quasiment fait. Bref&#8230; Moi je suis persuad\u00e9 que si \u00e7a se fait, \u00e7a sera aux alentours de 60M \u00bb.<\/p>\n<p>Un message limpide. Rien n\u2019est sign\u00e9, rien n\u2019est clos non plus. Le PSG avance avec prudence. Le LOSC, de son c\u00f4t\u00e9, entend valoriser chaque centime de son joyau.<\/p>\n","protected":false},"excerpt":{"rendered":"Du c\u00f4t\u00e9 du compte PSGInside-Actus, tr\u00e8s bien renseign\u00e9 sur le club francilien, la tendance reste claire. Le m\u00e9dia&hellip;\n","protected":false},"author":2,"featured_media":582460,"comment_status":"","ping_status":"","sticky":false,"template":"","format":"standard","meta":{"footnotes":""},"categories":[2815],"tags":[69610,1111,11,1777,674,1011,27,811,66,1307,1434,12,91,25,28401],"class_list":{"0":"post-582459","1":"post","2":"type-post","3":"status-publish","4":"format-standard","5":"has-post-thumbnail","7":"category-lille","8":"tag-a-bouaddi","9":"tag-actu","10":"tag-actualites","11":"tag-eu","12":"tag-europe","13":"tag-fr","14":"tag-france","15":"tag-hauts-de-france","16":"tag-ligue-1","17":"tag-lille","18":"tag-mercato","19":"tag-news","20":"tag-paris-saint-germain","21":"tag-republique-francaise","22":"tag-transfers"},"share_on_mastodon":{"url":"https:\/\/pubeurope.com\/@fr\/115673558142938322","error":""},"_links":{"self":[{"href":"https:\/\/www.europesays.com\/fr\/wp-json\/wp\/v2\/posts\/582459","targetHints":{"allow":["GET"]}}],"collection":[{"href":"https:\/\/www.europesays.com\/fr\/wp-json\/wp\/v2\/posts"}],"about":[{"href":"https:\/\/www.europesays.com\/fr\/wp-json\/wp\/v2\/types\/post"}],"author":[{"embeddable":true,"href":"https:\/\/www.europesays.com\/fr\/wp-json\/wp\/v2\/users\/2"}],"replies":[{"embeddable":true,"href":"https:\/\/www.europesays.com\/fr\/wp-json\/wp\/v2\/comments?post=582459"}],"version-history":[{"count":0,"href":"https:\/\/www.europesays.com\/fr\/wp-json\/wp\/v2\/posts\/582459\/revisions"}],"wp:featuredmedia":[{"embeddable":true,"href":"https:\/\/www.europesays.com\/fr\/wp-json\/wp\/v2\/media\/582460"}],"wp:attachment":[{"href":"https:\/\/www.europesays.com\/fr\/wp-json\/wp\/v2\/media?parent=582459"}],"wp:term":[{"taxonomy":"category","embeddable":true,"href":"https:\/\/www.europesays.com\/fr\/wp-json\/wp\/v2\/categories?post=582459"},{"taxonomy":"post_tag","embeddable":true,"href":"https:\/\/www.europesays.com\/fr\/wp-json\/wp\/v2\/tags?post=582459"}],"curies":[{"name":"wp","href":"https:\/\/api.w.org\/{rel}","templated":true}]}}