{"id":582465,"date":"2025-12-06T16:28:13","date_gmt":"2025-12-06T16:28:13","guid":{"rendered":"https:\/\/www.europesays.com\/fr\/582465\/"},"modified":"2025-12-06T16:28:13","modified_gmt":"2025-12-06T16:28:13","slug":"lyon-un-camion-transportant-de-lhuile-dolive-sest-renverse-sur-la-m7-la-nuit-derniere","status":"publish","type":"post","link":"https:\/\/www.europesays.com\/fr\/582465\/","title":{"rendered":"Lyon. Un camion transportant de l\u2019huile d\u2019olive s&rsquo;est renvers\u00e9 sur la M7 la nuit derni\u00e8re"},"content":{"rendered":"<p>La circulation sur la M7 a \u00e9t\u00e9 perturb\u00e9e dans la nuit de vendredi \u00e0 samedi en raison d\u2019un accident s\u2019\u00e9tant produit \u00e0 hauteur de Pierre-B\u00e9nite, dans le sens Sud-Nord.<\/p>\n<p>Vers 00h30, un camion transportant 10 tonnes d\u2019huile d\u2019olive s\u2019est renvers\u00e9 pour une raison inconnue et s\u2019est couch\u00e9 sur le flanc. Personne n\u2019a \u00e9t\u00e9 bless\u00e9, mais le trafic a \u00e9t\u00e9 ralenti. Un kilom\u00e8tre et demi de bouchon s\u2019est form\u00e9, les services autoroutiers ayant d\u00fb fermer la M7.<\/p>\n<p>  Une voie neutralis\u00e9e tout le week-end<\/p>\n<p>\u00c0 5h45, deux voies ont pu rouvrir, le camion ayant \u00e9t\u00e9 d\u00e9gag\u00e9 et la chauss\u00e9e nettoy\u00e9e.<\/p>\n<p>La troisi\u00e8me voie restera neutralis\u00e9e durant tout le week-end, des travaux \u00e9tant n\u00e9cessaires.<\/p>\n","protected":false},"excerpt":{"rendered":"La circulation sur la M7 a \u00e9t\u00e9 perturb\u00e9e dans la nuit de vendredi \u00e0 samedi en raison d\u2019un&hellip;\n","protected":false},"author":2,"featured_media":582466,"comment_status":"","ping_status":"","sticky":false,"template":"","format":"standard","meta":{"footnotes":""},"categories":[1889],"tags":[119,1111,11,2430,2757,1777,674,274,107,1011,27,2428,2756,12,25,2429],"class_list":{"0":"post-582465","1":"post","2":"type-post","3":"status-publish","4":"format-standard","5":"has-post-thumbnail","7":"category-lyon","8":"tag-accident","9":"tag-actu","10":"tag-actualites","11":"tag-auvergne-rhone-alpes","12":"tag-edition-lyon-villeurbanne","13":"tag-eu","14":"tag-europe","15":"tag-faits-divers-justice","16":"tag-fil-info","17":"tag-fr","18":"tag-france","19":"tag-lyon","20":"tag-lyon-bassin","21":"tag-news","22":"tag-republique-francaise","23":"tag-rhone"},"share_on_mastodon":{"url":"https:\/\/pubeurope.com\/@fr\/115673570017235642","error":""},"_links":{"self":[{"href":"https:\/\/www.europesays.com\/fr\/wp-json\/wp\/v2\/posts\/582465","targetHints":{"allow":["GET"]}}],"collection":[{"href":"https:\/\/www.europesays.com\/fr\/wp-json\/wp\/v2\/posts"}],"about":[{"href":"https:\/\/www.europesays.com\/fr\/wp-json\/wp\/v2\/types\/post"}],"author":[{"embeddable":true,"href":"https:\/\/www.europesays.com\/fr\/wp-json\/wp\/v2\/users\/2"}],"replies":[{"embeddable":true,"href":"https:\/\/www.europesays.com\/fr\/wp-json\/wp\/v2\/comments?post=582465"}],"version-history":[{"count":0,"href":"https:\/\/www.europesays.com\/fr\/wp-json\/wp\/v2\/posts\/582465\/revisions"}],"wp:featuredmedia":[{"embeddable":true,"href":"https:\/\/www.europesays.com\/fr\/wp-json\/wp\/v2\/media\/582466"}],"wp:attachment":[{"href":"https:\/\/www.europesays.com\/fr\/wp-json\/wp\/v2\/media?parent=582465"}],"wp:term":[{"taxonomy":"category","embeddable":true,"href":"https:\/\/www.europesays.com\/fr\/wp-json\/wp\/v2\/categories?post=582465"},{"taxonomy":"post_tag","embeddable":true,"href":"https:\/\/www.europesays.com\/fr\/wp-json\/wp\/v2\/tags?post=582465"}],"curies":[{"name":"wp","href":"https:\/\/api.w.org\/{rel}","templated":true}]}}