{"id":582469,"date":"2025-12-06T16:32:23","date_gmt":"2025-12-06T16:32:23","guid":{"rendered":"https:\/\/www.europesays.com\/fr\/582469\/"},"modified":"2025-12-06T16:32:23","modified_gmt":"2025-12-06T16:32:23","slug":"qui-est-miss-ile-de-france-mareva-michel","status":"publish","type":"post","link":"https:\/\/www.europesays.com\/fr\/582469\/","title":{"rendered":"Qui est Miss \u00cele-de-France, Mareva Michel\u00a0?"},"content":{"rendered":"<p>Mareva Michel, 22\u00a0ans, est \u00e9tudiante en 4\u00e8me ann\u00e9e d&rsquo;\u00e9cole de commerce. F\u00e9rue de sports de glisse, une passion transmise par son p\u00e8re, elle pratique le kitesurf et le snowboard depuis l&rsquo;enfance. Marraine de l&rsquo;association Aidons La Recherche, elle soutient la lutte contre le cancer du sein.<\/p>\n<ul>\n<li><b>Nom, pr\u00e9nom\u00a0: <\/b>Mareva Michel<\/li>\n<li><b>R\u00e9gion\u00a0: <\/b>Miss \u00cele-de-France 2025<\/li>\n<li><b>Age\u00a0: <\/b>21\u00a0ans<\/li>\n<li><b>Taille\u00a0: <\/b>1,78\u00a0m<\/li>\n<\/ul>\n<p><a class=\"app_edito_btn jtrackEditButton\" href=\"https:\/\/www.linternaute.com\/television\/programme\/9360825-miss-france-2026-les-demi-finalistes-deja-designees-suivez-notre-direct\/#vote\" target=\"_blank\" rel=\"noopener\">Votez pour elle !<\/a><\/p>\n","protected":false},"excerpt":{"rendered":"Mareva Michel, 22\u00a0ans, est \u00e9tudiante en 4\u00e8me ann\u00e9e d&rsquo;\u00e9cole de commerce. F\u00e9rue de sports de glisse, une passion&hellip;\n","protected":false},"author":2,"featured_media":582470,"comment_status":"","ping_status":"","sticky":false,"template":"","format":"standard","meta":{"footnotes":""},"categories":[1592],"tags":[1111,11,69615,51761,1777,674,52292,1011,27,662,3034,12,626,25],"class_list":{"0":"post-582469","1":"post","2":"type-post","3":"status-publish","4":"format-standard","5":"has-post-thumbnail","7":"category-ile-de-france","8":"tag-actu","9":"tag-actualites","10":"tag-cms-linternaute-9373253","11":"tag-controller-content","12":"tag-eu","13":"tag-europe","14":"tag-format-reportage","15":"tag-fr","16":"tag-france","17":"tag-ile-de-france","18":"tag-miss-france","19":"tag-news","20":"tag-paris","21":"tag-republique-francaise"},"share_on_mastodon":{"url":"https:\/\/pubeurope.com\/@fr\/115673585791135974","error":""},"_links":{"self":[{"href":"https:\/\/www.europesays.com\/fr\/wp-json\/wp\/v2\/posts\/582469","targetHints":{"allow":["GET"]}}],"collection":[{"href":"https:\/\/www.europesays.com\/fr\/wp-json\/wp\/v2\/posts"}],"about":[{"href":"https:\/\/www.europesays.com\/fr\/wp-json\/wp\/v2\/types\/post"}],"author":[{"embeddable":true,"href":"https:\/\/www.europesays.com\/fr\/wp-json\/wp\/v2\/users\/2"}],"replies":[{"embeddable":true,"href":"https:\/\/www.europesays.com\/fr\/wp-json\/wp\/v2\/comments?post=582469"}],"version-history":[{"count":0,"href":"https:\/\/www.europesays.com\/fr\/wp-json\/wp\/v2\/posts\/582469\/revisions"}],"wp:featuredmedia":[{"embeddable":true,"href":"https:\/\/www.europesays.com\/fr\/wp-json\/wp\/v2\/media\/582470"}],"wp:attachment":[{"href":"https:\/\/www.europesays.com\/fr\/wp-json\/wp\/v2\/media?parent=582469"}],"wp:term":[{"taxonomy":"category","embeddable":true,"href":"https:\/\/www.europesays.com\/fr\/wp-json\/wp\/v2\/categories?post=582469"},{"taxonomy":"post_tag","embeddable":true,"href":"https:\/\/www.europesays.com\/fr\/wp-json\/wp\/v2\/tags?post=582469"}],"curies":[{"name":"wp","href":"https:\/\/api.w.org\/{rel}","templated":true}]}}