{"id":582471,"date":"2025-12-06T16:33:13","date_gmt":"2025-12-06T16:33:13","guid":{"rendered":"https:\/\/www.europesays.com\/fr\/582471\/"},"modified":"2025-12-06T16:33:13","modified_gmt":"2025-12-06T16:33:13","slug":"un-commissaire-breton-place-en-garde-a-vue-apres-une-altercation-dans-un-bar-parisien","status":"publish","type":"post","link":"https:\/\/www.europesays.com\/fr\/582471\/","title":{"rendered":"Un commissaire breton plac\u00e9 en garde \u00e0 vue apr\u00e8s une altercation dans un bar parisien"},"content":{"rendered":"<p class=\"article__intro\">Un policier, pr\u00e9sent\u00e9 comme un commissaire en poste en Bretagne, a \u00e9t\u00e9 plac\u00e9 en garde \u00e0 vue \u00e0 Paris apr\u00e8s une altercation dans un bar. Soup\u00e7onn\u00e9 d\u2019avoir bouscul\u00e9 une femme alors qu\u2019il \u00e9tait ivre, il fait d\u00e9sormais l\u2019objet d\u2019une enqu\u00eate pour \u00ab\u00a0violences commises en \u00e9tat d\u2019ivresse manifeste\u00a0\u00bb.<\/p>\n<p>\n      La Quotidienne Soci\u00e9t\u00e9\n    <\/p>\n<p>\n      De la vie quotidienne aux grands enjeux, recevez tous les jours les sujets qui font la soci\u00e9t\u00e9 locale, comme la justice, l\u2019\u00e9ducation, la sant\u00e9 et la famille.\n    <\/p>\n<p>    France T\u00e9l\u00e9visions utilise votre adresse e-mail afin de vous envoyer la newsletter \u00ab\u00a0La Quotidienne Soci\u00e9t\u00e9\u00a0\u00bb. Vous pouvez vous d\u00e9sinscrire \u00e0 tout moment via le lien en bas de cette newsletter. <a target=\"_blank\" href=\"https:\/\/www.francetelevisions.fr\/groupe\/confidentialite\/politique-de-confidentialite\/politique-de-confidentialite-de-france-televisions-6503\" rel=\"noopener\">Notre politique de confidentialit\u00e9<\/a><\/p>\n<p>Il s&rsquo;est pr\u00e9sent\u00e9 de lui-m\u00eame au commissariat aux alentours de 5 heures 30 du matin. Dans la nuit du vendredi 5 au samedi 6 d\u00e9cembre, un policier a \u00e9t\u00e9 plac\u00e9 en garde \u00e0 vue apr\u00e8s une altercation dans un bar du 6\u1d49 arrondissement parisien. Il s\u2019agit d\u2019une information de nos confr\u00e8res du Parisien, confirm\u00e9e par le parquet de Paris \u00e0 l\u2019AFP.<\/p>\n<p>L\u2019homme aurait violemment bouscul\u00e9 une femme pr\u00e9sente dans le m\u00eame \u00e9tablissement. Elle serait l\u00e9g\u00e8rement bless\u00e9e. Les deux protagonistes \u00e9taient \u00ab\u00a0manifestement alcoolis\u00e9s\u00a0\u00bb. Une enqu\u00eate a \u00e9t\u00e9 ouverte pour \u00ab\u00a0violences commises en \u00e9tat d\u2019ivresse manifeste\u00a0\u00bb et les investigations ont \u00e9t\u00e9 confi\u00e9es au 3\u1d49 district de police judiciaire (DPJ).<\/p>\n<p>Citant des \u00ab\u00a0sources polici\u00e8res\u00a0\u00bb, <a href=\"https:\/\/www.leparisien.fr\/faits-divers\/un-commissaire-de-police-place-en-garde-a-vue-pour-une-altercation-dans-un-bar-parisien-06-12-2025-UDPDIQ3SVZEV5EXUQWWO4S4AWI.php\" target=\"_blank\" rel=\"noopener noreferrer nofollow\" data-tooltip-url=\"https:\/\/www.leparisien.fr\/faits-divers\/un-commissaire-de-police-place-en-garde-a-vue-pour-une-altercation-dans-un-bar-parisien-06-12-2025-UDPDIQ3SVZEV5EXUQWWO4S4AWI.php\">Le Parisien <\/a>\u00e9crit que \u00ab\u00a0l\u2019homme aurait fait savoir qu\u2019il \u00e9tait policier tout en montrant l\u2019arme qu\u2019il portait \u00e0 sa ceinture\u00a0\u00bb. Le parquet de Paris nuance : \u00ab\u00a0S\u2019il appara\u00eet que le mis en cause \u00e9tait en effet en \u00e9tat d\u2019ivresse au moment des faits, il n\u2019y a, \u00e0 ce stade des investigations, aucune notion d\u2019exhibition d\u2019une arme.\u00a0\u00bb<\/p>\n<p>En France, un policier peut effectivement<a href=\"https:\/\/www.legifrance.gouv.fr\/codes\/section_lc\/JORFTEXT000000609541\/LEGISCTA000021128819\/\" target=\"_blank\" rel=\"noopener noreferrer nofollow\" data-tooltip-url=\"https:\/\/www.legifrance.gouv.fr\/codes\/section_lc\/JORFTEXT000000609541\/LEGISCTA000021128819\/\"> porter son arme hors service <\/a>\u00e0 condition d\u2019\u00eatre sobre, discret, muni de sa carte professionnelle et capable de justifier d\u2019une n\u00e9cessit\u00e9 d\u2019intervention.<\/p>\n<p>Le fonctionnaire, alors hors service, serait commissaire en Bretagne. \u00ab\u00a0Selon une source proche du dossier, l\u2019homme serait commissaire et occuperait un poste important au sein de la circonscription des C\u00f4tes-d\u2019Armor\u00a0\u00bb, pr\u00e9cise Le Parisien.<\/p>\n<p>Le parquet ajoute que les investigations se poursuivent, notamment pour d\u00e9terminer \u00ab\u00a0l\u2019incapacit\u00e9 totale de travail de la victime\u00a0\u00bb. Son arme lui a \u00e9t\u00e9 retir\u00e9e lors de sa garde \u00e0 vue. <\/p>\n","protected":false},"excerpt":{"rendered":"Un policier, pr\u00e9sent\u00e9 comme un commissaire en poste en Bretagne, a \u00e9t\u00e9 plac\u00e9 en garde \u00e0 vue \u00e0&hellip;\n","protected":false},"author":2,"featured_media":264729,"comment_status":"","ping_status":"","sticky":false,"template":"","format":"standard","meta":{"footnotes":""},"categories":[1888],"tags":[1111,1928,11,1927,1777,674,1011,27,12,1926,626,1925,25],"class_list":{"0":"post-582471","1":"post","2":"type-post","3":"status-publish","4":"format-standard","5":"has-post-thumbnail","7":"category-paris","8":"tag-actu","9":"tag-actu-paris","10":"tag-actualites","11":"tag-actualites-paris","12":"tag-eu","13":"tag-europe","14":"tag-fr","15":"tag-france","16":"tag-news","17":"tag-news-paris","18":"tag-paris","19":"tag-paris-news","20":"tag-republique-francaise"},"share_on_mastodon":{"url":"https:\/\/pubeurope.com\/@fr\/115673589717545524","error":""},"_links":{"self":[{"href":"https:\/\/www.europesays.com\/fr\/wp-json\/wp\/v2\/posts\/582471","targetHints":{"allow":["GET"]}}],"collection":[{"href":"https:\/\/www.europesays.com\/fr\/wp-json\/wp\/v2\/posts"}],"about":[{"href":"https:\/\/www.europesays.com\/fr\/wp-json\/wp\/v2\/types\/post"}],"author":[{"embeddable":true,"href":"https:\/\/www.europesays.com\/fr\/wp-json\/wp\/v2\/users\/2"}],"replies":[{"embeddable":true,"href":"https:\/\/www.europesays.com\/fr\/wp-json\/wp\/v2\/comments?post=582471"}],"version-history":[{"count":0,"href":"https:\/\/www.europesays.com\/fr\/wp-json\/wp\/v2\/posts\/582471\/revisions"}],"wp:featuredmedia":[{"embeddable":true,"href":"https:\/\/www.europesays.com\/fr\/wp-json\/wp\/v2\/media\/264729"}],"wp:attachment":[{"href":"https:\/\/www.europesays.com\/fr\/wp-json\/wp\/v2\/media?parent=582471"}],"wp:term":[{"taxonomy":"category","embeddable":true,"href":"https:\/\/www.europesays.com\/fr\/wp-json\/wp\/v2\/categories?post=582471"},{"taxonomy":"post_tag","embeddable":true,"href":"https:\/\/www.europesays.com\/fr\/wp-json\/wp\/v2\/tags?post=582471"}],"curies":[{"name":"wp","href":"https:\/\/api.w.org\/{rel}","templated":true}]}}