{"id":582472,"date":"2025-12-06T16:34:12","date_gmt":"2025-12-06T16:34:12","guid":{"rendered":"https:\/\/www.europesays.com\/fr\/582472\/"},"modified":"2025-12-06T16:34:12","modified_gmt":"2025-12-06T16:34:12","slug":"une-enquete-ouverte-pour-des-violences-commises-par-un-policier-hors-service-ivre-dans-un-bar","status":"publish","type":"post","link":"https:\/\/www.europesays.com\/fr\/582472\/","title":{"rendered":"Une enqu\u00eate ouverte pour des \u00ab\u00a0violences\u00a0\u00bb commises par un policier hors service, ivre dans un bar"},"content":{"rendered":"<p>Une enqu\u00eate a \u00e9t\u00e9 ouverte pour \u00ab\u00a0violences commises en \u00e9tat d\u2019ivresse manifeste\u00a0\u00bb par <a href=\"https:\/\/www.20minutes.fr\/dossier\/policier\" class=\"c-link c-link--is-underlined\" target=\"_blank\" rel=\"noopener\">un policier<\/a>, hors service, suspect\u00e9 d\u2019avoir bouscul\u00e9 une femme dans un bar parisien lors d\u2019une altercation, a indiqu\u00e9, ce samedi, <a href=\"https:\/\/www.20minutes.fr\/dossier\/parquet_de_paris\" class=\"c-link c-link--is-underlined\" target=\"_blank\" rel=\"noopener\">le parquet de Paris<\/a>, confirmant <a href=\"https:\/\/www.leparisien.fr\/faits-divers\/un-commissaire-de-police-place-en-garde-a-vue-pour-une-altercation-dans-un-bar-parisien-06-12-2025-UDPDIQ3SVZEV5EXUQWWO4S4AWI.php\" target=\"_blank\" class=\"c-link c-link--is-underlined\" rel=\"noopener\">une information du Parisien<\/a>.<\/p>\n<p>Les faits se seraient d\u00e9roul\u00e9s dans un bar du 6e\u00a0arrondissement de <a href=\"https:\/\/www.20minutes.fr\/paris\/\" class=\"c-link c-link--is-underlined\" target=\"_blank\" rel=\"noopener\">la Capitale<\/a>, dans la nuit de vendredi \u00e0 samedi. Le policier, qui s\u2019est pr\u00e9sent\u00e9 de lui-m\u00eame dans un commissariat apr\u00e8s les faits, a \u00e9t\u00e9 plac\u00e9 en garde \u00e0 vue, selon Le Parisien, qui fait \u00e9tat \u00ab\u00a0d\u2019une altercation entre le policier et une cliente\u00a0\u00bb, tous les deux \u00ab\u00a0manifestement alcoolis\u00e9s\u00a0\u00bb.<\/p>\n<p>\u00ab\u00a0Aucune notion d\u2019exhibition d\u2019une arme\u00a0\u00bb<\/p>\n<p>Le fonctionnaire, qui serait commissaire en Bretagne, aurait notamment \u00ab\u00a0violemment pouss\u00e9 au sol\u00a0\u00bb la femme, dont la t\u00eate aurait heurt\u00e9 le sol, toujours d\u2019apr\u00e8s les informations livr\u00e9es par le quotidien.<\/p>\n<p>\u00ab\u00a0S\u2019il appara\u00eet que le mis en cause \u00e9tait en effet en \u00e9tat d\u2019ivresse au moment des faits, il n\u2019y a, \u00e0 ce stade des investigations, aucune notion d\u2019exhibition d\u2019une arme\u00a0\u00bb, pr\u00e9cise, de son c\u00f4t\u00e9, le minist\u00e8re public. Le parquet a ajout\u00e9 que les investigations se poursuivaient, \u00ab\u00a0notamment aux fins de d\u00e9termination de l\u2019incapacit\u00e9 totale de travail de la victime\u00a0\u00bb.<\/p>\n","protected":false},"excerpt":{"rendered":"Une enqu\u00eate a \u00e9t\u00e9 ouverte pour \u00ab\u00a0violences commises en \u00e9tat d\u2019ivresse manifeste\u00a0\u00bb par un policier, hors service, suspect\u00e9&hellip;\n","protected":false},"author":2,"featured_media":582473,"comment_status":"","ping_status":"","sticky":false,"template":"","format":"standard","meta":{"footnotes":""},"categories":[1888],"tags":[1111,1928,47,11,1927,1777,674,118,1011,27,662,5553,12,1926,626,1925,10857,10910,25,809],"class_list":{"0":"post-582472","1":"post","2":"type-post","3":"status-publish","4":"format-standard","5":"has-post-thumbnail","7":"category-paris","8":"tag-actu","9":"tag-actu-paris","10":"tag-actualite","11":"tag-actualites","12":"tag-actualites-paris","13":"tag-eu","14":"tag-europe","15":"tag-faits-divers","16":"tag-fr","17":"tag-france","18":"tag-ile-de-france","19":"tag-le-parisien","20":"tag-news","21":"tag-news-paris","22":"tag-paris","23":"tag-paris-news","24":"tag-parquet-de-paris","25":"tag-policier","26":"tag-republique-francaise","27":"tag-violence"},"share_on_mastodon":{"url":"https:\/\/pubeurope.com\/@fr\/115673593665058668","error":""},"_links":{"self":[{"href":"https:\/\/www.europesays.com\/fr\/wp-json\/wp\/v2\/posts\/582472","targetHints":{"allow":["GET"]}}],"collection":[{"href":"https:\/\/www.europesays.com\/fr\/wp-json\/wp\/v2\/posts"}],"about":[{"href":"https:\/\/www.europesays.com\/fr\/wp-json\/wp\/v2\/types\/post"}],"author":[{"embeddable":true,"href":"https:\/\/www.europesays.com\/fr\/wp-json\/wp\/v2\/users\/2"}],"replies":[{"embeddable":true,"href":"https:\/\/www.europesays.com\/fr\/wp-json\/wp\/v2\/comments?post=582472"}],"version-history":[{"count":0,"href":"https:\/\/www.europesays.com\/fr\/wp-json\/wp\/v2\/posts\/582472\/revisions"}],"wp:featuredmedia":[{"embeddable":true,"href":"https:\/\/www.europesays.com\/fr\/wp-json\/wp\/v2\/media\/582473"}],"wp:attachment":[{"href":"https:\/\/www.europesays.com\/fr\/wp-json\/wp\/v2\/media?parent=582472"}],"wp:term":[{"taxonomy":"category","embeddable":true,"href":"https:\/\/www.europesays.com\/fr\/wp-json\/wp\/v2\/categories?post=582472"},{"taxonomy":"post_tag","embeddable":true,"href":"https:\/\/www.europesays.com\/fr\/wp-json\/wp\/v2\/tags?post=582472"}],"curies":[{"name":"wp","href":"https:\/\/api.w.org\/{rel}","templated":true}]}}