{"id":582484,"date":"2025-12-06T16:40:14","date_gmt":"2025-12-06T16:40:14","guid":{"rendered":"https:\/\/www.europesays.com\/fr\/582484\/"},"modified":"2025-12-06T16:40:14","modified_gmt":"2025-12-06T16:40:14","slug":"royaume-uni-la-tour-de-londres-attaquee-au-crumble-et-a-la-creme-anglaise-quatre-arrestations","status":"publish","type":"post","link":"https:\/\/www.europesays.com\/fr\/582484\/","title":{"rendered":"Royaume-Uni: la Tour de Londres \u00abattaqu\u00e9e\u00bb au crumble et \u00e0 la cr\u00e8me anglaise, quatre arrestations"},"content":{"rendered":"<p class=\"mb-4 text-lg md:leading-8 break-words\">Quatre visiteurs habill\u00e9s de noir ont lanc\u00e9 une bo\u00eete de cr\u00e8me anglaise et un crumble sur la Couronne imp\u00e9riale, le plus symbolique des joyaux de la Tour de Londres, rapporte notre correspondante dans la capitale du <strong><a href=\"https:\/\/www.rfi.fr\/fr\/tag\/royaume-uni\/\" rel=\"nofollow noopener\" target=\"_blank\" data-ylk=\"slk:Royaume-Uni;elm:context_link;itc:0;sec:content-canvas\" class=\"link \">Royaume-Uni<\/a><\/strong>, <strong>\u00c9meline Vin<\/strong>. Un acte symbolique et en forme de clin d&rsquo;\u0153il, car en anglais, \u00ab crumble \u00bb d\u00e9signe le g\u00e2teau d&rsquo;origine britannique, mais le verbe \u00ab to crumble \u00bb veut aussi dire \u00ab s&rsquo;effriter \u00bb.<\/p>\n<p class=\"mb-4 text-lg md:leading-8 break-words\">Alors que des vigiles appelaient la s\u00e9curit\u00e9 face \u00e0 ces d\u00e9bordements, deux jeunes personnes ont cri\u00e9. Une femme a tonn\u00e9 : \u00ab La d\u00e9mocratie s&rsquo;est effrit\u00e9e. Des personnes sans-abri meurent dans la rue, c&rsquo;est la p\u00e9riode la plus dangereuse de l&rsquo;ann\u00e9e pour eux. Et pendant ce temps, les riches amassent de l\u2019argent. C\u2019est \u00e9c\u0153urant. \u00bb A c\u00f4t\u00e9 d&rsquo;elle, un homme a rench\u00e9ri : \u00ab Notre pays ne fonctionne plus. Nous venons aujourd\u2019hui devant les joyaux de la Nation pour reprendre le pouvoir. Rejoignez-nous \u00e0 Take Back Power. \u00bb<\/p>\n<p class=\"mb-4 text-lg md:leading-8 break-words\">Take Back Power est un tout nouveau groupe de d\u00e9sob\u00e9issance civile, lanc\u00e9 cette semaine. Ses membres r\u00e9clament l\u2019\u00e9tablissement d\u2019une assembl\u00e9e citoyenne et la taxation des plus fortun\u00e9s. Mercredi 3 d\u00e9cembre, quelques-uns d&rsquo;entre eux avaient d\u00e9pos\u00e9 des kilos de crottin devant le sapin de No\u00ebl du Ritz, un palace du centre londonien, pour d\u00e9noncer les in\u00e9galit\u00e9s.<\/p>\n<p class=\"mb-4 text-lg md:leading-8 break-words\">Les quatre personnes interpell\u00e9es ce 6 d\u00e9cembre pourraient \u00eatre poursuivies pour d\u00e9g\u00e2ts criminels et risquent l\u2019incarc\u00e9ration. L\u2019ann\u00e9e derni\u00e8re, deux \u00e9co-activistes ont \u00e9t\u00e9 condamn\u00e9es \u00e0 20 et 24 mois de prison pour avoir <strong><a href=\"https:\/\/www.rfi.fr\/fr\/europe\/20221015-les-militantes-\u00e9cologistes-qui-ont-asperg\u00e9-les-tournesols-de-van-gogh-devant-la-justice\" rel=\"nofollow noopener\" target=\"_blank\" data-ylk=\"slk:jet\u00e9 de la soupe de tomate sur le tableau \u00ab Les Tournesols \u00bb de Vincent van Gogh;elm:context_link;itc:0;sec:content-canvas\" class=\"link \">jet\u00e9 de la soupe de tomate sur le tableau \u00ab Les Tournesols \u00bb de Vincent van Gogh<\/a><\/strong>.<\/p>\n","protected":false},"excerpt":{"rendered":"Quatre visiteurs habill\u00e9s de noir ont lanc\u00e9 une bo\u00eete de cr\u00e8me anglaise et un crumble sur la Couronne&hellip;\n","protected":false},"author":2,"featured_media":582485,"comment_status":"","ping_status":"","sticky":false,"template":"","format":"standard","meta":{"footnotes":""},"categories":[1588],"tags":[11,69616,69617,1777,674,58586,12,473,1853,1851,1850,1852],"class_list":{"0":"post-582484","1":"post","2":"type-post","3":"status-publish","4":"format-standard","5":"has-post-thumbnail","7":"category-royaume-uni","8":"tag-actualites","9":"tag-creme-anglaise","10":"tag-crumble","11":"tag-eu","12":"tag-europe","13":"tag-la-couronne","14":"tag-news","15":"tag-royaume-uni","16":"tag-royaume-uni-de-grande-bretagne-et-dirlande-du-nord","17":"tag-uk","18":"tag-united-kingdom","19":"tag-united-kingdom-of-great-britain-and-northern-ireland"},"share_on_mastodon":{"url":"https:\/\/pubeurope.com\/@fr\/115673617189626979","error":""},"_links":{"self":[{"href":"https:\/\/www.europesays.com\/fr\/wp-json\/wp\/v2\/posts\/582484","targetHints":{"allow":["GET"]}}],"collection":[{"href":"https:\/\/www.europesays.com\/fr\/wp-json\/wp\/v2\/posts"}],"about":[{"href":"https:\/\/www.europesays.com\/fr\/wp-json\/wp\/v2\/types\/post"}],"author":[{"embeddable":true,"href":"https:\/\/www.europesays.com\/fr\/wp-json\/wp\/v2\/users\/2"}],"replies":[{"embeddable":true,"href":"https:\/\/www.europesays.com\/fr\/wp-json\/wp\/v2\/comments?post=582484"}],"version-history":[{"count":0,"href":"https:\/\/www.europesays.com\/fr\/wp-json\/wp\/v2\/posts\/582484\/revisions"}],"wp:featuredmedia":[{"embeddable":true,"href":"https:\/\/www.europesays.com\/fr\/wp-json\/wp\/v2\/media\/582485"}],"wp:attachment":[{"href":"https:\/\/www.europesays.com\/fr\/wp-json\/wp\/v2\/media?parent=582484"}],"wp:term":[{"taxonomy":"category","embeddable":true,"href":"https:\/\/www.europesays.com\/fr\/wp-json\/wp\/v2\/categories?post=582484"},{"taxonomy":"post_tag","embeddable":true,"href":"https:\/\/www.europesays.com\/fr\/wp-json\/wp\/v2\/tags?post=582484"}],"curies":[{"name":"wp","href":"https:\/\/api.w.org\/{rel}","templated":true}]}}