{"id":582490,"date":"2025-12-06T16:43:19","date_gmt":"2025-12-06T16:43:19","guid":{"rendered":"https:\/\/www.europesays.com\/fr\/582490\/"},"modified":"2025-12-06T16:43:19","modified_gmt":"2025-12-06T16:43:19","slug":"football-lequipe-de-france-a-t-elle-eu-un-tirage-favorable-pour-la-phase-de-poules-de-la-coupe-du-monde-2026","status":"publish","type":"post","link":"https:\/\/www.europesays.com\/fr\/582490\/","title":{"rendered":"Football. L&rsquo;\u00e9quipe de France a-t-elle eu un tirage favorable pour la phase de poules de la Coupe du monde 2026 ?"},"content":{"rendered":"<p>Le tirage au sort de la Coupe du monde 2026 de football a \u00e9t\u00e9 effectu\u00e9 ce vendredi 5 d\u00e9cembre. L&rsquo;\u00e9quipe de France affrontera le S\u00e9n\u00e9gal, la Norv\u00e8ge ainsi qu&rsquo;un barragiste (Bolivie, Irak ou Suriname). Que pensez-vous de ce tirage ?<\/p>\n<p>&#13;<br \/>\n              Le Dauphin\u00e9 Lib\u00e9r\u00e9  &#8211; &#13;<br \/>\n        &#13;<br \/>\n          Aujourd&rsquo;hui \u00e0 12:43&#13;<br \/>\n    &#13;<br \/>\n                  | mis \u00e0 jour aujourd&rsquo;hui \u00e0 12:43&#13;<br \/>\n              &#8211; Temps de lecture : &#13;<br \/>\n  &#13;<\/p>\n","protected":false},"excerpt":{"rendered":"Le tirage au sort de la Coupe du monde 2026 de football a \u00e9t\u00e9 effectu\u00e9 ce vendredi 5&hellip;\n","protected":false},"author":2,"featured_media":582491,"comment_status":"","ping_status":"","sticky":false,"template":"","format":"standard","meta":{"footnotes":""},"categories":[1586],"tags":[11,24277,53615,1777,674,1779,1701,63,1011,27,329,12,25,517,1947,1778,364,55321],"class_list":{"0":"post-582490","1":"post","2":"type-post","3":"status-publish","4":"format-standard","5":"has-post-thumbnail","7":"category-europe","8":"tag-actualites","9":"tag-coupe-du-monde-de-football","10":"tag-equipe-de-france-masculine-de-football","11":"tag-eu","12":"tag-europe","13":"tag-european-union","14":"tag-fil-info-sport","15":"tag-football","16":"tag-fr","17":"tag-france","18":"tag-france-monde","19":"tag-news","20":"tag-republique-francaise","21":"tag-sport","22":"tag-sport-national","23":"tag-ue","24":"tag-union-europeenne","25":"tag-vote-sport"},"share_on_mastodon":{"url":"https:\/\/pubeurope.com\/@fr\/115673629032833918","error":""},"_links":{"self":[{"href":"https:\/\/www.europesays.com\/fr\/wp-json\/wp\/v2\/posts\/582490","targetHints":{"allow":["GET"]}}],"collection":[{"href":"https:\/\/www.europesays.com\/fr\/wp-json\/wp\/v2\/posts"}],"about":[{"href":"https:\/\/www.europesays.com\/fr\/wp-json\/wp\/v2\/types\/post"}],"author":[{"embeddable":true,"href":"https:\/\/www.europesays.com\/fr\/wp-json\/wp\/v2\/users\/2"}],"replies":[{"embeddable":true,"href":"https:\/\/www.europesays.com\/fr\/wp-json\/wp\/v2\/comments?post=582490"}],"version-history":[{"count":0,"href":"https:\/\/www.europesays.com\/fr\/wp-json\/wp\/v2\/posts\/582490\/revisions"}],"wp:featuredmedia":[{"embeddable":true,"href":"https:\/\/www.europesays.com\/fr\/wp-json\/wp\/v2\/media\/582491"}],"wp:attachment":[{"href":"https:\/\/www.europesays.com\/fr\/wp-json\/wp\/v2\/media?parent=582490"}],"wp:term":[{"taxonomy":"category","embeddable":true,"href":"https:\/\/www.europesays.com\/fr\/wp-json\/wp\/v2\/categories?post=582490"},{"taxonomy":"post_tag","embeddable":true,"href":"https:\/\/www.europesays.com\/fr\/wp-json\/wp\/v2\/tags?post=582490"}],"curies":[{"name":"wp","href":"https:\/\/api.w.org\/{rel}","templated":true}]}}