{"id":582496,"date":"2025-12-06T16:46:12","date_gmt":"2025-12-06T16:46:12","guid":{"rendered":"https:\/\/www.europesays.com\/fr\/582496\/"},"modified":"2025-12-06T16:46:12","modified_gmt":"2025-12-06T16:46:12","slug":"deux-cas-de-coronavirus-mers-detectes-en-france-on-en-sait-plus-sur-les-deux-personnes-contaminees","status":"publish","type":"post","link":"https:\/\/www.europesays.com\/fr\/582496\/","title":{"rendered":"Deux cas de coronavirus MERS d\u00e9tect\u00e9s en France\u00a0: on en sait plus sur les deux personnes contamin\u00e9es"},"content":{"rendered":"<p>\n                                                                Deux cas de coronavirus MERS (MERS-CoV) ont \u00e9t\u00e9 confirm\u00e9s en France, les premiers depuis 2013. Les patients, r\u00e9cemment rentr\u00e9s d\u2019un voyage \u00e0 Oman, ont \u00e9t\u00e9 diagnostiqu\u00e9s \u00e0 Lyon et Poitiers.\n                            <\/p>\n<p>Deux cas de coronavirus MERS ont \u00e9t\u00e9 d\u00e9tect\u00e9s en France, une premi\u00e8re depuis 2013, r\u00e9v\u00e8le<a href=\"https:\/\/www.francebleu.fr\/infos\/sante-sciences\/un-cas-de-coronavirus-mers-detecte-a-poitiers-2185721\" target=\"_self\" rel=\"noopener\"> ICI Poitou.<\/a><\/p>\n<p>Deux cas de coronavirus MERS confirm\u00e9s en France<\/p>\n<p>L\u2019un des deux cas fran\u00e7ais r\u00e9cents de MERS-CoV a \u00e9t\u00e9 d\u00e9cel\u00e9 \u00e0 Poitiers (Vienne). Le patient, qui r\u00e9side dans la r\u00e9gion, a ensuite \u00e9t\u00e9 orient\u00e9 vers le CHU de Bordeaux afin de b\u00e9n\u00e9ficier d\u2019un suivi sp\u00e9cialis\u00e9. Son \u00e9tat reste stable, selon un communiqu\u00e9 du ministre de la Sant\u00e9 consult\u00e9 par <a href=\"https:\/\/www.francebleu.fr\/infos\/sante-sciences\/un-cas-de-coronavirus-mers-detecte-a-poitiers-2185721\" target=\"_self\" rel=\"noopener\">ICI<\/a>.<\/p>\n<p>Le premier cas avait \u00e9t\u00e9 confirm\u00e9 \u00e0 Lyon. Conform\u00e9ment au protocole sanitaire, les proches de ce patient ont \u00e9t\u00e9 test\u00e9s. C\u2019est au cours de ce d\u00e9pistage qu\u2019une seconde personne, ne pr\u00e9sentant pas de sympt\u00f4mes, a \u00e9t\u00e9 diagnostiqu\u00e9e positive \u00e0 Poitiers.<\/p>\n<p><a href=\"https:\/\/www.midilibre.fr\/2025\/12\/04\/cest-un-cousin-plus-mortel-du-covid-19-deux-cas-de-coronavirus-mers-identifies-en-france-13090093.php\" target=\"_self\" rel=\"noopener\">Les deux personnes avaient voyag\u00e9 \u00e0 Oman avec un groupe de 35 touristes <\/a>et auraient consomm\u00e9 de la viande de dromadaire, piste privil\u00e9gi\u00e9e pour expliquer la contamination. Les autres membres du groupe ainsi que l\u2019entourage des patients font l\u2019objet d\u2019une surveillance \u00e9troite.\u00a0\u00c0 ce stade, aucune transmission secondaire n\u2019a \u00e9t\u00e9 d\u00e9tect\u00e9e en France.<\/p>\n<p>Plus mortel que le Covid-19<\/p>\n<p>Apparu en 2012 en Arabie saoudite, le MERS-CoV\u00a0est un coronavirus <a href=\"https:\/\/www.midilibre.fr\/2022\/11\/14\/virus-du-chameau-present-au-qatar-ce-coronavirus-dangereux-est-il-une-menace-pendant-la-coupe-du-monde-10801549.php\" target=\"_self\" rel=\"noopener\">pr\u00e9sent principalement chez les dromadaires <\/a>et les chauves-souris. Il se transmet surtout de l\u2019animal \u00e0 l\u2019homme et beaucoup plus rarement entre humains, sauf en cas de contact rapproch\u00e9. S\u2019il est nettement moins contagieux que le Covid-19, il se r\u00e9v\u00e8le plus mortel, entra\u00eenant environ 30\u00a0% de d\u00e9c\u00e8s selon l\u2019Institut Pasteur.<\/p>\n<p>Les sympt\u00f4mes sont proches de ceux des autres infections respiratoires virales\u00a0: fi\u00e8vre, toux, difficult\u00e9s respiratoires, parfois troubles digestifs, selon le site <a href=\"https:\/\/www.vidal.fr\/actualites\/37194-deux-cas-de-coronavirus-mers-de-retour-de-l-etranger-identifies-en-france-selon-le-ministere-de-la-sante.html\" target=\"_self\" rel=\"noopener\">Vidal. <\/a>L\u2019incubation varie de cinq \u00e0 quinze jours. Les autorit\u00e9s sanitaires recommandent aux personnes revenant de la p\u00e9ninsule Arabique et pr\u00e9sentant ces signes de consulter rapidement.<\/p>\n","protected":false},"excerpt":{"rendered":"Deux cas de coronavirus MERS (MERS-CoV) ont \u00e9t\u00e9 confirm\u00e9s en France, les premiers depuis 2013. Les patients, r\u00e9cemment&hellip;\n","protected":false},"author":2,"featured_media":582497,"comment_status":"","ping_status":"","sticky":false,"template":"","format":"standard","meta":{"footnotes":""},"categories":[4],"tags":[11,4356,1011,27,12,25,8755],"class_list":{"0":"post-582496","1":"post","2":"type-post","3":"status-publish","4":"format-standard","5":"has-post-thumbnail","7":"category-france","8":"tag-actualites","9":"tag-coronavirus","10":"tag-fr","11":"tag-france","12":"tag-news","13":"tag-republique-francaise","14":"tag-santu00e9"},"share_on_mastodon":{"url":"https:\/\/pubeurope.com\/@fr\/115673640801509197","error":""},"_links":{"self":[{"href":"https:\/\/www.europesays.com\/fr\/wp-json\/wp\/v2\/posts\/582496","targetHints":{"allow":["GET"]}}],"collection":[{"href":"https:\/\/www.europesays.com\/fr\/wp-json\/wp\/v2\/posts"}],"about":[{"href":"https:\/\/www.europesays.com\/fr\/wp-json\/wp\/v2\/types\/post"}],"author":[{"embeddable":true,"href":"https:\/\/www.europesays.com\/fr\/wp-json\/wp\/v2\/users\/2"}],"replies":[{"embeddable":true,"href":"https:\/\/www.europesays.com\/fr\/wp-json\/wp\/v2\/comments?post=582496"}],"version-history":[{"count":0,"href":"https:\/\/www.europesays.com\/fr\/wp-json\/wp\/v2\/posts\/582496\/revisions"}],"wp:featuredmedia":[{"embeddable":true,"href":"https:\/\/www.europesays.com\/fr\/wp-json\/wp\/v2\/media\/582497"}],"wp:attachment":[{"href":"https:\/\/www.europesays.com\/fr\/wp-json\/wp\/v2\/media?parent=582496"}],"wp:term":[{"taxonomy":"category","embeddable":true,"href":"https:\/\/www.europesays.com\/fr\/wp-json\/wp\/v2\/categories?post=582496"},{"taxonomy":"post_tag","embeddable":true,"href":"https:\/\/www.europesays.com\/fr\/wp-json\/wp\/v2\/tags?post=582496"}],"curies":[{"name":"wp","href":"https:\/\/api.w.org\/{rel}","templated":true}]}}