{"id":582504,"date":"2025-12-06T16:54:11","date_gmt":"2025-12-06T16:54:11","guid":{"rendered":"https:\/\/www.europesays.com\/fr\/582504\/"},"modified":"2025-12-06T16:54:11","modified_gmt":"2025-12-06T16:54:11","slug":"emilien-vandermeesch-change-de-club-actualite","status":"publish","type":"post","link":"https:\/\/www.europesays.com\/fr\/582504\/","title":{"rendered":"Emilien Vandermeesch change de club &#8211; Actualit\u00e9"},"content":{"rendered":"<p style=\"text-align: justify;\">Apr\u00e8s deux saisons,\u00a0<strong><a href=\"https:\/\/www.directvelo.com\/coureur\/15017\/emilien-vandermeersch\" target=\"_blank\" rel=\"noopener\">Emilien Vandermeesch<\/a><\/strong> va quitter le Team Lockimmo.com. Le coureur de bient\u00f4t 27 ans s\u2019est engag\u00e9 pour 2026 avec le Team Allcycles Meaux, qui postule \u00e0 la N3.<\/p>\n<p style=\"text-align: justify;\">Emilien Vandermeesch a remport\u00e9 cette ann\u00e9e le Caux Tour. Il s\u2019est aussi class\u00e9 2e du Grand Prix de Brebi\u00e8res, 3e du Challenge Mayennais \u00e0 Monts\u00fbrs et d\u2019une \u00e9tape du Tour de la Manche, 4e du Grand Prix de Villech\u00e9tif, 7e de la Gislard et du Prix de Serches, 8e du Grand Prix Souvenir Ren\u00e9 Huel \u00e0 Saint-Quentin, 12e du Grand Prix de Buxerolles ou encore 17e du Championnat de France Amateurs.<\/p>\n<p>En Coupe de France N1, il a termin\u00e9 7e du Grand Prix de Cours-la-Ville et 15e du Troph\u00e9e Souvenir Roger Walkowiak.<\/p>\n<p>Retrouvez toutes les mutations du peloton amateur\u00a0<strong><a href=\"https:\/\/www.directvelo.com\/mutations\/2026\" target=\"_blank\" rel=\"noopener\">en cliquant ici<\/a><\/strong>.<\/p>\n","protected":false},"excerpt":{"rendered":"Apr\u00e8s deux saisons,\u00a0Emilien Vandermeesch va quitter le Team Lockimmo.com. Le coureur de bient\u00f4t 27 ans s\u2019est engag\u00e9 pour&hellip;\n","protected":false},"author":2,"featured_media":582505,"comment_status":"","ping_status":"","sticky":false,"template":"","format":"standard","meta":{"footnotes":""},"categories":[1411],"tags":[834,828,836,829,837,827,83,826,824,823,1154,207,814,817,815,816,822,821,832,211,839,1011,27,820,818,819,835,831,830,833,838,60,212,208,825],"class_list":{"0":"post-582504","1":"post","2":"type-post","3":"status-publish","4":"format-standard","5":"has-post-thumbnail","7":"category-cyclisme","8":"tag-attaque","9":"tag-belgique","10":"tag-braquet","11":"tag-bretagne","12":"tag-chute","13":"tag-competition","14":"tag-coupe-de-france","15":"tag-coureur","16":"tag-course-cyclisme","17":"tag-course-cycliste","18":"tag-cycling","19":"tag-cyclisme","20":"tag-direct","21":"tag-direct-velo","22":"tag-directvelo","23":"tag-directvelo-com","24":"tag-epreuve","25":"tag-epreuve-cycliste","26":"tag-federation-francaise-de-cyclisme","27":"tag-ffc","28":"tag-flandres","29":"tag-fr","30":"tag-france","31":"tag-live","32":"tag-live-course","33":"tag-live-epreuve","34":"tag-peloton","35":"tag-radio-peloton","36":"tag-radio-tour","37":"tag-ravitaillement","38":"tag-relance","39":"tag-sports","40":"tag-uci","41":"tag-velo","42":"tag-velos"},"share_on_mastodon":{"url":"https:\/\/pubeurope.com\/@fr\/115673672188368676","error":""},"_links":{"self":[{"href":"https:\/\/www.europesays.com\/fr\/wp-json\/wp\/v2\/posts\/582504","targetHints":{"allow":["GET"]}}],"collection":[{"href":"https:\/\/www.europesays.com\/fr\/wp-json\/wp\/v2\/posts"}],"about":[{"href":"https:\/\/www.europesays.com\/fr\/wp-json\/wp\/v2\/types\/post"}],"author":[{"embeddable":true,"href":"https:\/\/www.europesays.com\/fr\/wp-json\/wp\/v2\/users\/2"}],"replies":[{"embeddable":true,"href":"https:\/\/www.europesays.com\/fr\/wp-json\/wp\/v2\/comments?post=582504"}],"version-history":[{"count":0,"href":"https:\/\/www.europesays.com\/fr\/wp-json\/wp\/v2\/posts\/582504\/revisions"}],"wp:featuredmedia":[{"embeddable":true,"href":"https:\/\/www.europesays.com\/fr\/wp-json\/wp\/v2\/media\/582505"}],"wp:attachment":[{"href":"https:\/\/www.europesays.com\/fr\/wp-json\/wp\/v2\/media?parent=582504"}],"wp:term":[{"taxonomy":"category","embeddable":true,"href":"https:\/\/www.europesays.com\/fr\/wp-json\/wp\/v2\/categories?post=582504"},{"taxonomy":"post_tag","embeddable":true,"href":"https:\/\/www.europesays.com\/fr\/wp-json\/wp\/v2\/tags?post=582504"}],"curies":[{"name":"wp","href":"https:\/\/api.w.org\/{rel}","templated":true}]}}