{"id":582508,"date":"2025-12-06T16:56:10","date_gmt":"2025-12-06T16:56:10","guid":{"rendered":"https:\/\/www.europesays.com\/fr\/582508\/"},"modified":"2025-12-06T16:56:10","modified_gmt":"2025-12-06T16:56:10","slug":"laura-smet-david-et-laeticia-hallyday-enfin-reconcilies-et-ce-celebre-acteur-ny-est-pas-pour-rien","status":"publish","type":"post","link":"https:\/\/www.europesays.com\/fr\/582508\/","title":{"rendered":"Laura Smet, David et Laeticia Hallyday enfin r\u00e9concili\u00e9s\u2026 et ce c\u00e9l\u00e8bre acteur n\u2019y est pas pour rien !"},"content":{"rendered":"<p data-start=\"225\" data-end=\"543\">Vendredi 5 d\u00e9cembre a marqu\u00e9<br \/>\n<a href=\"https:\/\/www.closermag.fr\/people\/johnny-hallyday-huit-ans-apres-sa-mort-une-chanson-inedite-devoilee-3602696\" target=\"_blank\" rel=\"noopener\"><br \/>\nl\u2019anniversaire de la mort de Johnny Hallyday,<\/a> qui est d\u00e9c\u00e9d\u00e9<br \/>\ndans la nuit du 5 au 6 d\u00e9cembre 2017, des suites d\u2019un cancer des<br \/>\npoumons. Si sa mort a attrist\u00e9 des millions de fans, elle a aussi<br \/>\nd\u00e9chir\u00e9 sa famille, puisqu\u2019une fracture s\u2019est cr\u00e9\u00e9e entre Laura<br \/>\nSmet, David et Laeticia Hallyday.<\/p>\n<p data-start=\"545\" data-end=\"1144\">Quelques mois apr\u00e8s la<br \/>\ndisparition du Taulier, ses deux a\u00een\u00e9s ont contest\u00e9 le testament de<br \/>\nleur p\u00e8re, estimant qu\u2019ils avaient \u00e9t\u00e9 exclus injustement de<br \/>\nl\u2019h\u00e9ritage. <a href=\"https:\/\/www.closermag.fr\/people\/johnny-hallyday-sa-fille-laura-smet-traumatisee-un-requin-3602561\" target=\"_blank\" rel=\"noopener\"><br \/>\nLa fille de Nathalie Baye<\/a> avait aussi accus\u00e9 sa belle-m\u00e8re de<br \/>\nl\u2019avoir emp\u00each\u00e9e, elle et son fr\u00e8re David, de faire leurs derniers<br \/>\nadieux \u00e0 leur p\u00e8re. De son c\u00f4t\u00e9, Laeticia assure avoir tent\u00e9<br \/>\nd\u2019apaiser les tensions en invitant Laura et David \u00e0 des rencontres<br \/>\nfamiliales, mais dit que ces invitations sont rest\u00e9es sans r\u00e9ponse.<br \/>\nCependant, <strong>huit ans apr\u00e8s sa mort<\/strong>, les tensions<br \/>\nsemblent avoir \u00e9t\u00e9 mises de c\u00f4t\u00e9, pour un \u00e9v\u00e9nement important.<\/p>\n<p><strong data-start=\"1146\" data-end=\"1189\">La famille Hallyday enfin r\u00e9concili\u00e9e<br \/>\n?<\/strong><\/p>\n<p data-start=\"1191\" data-end=\"1633\">Il y a quelques mois, on<br \/>\napprenait qu\u2019un biopic sur Johnny Hallyday \u00e9tait en pr\u00e9paration,<br \/>\nr\u00e9alis\u00e9 par C\u00e9dric Jimenez, \u00e0 qui l\u2019on doit Bac Nord, Novembre ou encore Chien 51. Pour son nouveau long-m\u00e9trage, il a choisi de<br \/>\ndonner <a href=\"https:\/\/www.closermag.fr\/people\/raphael-quenard-en-deuil-emu-il-annonce-la-mort-tragique-dune-des-femmes-de-sa-vie-en-direct-3602994\" target=\"_blank\" rel=\"noopener\"><br \/>\nle r\u00f4le principal \u00e0 Rapha\u00ebl Quenard,<\/a> dont la carri\u00e8re conna\u00eet<br \/>\nune ascension fulgurante depuis la sortie de Chien de la Casse. Le film sortira en 2027,<br \/>\nune ann\u00e9e qui marquera les dix ans de la mort du Taulier.<\/p>\n<p data-start=\"1635\" data-end=\"2067\">C\u2019est pour en parler qu\u2019il<br \/>\n\u00e9tait invit\u00e9 sur le plateau de C \u00e0 Vous le vendredi 5 d\u00e9cembre 2025. Et comme l\u2019a<br \/>\nexpliqu\u00e9 Mohamed Bouhafsi, sa sortie s\u2019annonce de bonne augure :<br \/>\n\u201cIl y a d\u00e9j\u00e0 <strong>une tr\u00e8s<br \/>\nbonne nouvelle autour de ce projet<\/strong> (&#8230;) c&rsquo;est que ce film<br \/>\nest valid\u00e9 par Laura Smet, David Hallyday. Il est co-produit, je le<br \/>\ndisais, avec Laeticia Hallyday, pourtant en guerre. C&rsquo;est un projet<br \/>\nqui r\u00e9unit la famille\u201d, affirme-t-il.<\/p>\n<p><strong data-start=\"2069\" data-end=\"2131\">Rapha\u00ebl Quenard va jouer<br \/>\ndans le biopic de Johnny Hallyday<\/strong><\/p>\n<p data-start=\"2133\" data-end=\"2483\">Aussi surprenant que cela<br \/>\npuisse para\u00eetre, la famille Hallyday se retrouve donc en accord sur<br \/>\nce projet. Des propos confirm\u00e9s par Rapha\u00ebl Quenard :<br \/>\n\u201cC&rsquo;est un projet<br \/>\nr\u00e9conciliateur, bah oui. <strong>Il a la b\u00e9n\u00e9diction des uns et des<br \/>\nautres<\/strong> qui s&rsquo;entendent sur l&rsquo;artistique et ce que C\u00e9dric<br \/>\nveut d\u00e9fendre avec Hugo et moi, c&rsquo;est quand m\u00eame une<br \/>\nb\u00e9n\u00e9diction.\u201d<\/p>\n<p data-start=\"2485\" data-end=\"2954\">L\u2019acteur a travaill\u00e9 dur pour<br \/>\nce r\u00f4le et s\u2019est pr\u00e9par\u00e9 pendant de nombreux mois, pour que son<br \/>\ninterpr\u00e9tation soit la plus fid\u00e8le \u00e0 la r\u00e9alit\u00e9. D\u2019ailleurs, comme<br \/>\non peut le lire dans Allocin\u00e9, C\u00e9dric Jimenez a fait la r\u00e9v\u00e9lation<br \/>\nsuivante : \u201cIl va chanter sur<br \/>\nle plateau. Je ne peux pas tout vous dire (Rires.) Mais en tout cas<br \/>\nil chantera, c\u2019est certain. Il faudra trouver des astuces, parce<br \/>\nque si tout le monde pouvait chanter comme Johnny Hallyday, \u00e7a se<br \/>\nsaurait !\u201d<\/p>\n","protected":false},"excerpt":{"rendered":"Vendredi 5 d\u00e9cembre a marqu\u00e9 l\u2019anniversaire de la mort de Johnny Hallyday, qui est d\u00e9c\u00e9d\u00e9 dans la nuit&hellip;\n","protected":false},"author":2,"featured_media":582509,"comment_status":"","ping_status":"","sticky":false,"template":"","format":"standard","meta":{"footnotes":""},"categories":[1359],"tags":[58,59,1011,27,7648,69619,973,22261],"class_list":{"0":"post-582508","1":"post","2":"type-post","3":"status-publish","4":"format-standard","5":"has-post-thumbnail","7":"category-people","8":"tag-divertissement","9":"tag-entertainment","10":"tag-fr","11":"tag-france","12":"tag-laeticia-hallyday","13":"tag-laura-smet-et-david-hallyday","14":"tag-people","15":"tag-raphael-quenard"},"share_on_mastodon":{"url":"https:\/\/pubeurope.com\/@fr\/115673680240325416","error":""},"_links":{"self":[{"href":"https:\/\/www.europesays.com\/fr\/wp-json\/wp\/v2\/posts\/582508","targetHints":{"allow":["GET"]}}],"collection":[{"href":"https:\/\/www.europesays.com\/fr\/wp-json\/wp\/v2\/posts"}],"about":[{"href":"https:\/\/www.europesays.com\/fr\/wp-json\/wp\/v2\/types\/post"}],"author":[{"embeddable":true,"href":"https:\/\/www.europesays.com\/fr\/wp-json\/wp\/v2\/users\/2"}],"replies":[{"embeddable":true,"href":"https:\/\/www.europesays.com\/fr\/wp-json\/wp\/v2\/comments?post=582508"}],"version-history":[{"count":0,"href":"https:\/\/www.europesays.com\/fr\/wp-json\/wp\/v2\/posts\/582508\/revisions"}],"wp:featuredmedia":[{"embeddable":true,"href":"https:\/\/www.europesays.com\/fr\/wp-json\/wp\/v2\/media\/582509"}],"wp:attachment":[{"href":"https:\/\/www.europesays.com\/fr\/wp-json\/wp\/v2\/media?parent=582508"}],"wp:term":[{"taxonomy":"category","embeddable":true,"href":"https:\/\/www.europesays.com\/fr\/wp-json\/wp\/v2\/categories?post=582508"},{"taxonomy":"post_tag","embeddable":true,"href":"https:\/\/www.europesays.com\/fr\/wp-json\/wp\/v2\/tags?post=582508"}],"curies":[{"name":"wp","href":"https:\/\/api.w.org\/{rel}","templated":true}]}}