{"id":582510,"date":"2025-12-06T16:57:42","date_gmt":"2025-12-06T16:57:42","guid":{"rendered":"https:\/\/www.europesays.com\/fr\/582510\/"},"modified":"2025-12-06T16:57:42","modified_gmt":"2025-12-06T16:57:42","slug":"pantone-devoile-la-couleur-de-lannee-2026-un-blanc-mat-et-aerien-baptise-cloud-dancer","status":"publish","type":"post","link":"https:\/\/www.europesays.com\/fr\/582510\/","title":{"rendered":"Pantone d\u00e9voile la couleur de l\u2019ann\u00e9e 2026 : un blanc mat et a\u00e9rien baptis\u00e9 Cloud Dancer"},"content":{"rendered":"<p>Pantone cr\u00e9e la surprise pour 2026 en sacrant Cloud Dancer, un blanc mat et vaporeux, comme couleur de l\u2019ann\u00e9e. Une premi\u00e8re dans l\u2019histoire de l\u2019institut, qui choisit un blanc pour incarner le climat cr\u00e9atif et \u00e9motionnel du moment. Dans une \u00e9poque satur\u00e9e d\u2019images et de sollicitations, Cloud Dancer propose un reset visuel. Pour rappel, en 2025, Pantone avait d\u00e9sign\u00e9 <a href=\"https:\/\/creapills.com\/pantone-color-of-the-year-2025-mocha-mousse-20241206\" target=\"_blank\" rel=\"noopener\">Mocha Mousse<\/a> comme couleur de l\u2019ann\u00e9e, une nuance chocolat\u00e9e et douce.<\/p>\n<p>Pr\u00e9sent\u00e9e comme une \u201ctoile vierge\u201d, la teinte symbolise un retour \u00e0 l\u2019essentiel. Pantone la d\u00e9crit comme un blanc doux et \u00e9quilibr\u00e9, pens\u00e9 pour apaiser l\u2019esprit et encourager une cr\u00e9ativit\u00e9 plus mesur\u00e9e. Il ne s\u2019agit pas d\u2019un blanc froid ou clinique, mais d\u2019un blanc enveloppant qui invite \u00e0 la r\u00e9flexion autant qu\u2019\u00e0 l\u2019imagination.<\/p>\n<p>        Besoin d&rsquo;une<br \/>&#13;<br \/>\ncampagne cr\u00e9ative ?<\/p>\n<ul>\n<li>Strat\u00e9gie \/ Campagne 360\u00b0<\/li>\n<li>Accompagnement social media<\/li>\n<li>Activation virale<\/li>\n<li>Visibilit\u00e9 garantie<\/li>\n<\/ul>\n<p>        <a href=\"https:\/\/creapills.com\/agence\" class=\"btn is-white mt-6\" target=\"\" rel=\"noopener\"><\/p>\n<p>      D\u00e9couvrir l\u2019agence<\/p>\n<p>           <\/a><\/p>\n<p>            <img decoding=\"async\" src=\"https:\/\/www.europesays.com\/fr\/wp-content\/uploads\/2025\/12\/6.png\" alt=\"\" fetchpriority=\"high\" data-eio=\"p\"\/><\/p>\n<p>            <img alt=\"\" data-eio=\"p\" src=\"https:\/\/www.europesays.com\/fr\/wp-content\/uploads\/2025\/12\/11.png\" decoding=\"async\" class=\"lazyload\" data-eio-rwidth=\"800\" data-eio-rheight=\"800\"\/><\/p>\n<p>            <img alt=\"\" data-eio=\"p\" src=\"https:\/\/www.europesays.com\/fr\/wp-content\/uploads\/2025\/12\/5.png\" decoding=\"async\" class=\"lazyload\" data-eio-rwidth=\"800\" data-eio-rheight=\"800\"\/><\/p>\n<p><strong>Une couleur pens\u00e9e pour ralentir<\/strong><\/p>\n<p>Le Pantone Color Institute accompagne cette s\u00e9lection d\u2019un appel \u00e0 la d\u00e9connexion. Selon Leatrice Eiseman, Cloud Dancer aide \u00e0 retrouver la clart\u00e9 en \u00e9cartant le bruit ambiant. Il devient une mani\u00e8re d\u2019ouvrir l\u2019espace mental, de faire respirer l\u2019\u0153il et de laisser \u00e9merger des id\u00e9es nouvelles dans un monde sous tension constante.<\/p>\n<p>Pantone lance d\u2019ailleurs une initiative artistique in\u00e9dite en invitant des cr\u00e9ateurs \u00e0 interpr\u00e9ter Cloud Dancer \u00e0 leur mani\u00e8re. Le premier projet est sign\u00e9 Emiliano Ponzi, dont le tote bag en \u00e9dition limit\u00e9e traduit la teinte dans un langage visuel m\u00ealant minimalisme et profondeur. Ce geste marque la volont\u00e9 de Pantone de transformer la couleur en terrain d\u2019expression.<\/p>\n<blockquote data-service=\"instagram\" data-category=\"marketing\" data-placeholder-image=\"https:\/\/creapills.com\/wp-content\/plugins\/complianz-gdpr\/assets\/images\/placeholders\/instagram-minimal.jpg\" class=\"cmplz-placeholder-element instagram-media\" data-instgrm-captioned=\"\" data-instgrm-permalink=\"https:\/\/www.instagram.com\/reel\/DR17kRRgHb1\/?utm_source=ig_embed&amp;utm_campaign=loading\" data-instgrm-version=\"14\" style=\" background:#FFF; border:0; border-radius:3px; box-shadow:0 0 1px 0 rgba(0,0,0,0.5),0 1px 10px 0 rgba(0,0,0,0.15); margin: 1px; max-width:540px; min-width:326px; padding:0; width:99.375%; width:-webkit-calc(100% - 2px); width:calc(100% - 2px);\"\/>\n<p>Les marques partenaires jouent elles aussi un r\u00f4le cl\u00e9 dans cette mise en sc\u00e8ne du blanc. Motorola habille une \u00e9dition sp\u00e9ciale de son motorola edge 70 en Cloud Dancer, m\u00ealant finesse technologique et texture matelass\u00e9e. Play-Doh revisite sa p\u00e2te iconique dans une version apaisante inspir\u00e9e du blanc. Le Post-it Brand introduit la teinte dans sa nouvelle \u201cNeutrality Collection\u201d, encourageant un environnement de travail plus calme. Command d\u00e9cline la couleur dans des crochets d\u00e9coratifs con\u00e7us pour recomposer des murs d\u2019inspiration sans contrainte.<\/p>\n<p><img fetchpriority=\"high\" decoding=\"async\" width=\"2560\" height=\"2560\" alt=\"\" class=\"wp-image-337234 lazyload\" data-eio=\"p\" src=\"https:\/\/www.europesays.com\/fr\/wp-content\/uploads\/2025\/12\/pantone-couleur-de-lannee-2026-cloud-dancer-GT3.jpg\"  data- data-eio-rwidth=\"2560\" data-eio-rheight=\"2560\"\/><\/p>\n<p><strong>Un blanc qui inspire tous les secteurs<\/strong><\/p>\n<p>Pantone pousse l\u2019exp\u00e9rience encore plus loin avec Spotify, en traduisant la teinte en playlist \u00e9motionnelle. La musique devient prolongement sensoriel du blanc, accentuant cette id\u00e9e de respiration int\u00e9rieure. Dans l\u2019h\u00f4tellerie, Mandarin Oriental transforme plusieurs de ses \u00e9tablissements en exp\u00e9riences \u201cnuageuses\u201d, du tea-time revisit\u00e9 aux installations d\u00e9coratives inspir\u00e9es de Cloud Dancer.<\/p>\n<p>Visuellement, Cloud Dancer s\u2019impose comme une couleur structurante. En mode, il sublime les mati\u00e8res duveteuses, les rembourrages moelleux, les formes cocon et les tissus fluides. Il s\u2019adapte aux silhouettes quotidiennes comme aux pi\u00e8ces plus sophistiqu\u00e9es, offrant un \u00e9quilibre entre sobri\u00e9t\u00e9 et douceur.<\/p>\n<p><video height=\"1620\" style=\"aspect-ratio: 2880 \/ 1620;\" width=\"2880\" controls=\"\" poster=\"https:\/\/creapills.com\/wp-content\/uploads\/2025\/12\/pantone-couleur-de-lannee-2026-cloud-dancer-video-Q.jpg\" src=\"https:\/\/creapills.com\/wp-content\/uploads\/2025\/12\/pantone-couleur-de-lannee-2026-cloud-dancer-video.mp4\"\/><\/p>\n<p>Dans la beaut\u00e9, il devient base minimaliste ou \u00e9l\u00e9ment graphique, que ce soit en nail art, en eyeliner ou en accents lumineux. Dans la d\u00e9coration int\u00e9rieure, il amplifie la lumi\u00e8re, cr\u00e9e des atmosph\u00e8res apaisantes et introduit une sensation de spa dans les espaces de vie. Un blanc qui simplifie sans vider, et apaise sans uniformiser.<\/p>\n<p>Enfin, dans le packaging et le digital, Cloud Dancer remplit son r\u00f4le de couleur support. Associ\u00e9 au noir, il \u00e9voque le luxe; utilis\u00e9 seul, il transmet une conscience plus responsable lorsqu\u2019il s\u2019appuie sur des mat\u00e9riaux recycl\u00e9s. Sa force est de mettre en valeur les autres couleurs tout en portant un message clair : celui d\u2019un design plus intentionnel.<\/p>\n<p>Avec Cloud Dancer, Pantone ne met pas seulement un blanc sur le devant de la sc\u00e8ne. Il propose un nouveau rythme, plus lent, plus r\u00e9fl\u00e9chit, o\u00f9 la simplicit\u00e9 devient moteur de cr\u00e9ativit\u00e9.<\/p>\n<p><img loading=\"lazy\" decoding=\"async\" width=\"4500\" height=\"3000\" alt=\"\" class=\"wp-image-337223 lazyload\" data-eio=\"p\" src=\"https:\/\/www.europesays.com\/fr\/wp-content\/uploads\/2025\/12\/pantone-couleur-de-lannee-2026-cloud-dancer-2.jpeg\"  data- data-eio-rwidth=\"4500\" data-eio-rheight=\"3000\"\/><\/p>\n<p><img loading=\"lazy\" decoding=\"async\" width=\"2560\" height=\"1707\" alt=\"\" class=\"wp-image-337224 lazyload\" data-eio=\"p\" src=\"https:\/\/www.europesays.com\/fr\/wp-content\/uploads\/2025\/12\/pantone-couleur-de-lannee-2026-cloud-dancer-3.jpeg\"  data- data-eio-rwidth=\"2560\" data-eio-rheight=\"1707\"\/><\/p>\n<p><img loading=\"lazy\" decoding=\"async\" width=\"2560\" height=\"1655\" alt=\"\" class=\"wp-image-337236 lazyload\" data-eio=\"p\" src=\"https:\/\/www.europesays.com\/fr\/wp-content\/uploads\/2025\/12\/pantone-couleur-de-lannee-2026-cloud-dancer-GT1.jpg\"  data- data-eio-rwidth=\"2560\" data-eio-rheight=\"1655\"\/><\/p>\n<p><img loading=\"lazy\" decoding=\"async\" width=\"2560\" height=\"1707\" alt=\"\" class=\"wp-image-337226 lazyload\" data-eio=\"p\" src=\"https:\/\/www.europesays.com\/fr\/wp-content\/uploads\/2025\/12\/pantone-couleur-de-lannee-2026-cloud-dancer-4.jpeg\"  data- data-eio-rwidth=\"2560\" data-eio-rheight=\"1707\"\/><\/p>\n<p><img loading=\"lazy\" decoding=\"async\" width=\"2560\" height=\"1707\" alt=\"\" class=\"wp-image-337227 lazyload\" data-eio=\"p\" src=\"https:\/\/www.europesays.com\/fr\/wp-content\/uploads\/2025\/12\/pantone-couleur-de-lannee-2026-cloud-dancer-5.jpeg\"  data- data-eio-rwidth=\"2560\" data-eio-rheight=\"1707\"\/><\/p>\n<p><img loading=\"lazy\" decoding=\"async\" width=\"4500\" height=\"3000\" alt=\"\" class=\"wp-image-337225 lazyload\" data-eio=\"p\" src=\"https:\/\/www.europesays.com\/fr\/wp-content\/uploads\/2025\/12\/pantone-couleur-de-lannee-2026-cloud-dancer-6.jpeg\"  data- data-eio-rwidth=\"4500\" data-eio-rheight=\"3000\"\/><\/p>\n<p><img loading=\"lazy\" decoding=\"async\" width=\"2560\" height=\"1440\" alt=\"\" class=\"wp-image-337235 lazyload\" data-eio=\"p\" src=\"https:\/\/www.europesays.com\/fr\/wp-content\/uploads\/2025\/12\/pantone-couleur-de-lannee-2026-cloud-dancer-GT2.jpg\"  data- data-eio-rwidth=\"2560\" data-eio-rheight=\"1440\"\/><br \/>\n<img class=\"ss-hidden-pin-image lazyload\" alt=\"\" data-pin-url=\"https:\/\/creapills.com\/pantone-couleur-de-lannee-2026-cloud-dancer-20251205\" data-pin-media=\"https:\/\/www.europesays.com\/fr\/wp-content\/uploads\/2025\/12\/pantone-couleur-de-lannee-2026-cloud-dancer.jpg\" data-pin-description=\"Pantone d\u00e9voile la couleur de l\u2019ann\u00e9e 2026 : un blanc mat et a\u00e9rien baptis\u00e9 Cloud Dancer via @Creapills\" style=\"display:none\" src=\"https:\/\/www.europesays.com\/fr\/wp-content\/uploads\/2025\/12\/pantone-couleur-de-lannee-2026-cloud-dancer.jpg\" decoding=\"async\" data-eio-rwidth=\"2400\" data-eio-rheight=\"1350\"\/>\t\t<\/p>\n<p class=\"ss-social-share-label\">\n\t\t\t\t\tPartagez l&rsquo;id\u00e9e sur vos r\u00e9seaux\n\t\t\t\t<\/p>\n<p>\t\t    <script async src=\"\/\/www.instagram.com\/embed.js\"><\/script><\/p>\n","protected":false},"excerpt":{"rendered":"Pantone cr\u00e9e la surprise pour 2026 en sacrant Cloud Dancer, un blanc mat et vaporeux, comme couleur de&hellip;\n","protected":false},"author":2,"featured_media":582511,"comment_status":"","ping_status":"","sticky":false,"template":"","format":"standard","meta":{"footnotes":""},"categories":[1358],"tags":[1348,1384,1385,1386,58,59,1011,27],"class_list":{"0":"post-582510","1":"post","2":"type-post","3":"status-publish","4":"format-standard","5":"has-post-thumbnail","7":"category-arts-et-design","8":"tag-arts","9":"tag-arts-and-design","10":"tag-arts-et-design","11":"tag-design","12":"tag-divertissement","13":"tag-entertainment","14":"tag-fr","15":"tag-france"},"share_on_mastodon":{"url":"https:\/\/pubeurope.com\/@fr\/115673687183578685","error":""},"_links":{"self":[{"href":"https:\/\/www.europesays.com\/fr\/wp-json\/wp\/v2\/posts\/582510","targetHints":{"allow":["GET"]}}],"collection":[{"href":"https:\/\/www.europesays.com\/fr\/wp-json\/wp\/v2\/posts"}],"about":[{"href":"https:\/\/www.europesays.com\/fr\/wp-json\/wp\/v2\/types\/post"}],"author":[{"embeddable":true,"href":"https:\/\/www.europesays.com\/fr\/wp-json\/wp\/v2\/users\/2"}],"replies":[{"embeddable":true,"href":"https:\/\/www.europesays.com\/fr\/wp-json\/wp\/v2\/comments?post=582510"}],"version-history":[{"count":0,"href":"https:\/\/www.europesays.com\/fr\/wp-json\/wp\/v2\/posts\/582510\/revisions"}],"wp:featuredmedia":[{"embeddable":true,"href":"https:\/\/www.europesays.com\/fr\/wp-json\/wp\/v2\/media\/582511"}],"wp:attachment":[{"href":"https:\/\/www.europesays.com\/fr\/wp-json\/wp\/v2\/media?parent=582510"}],"wp:term":[{"taxonomy":"category","embeddable":true,"href":"https:\/\/www.europesays.com\/fr\/wp-json\/wp\/v2\/categories?post=582510"},{"taxonomy":"post_tag","embeddable":true,"href":"https:\/\/www.europesays.com\/fr\/wp-json\/wp\/v2\/tags?post=582510"}],"curies":[{"name":"wp","href":"https:\/\/api.w.org\/{rel}","templated":true}]}}