{"id":582512,"date":"2025-12-06T16:59:21","date_gmt":"2025-12-06T16:59:21","guid":{"rendered":"https:\/\/www.europesays.com\/fr\/582512\/"},"modified":"2025-12-06T16:59:21","modified_gmt":"2025-12-06T16:59:21","slug":"pourquoi-ny-aura-t-il-pas-demission-quelle-epoque-ce-samedi-6-decembre-sur-france-2","status":"publish","type":"post","link":"https:\/\/www.europesays.com\/fr\/582512\/","title":{"rendered":"Pourquoi n\u2019y aura-t-il pas d\u2019\u00e9mission \u00abQuelle \u00e9poque !\u00bb ce samedi 6 d\u00e9cembre sur France 2 ?"},"content":{"rendered":"<p>    L\u00e9a Salam\u00e9 et son \u00e9quipe dans \u00abQuelle \u00e9poque\u00a0!\u00bb sur France 2<br \/>\n                Stephane GRANGIER-FTV<\/p>\n<p>\n    L\u00e9a Salam\u00e9 et son \u00e9quipe ne seront pas pr\u00e9sentes dans le programme hebdomadaire habituel du samedi soir. Mais les t\u00e9l\u00e9spectateurs ne seront pas en reste.<\/p>\n<p class=\"fig-paragraph\">Mauvaise nouvelle pour les fans inconditionnels de\u00a0<a href=\"https:\/\/tvmag.lefigaro.fr\/programme-tv\/programme\/quelle-epoque-f17079441\" target=\"_blank\" rel=\"noopener\" data-gtm-custom-categorie=\"navigation\" data-gtm-custom-action=\"crossclick\" data-gtm-custom-label=\"Contextuel\" data-gtm-event=\"customEventSPE\"><strong>\u00abQuelle \u00e9poque\u00a0!\u00bb<\/strong><\/a> . Le talk-show du samedi soir pr\u00e9sent\u00e9 par\u00a0<a href=\"https:\/\/www.lefigaro.fr\/tag\/lea-salame\" target=\"_blank\" rel=\"noopener\" data-gtm-custom-categorie=\"navigation\" data-gtm-custom-action=\"crossclick\" data-gtm-custom-label=\"Contextuel\" data-gtm-event=\"customEventSPE\"><strong>L\u00e9a Salam\u00e9<\/strong><\/a> \u00a0ne sera pas diffus\u00e9 ce samedi 6 d\u00e9cembre sur\u00a0<a href=\"https:\/\/tvmag.lefigaro.fr\/programme-tv\/chaine\/4\/tous-les-programmes-de-france-2\" target=\"_blank\" rel=\"noopener\" data-gtm-custom-categorie=\"navigation\" data-gtm-custom-action=\"crossclick\" data-gtm-custom-label=\"Contextuel\" data-gtm-event=\"customEventSPE\"><strong>France 2<\/strong><\/a>, et pour la bonne cause. En effet, du vendredi 5 au samedi 6 d\u00e9cembre, les antennes de France T\u00e9l\u00e9visions proposent pendant plus de 30 heures des programmes pour le T\u00e9l\u00e9thon 2025.<\/p>\n<p class=\"fig-paragraph\">Ainsi, ce vendredi, le public a pu commencer ce marathon sur\u00a0<a href=\"https:\/\/tvmag.lefigaro.fr\/programme-tv\/chaine\/80\/tous-les-programmes-de-france-3\" target=\"_blank\" rel=\"noopener\" data-gtm-custom-categorie=\"navigation\" data-gtm-custom-action=\"crossclick\" data-gtm-custom-label=\"Contextuel\" data-gtm-event=\"customEventSPE\">France 3<\/a>\u00a0en compagnie de\u00a0<a href=\"https:\/\/www.lefigaro.fr\/tag\/sophie-davant\" target=\"_blank\" rel=\"noopener\" data-gtm-custom-categorie=\"navigation\" data-gtm-custom-action=\"crossclick\" data-gtm-custom-label=\"Contextuel\" data-gtm-event=\"customEventSPE\">Sophie Davant<\/a>,\u00a0<a href=\"https:\/\/www.lefigaro.fr\/tag\/cyril-feraud\" target=\"_blank\" rel=\"noopener\" data-gtm-custom-categorie=\"navigation\" data-gtm-custom-action=\"crossclick\" data-gtm-custom-label=\"Contextuel\" data-gtm-event=\"customEventSPE\">Cyril F\u00e9raud<\/a>\u00a0et\u00a0<a href=\"https:\/\/www.lefigaro.fr\/tag\/yoann-riou\" target=\"_blank\" rel=\"noopener\" data-gtm-custom-categorie=\"navigation\" data-gtm-custom-action=\"crossclick\" data-gtm-custom-label=\"Contextuel\" data-gtm-event=\"customEventSPE\">Yoann Riou<\/a>. Les animateurs ont mis en avant les t\u00e9moignages de familles touch\u00e9es par la maladie et de chercheurs. Le tout accompagn\u00e9 de la marraine de l\u2019\u00e9v\u00e8nement cette ann\u00e9e,\u00a0<a href=\"https:\/\/www.lefigaro.fr\/tag\/santa\" target=\"_blank\" rel=\"noopener\" data-gtm-custom-categorie=\"navigation\" data-gtm-custom-action=\"crossclick\" data-gtm-custom-label=\"Contextuel\" data-gtm-event=\"customEventSPE\">Santa<\/a>. Une soir\u00e9e riche en \u00e9motions, ponctu\u00e9e par une chute impressionnante de l\u2019ancienne pr\u00e9sentatrice d\u2019<a href=\"https:\/\/tvmag.lefigaro.fr\/programme-tv\/programme\/affaire-conclue-tout-le-monde-a-quelque-chose-a-vendre-d713804047\" target=\"_blank\" rel=\"noopener\" data-gtm-custom-categorie=\"navigation\" data-gtm-custom-action=\"crossclick\" data-gtm-custom-label=\"Contextuel\" data-gtm-event=\"customEventSPE\">\u00abAffaire conclue\u00bb<\/a>.<\/p>\n<p>                                                                <a class=\"fig-a11y-skip\" href=\"#fig-a11y-skip-main-inarticle\" data-module=\"a11y-skip\" data-context=\"was @visible\"><br \/>\n    Passer la publicit\u00e9<br \/>\n<\/a>            <\/p>\n<p class=\"fig-paragraph\">Ce samedi soir, pour cl\u00f4turer ces deux jours plac\u00e9s sous le signe de la solidarit\u00e9, Sophie Davant encore et Nagui seront en direct sur France 2, d\u00e8s 21 heures et jusqu\u2019\u00e0 1 h 30. Un horaire qui empi\u00e8te sur les cases habituelles du talk-show de la pr\u00e9sentatrice du 20 Heures. L\u2019occasion \u00e9galement de participer \u00e0 la Grande tombola annuelle. Aussi, plusieurs invit\u00e9s exceptionnels feront l\u2019honneur de leur pr\u00e9sence pour l\u2019association.<\/p>\n<p class=\"fig-body-link\">\n            \u00c0 lire aussi<br \/>\n        <a class=\"fig-body-link__link\" href=\"http:\/\/tvmag.lefigaro.fr\/programme-tv\/actu-tele\/on-a-perdu-sophie-sophie-davant-chute-en-direct-lors-de-la-soiree-speciale-pour-le-telethon-sur-france-3-20251206\" target=\"_blank\" data-fig-type=\"Article\" rel=\"noopener\" data-gtm-custom-categorie=\"navigation\" data-gtm-custom-action=\"crossclick\" data-gtm-custom-label=\"Contextuel\" data-gtm-event=\"customEventSPE\" data-fig-domain=\"TVMAG\"><\/p>\n<p>        \u00abOn a perdu Sophie\u00a0!\u00bb\u00a0: Sophie Davant chute en direct lors de la soir\u00e9e sp\u00e9ciale pour le T\u00e9l\u00e9thon sur France 3<br \/>\n    <\/a>\n<\/p>\n<p class=\"fig-paragraph\">Seul\u00a0<a href=\"https:\/\/www.lefigaro.fr\/tag\/slimane\" target=\"_blank\" rel=\"noopener\" data-gtm-custom-categorie=\"navigation\" data-gtm-custom-action=\"crossclick\" data-gtm-custom-label=\"Contextuel\" data-gtm-event=\"customEventSPE\">Slimane<\/a>, convi\u00e9 \u00e0 l\u2019origine, ne prendra pas part aux festivit\u00e9s. Condamn\u00e9 en septembre dernier pour harc\u00e8lement moral, le chanteur aurait d\u00fb faire son grand retour en t\u00e9l\u00e9vision pour l\u2019occasion. Seulement la direction de France T\u00e9l\u00e9visions en a d\u00e9cid\u00e9 autrement, malgr\u00e9 la sortie r\u00e9cente du dernier album de l\u2019artiste. \u00abSlimane a pay\u00e9 sa dette, mais ce sera son retour, sa premi\u00e8re t\u00e9l\u00e9, et on ne veut pas prendre le risque d\u2019une pol\u00e9mique\u00bb, a d\u00e9clar\u00e9 le groupe au<a href=\"https:\/\/www.leparisien.fr\/culture-loisirs\/musique\/on-ne-veut-pas-prendre-le-risque-dune-polemique-pourquoi-les-teles-ninvitent-pas-slimane-pour-son-nouvel-album-05-12-2025-3RPI3JLWZRAKFOLACC54RXWKMY.php\" target=\"_blank\" rel=\"noopener\" data-gtm-custom-categorie=\"navigation\" data-gtm-custom-action=\"crossclick\" data-gtm-custom-label=\"Contextuel\" data-gtm-event=\"customEventSPE\">\u00a0Parisien<\/a> .<\/p>\n<p class=\"fig-paragraph\">L\u2019acolyte de\u00a0<a href=\"https:\/\/www.lefigaro.fr\/tag\/vitaa\" target=\"_blank\" rel=\"noopener\" data-gtm-custom-categorie=\"navigation\" data-gtm-custom-action=\"crossclick\" data-gtm-custom-label=\"Contextuel\" data-gtm-event=\"customEventSPE\">Vitaa<\/a>\u00a0avait \u00e9t\u00e9 vis\u00e9 par deux plaintes de la part d\u2019anciens techniciens, qui d\u00e9non\u00e7aient des faits de harc\u00e8lement sexuel et d\u2019une tentative d\u2019agression sexuelle. Seuls les faits de harc\u00e8lement moral ont \u00e9t\u00e9 retenus. Le gagnant de la saison 5 de\u00a0<a href=\"https:\/\/tvmag.lefigaro.fr\/programme-tv\/programme\/the-voice-d917928148\" target=\"_blank\" rel=\"noopener\" data-gtm-custom-categorie=\"navigation\" data-gtm-custom-action=\"crossclick\" data-gtm-custom-label=\"Contextuel\" data-gtm-event=\"customEventSPE\">\u00abThe Voice\u00bb<\/a>\u00a0sur\u00a0<a href=\"https:\/\/tvmag.lefigaro.fr\/programme-tv\/chaine\/192\/tous-les-programmes-de-tf1\" target=\"_blank\" rel=\"noopener\" data-gtm-custom-categorie=\"navigation\" data-gtm-custom-action=\"crossclick\" data-gtm-custom-label=\"Contextuel\" data-gtm-event=\"customEventSPE\">TF1<\/a>\u00a0a donc \u00e9t\u00e9 condamn\u00e9 \u00e0 payer une amende de 10.000 euros, dont 3.000 avec sursis.<\/p>\n","protected":false},"excerpt":{"rendered":"L\u00e9a Salam\u00e9 et son \u00e9quipe dans \u00abQuelle \u00e9poque\u00a0!\u00bb sur France 2 Stephane GRANGIER-FTV L\u00e9a Salam\u00e9 et son \u00e9quipe&hellip;\n","protected":false},"author":2,"featured_media":582513,"comment_status":"","ping_status":"","sticky":false,"template":"","format":"standard","meta":{"footnotes":""},"categories":[1356],"tags":[58,59,1011,27,594,3806,12846,252,1364],"class_list":{"0":"post-582512","1":"post","2":"type-post","3":"status-publish","4":"format-standard","5":"has-post-thumbnail","7":"category-television","8":"tag-divertissement","9":"tag-entertainment","10":"tag-fr","11":"tag-france","12":"tag-france-2","13":"tag-lea-salame","14":"tag-telethon","15":"tag-television","16":"tag-tv"},"share_on_mastodon":{"url":"https:\/\/pubeurope.com\/@fr\/115673691927051615","error":""},"_links":{"self":[{"href":"https:\/\/www.europesays.com\/fr\/wp-json\/wp\/v2\/posts\/582512","targetHints":{"allow":["GET"]}}],"collection":[{"href":"https:\/\/www.europesays.com\/fr\/wp-json\/wp\/v2\/posts"}],"about":[{"href":"https:\/\/www.europesays.com\/fr\/wp-json\/wp\/v2\/types\/post"}],"author":[{"embeddable":true,"href":"https:\/\/www.europesays.com\/fr\/wp-json\/wp\/v2\/users\/2"}],"replies":[{"embeddable":true,"href":"https:\/\/www.europesays.com\/fr\/wp-json\/wp\/v2\/comments?post=582512"}],"version-history":[{"count":0,"href":"https:\/\/www.europesays.com\/fr\/wp-json\/wp\/v2\/posts\/582512\/revisions"}],"wp:featuredmedia":[{"embeddable":true,"href":"https:\/\/www.europesays.com\/fr\/wp-json\/wp\/v2\/media\/582513"}],"wp:attachment":[{"href":"https:\/\/www.europesays.com\/fr\/wp-json\/wp\/v2\/media?parent=582512"}],"wp:term":[{"taxonomy":"category","embeddable":true,"href":"https:\/\/www.europesays.com\/fr\/wp-json\/wp\/v2\/categories?post=582512"},{"taxonomy":"post_tag","embeddable":true,"href":"https:\/\/www.europesays.com\/fr\/wp-json\/wp\/v2\/tags?post=582512"}],"curies":[{"name":"wp","href":"https:\/\/api.w.org\/{rel}","templated":true}]}}