{"id":582514,"date":"2025-12-06T17:00:22","date_gmt":"2025-12-06T17:00:22","guid":{"rendered":"https:\/\/www.europesays.com\/fr\/582514\/"},"modified":"2025-12-06T17:00:22","modified_gmt":"2025-12-06T17:00:22","slug":"mireille-mathieu-a-guichets-fermes-a-avignon-sa-ville-natale","status":"publish","type":"post","link":"https:\/\/www.europesays.com\/fr\/582514\/","title":{"rendered":"Mireille Mathieu \u00e0 guichets ferm\u00e9s \u00e0 Avignon, sa ville natale"},"content":{"rendered":"<p class=\"article__intro\">La demoiselle d&rsquo;Avignon a toujours autant de succ\u00e8s. Mireille Mathieu \u00e9tait en concert ce vendredi 5 d\u00e9cembre au soir, dans sa ville natale, \u00e0 la salle Confluence devant un public conquis venant pour certains de tr\u00e8s loin.<\/p>\n<p>\n      L\u2019actu des r\u00e9gions\n    <\/p>\n<p>\n      Chaque jour, un tour d\u2019horizon des principales infos de toutes les r\u00e9gions.\n    <\/p>\n<p>    France T\u00e9l\u00e9visions utilise votre adresse e-mail afin de vous envoyer la newsletter \u00ab\u00a0L\u2019actu des r\u00e9gions\u00a0\u00bb. Vous pouvez vous d\u00e9sinscrire \u00e0 tout moment via le lien en bas de cette newsletter. <a target=\"_blank\" href=\"https:\/\/www.francetelevisions.fr\/groupe\/confidentialite\/politique-de-confidentialite\/politique-de-confidentialite-de-france-televisions-6503\" rel=\"noopener\">Notre politique de confidentialit\u00e9<\/a><\/p>\n<p>\u00ab\u00a0On m&rsquo;a toujours dit qu&rsquo;en chantant avec son c\u0153ur, on faisait chanter Avignon et je crois bien que c&rsquo;est vrai.\u00a0\u00bb 60 ans de carri\u00e8re et un retour sur ses terres \u00e0 Avignon. Mireille Mathieu affichait complet ce vendredi 5 d\u00e9cembre.<\/p>\n<p>Dans le public, autant de Proven\u00e7aux que d&rsquo;\u00e9trangers venus de toute l&rsquo;Europe, c&rsquo;est une idole, v\u00e9ritable ic\u00f4ne de la chanson fran\u00e7aise qui n&rsquo;a rien perdu de sa pr\u00e9sence sur sc\u00e8ne. \u00ab\u00a0Nous sommes d&rsquo;Avignon, donc pour nous c&rsquo;est un r\u00e9gal de venir la voir.\u00a0\u00bb V\u00e9ritable ambassadrice du pays, de la r\u00e9gion et de la ville, \u00ab\u00a0c&rsquo;est la demoiselle d&rsquo;Avignon comme on dit\u00a0\u00bb, lance Mich\u00e8le la r\u00e9gionale de l&rsquo;\u00e9tape.<\/p>\n<p>Pour Annie, peu importent les kilom\u00e8tres\u00a0: \u00ab\u00a0Je l&rsquo;ai vu trois fois \u00e0 l&rsquo;Olympia, je viens d&rsquo;Orl\u00e9ans et je voulais la voir dans sa ville de c\u0153ur, sa ville natale, c&rsquo;est toute ma vie, je la suis depuis 1965, c&rsquo;est une immense artiste. C&rsquo;est que du bonheur, elle a gard\u00e9 sa voix\u00a0!\u00a0\u00bb<\/p>\n<\/p>\n<p>Dans la file d&rsquo;attente, une dame porte un \u00e9norme bouquet pour sa chanteuse pr\u00e9f\u00e9r\u00e9e, elle est venue de loin pour le lui apporter, entour\u00e9e de ses amis qui parlent fran\u00e7ais avec un accent. \u00a0\u00bb Nous adorons Mireille\u00a0\u00bb, lance Tino qui fait partie du groupe d&rsquo;amis allemands venus de Francfort expr\u00e8s. \u00ab\u00a0Je l&rsquo;ai vu plus de 100 fois\u00a0\u00bb, affirme-t-il, ajoutant\u00a0: \u00ab\u00a0Elle est formidable, elle est unique. En Allemagne nous n&rsquo;avons aucune chanteuse qui a la capacit\u00e9 de chanter comme Mireille. Pour moi c&rsquo;est la meilleure.\u00a0\u00bb<\/p>\n<p>Un peu plus loin, Alex et Axel, deux jeunes hommes expliquent\u00a0: \u00ab\u00a0On vient de R\u00e9publique tch\u00e8que, la derni\u00e8re fois qu&rsquo;on l&rsquo;a vu c&rsquo;\u00e9tait \u00e0 Prague.\u00a0\u00bb Ils ont atterri la veille \u00e0 Marseille et apr\u00e8s avoir fait un peu de tourisme dans la r\u00e9gion\u00a0:<\/p>\n<blockquote class=\"ftvi_content_quote\">\n<p class=\"ftvi_citation_quote\">On est venus \u00e0 Avignon justement pour la voir, elle repr\u00e9sente la France, la musique, les traditions, c&rsquo;est la chanson fran\u00e7aise, c&rsquo;est Mireille.<\/p>\n<p>Fan de Mireille Mathieu rencontr\u00e9 \u00e0 Avignon.<\/p>\n<p class=\"ftvi_citation_source\">\u00e0 France 3.<\/p>\n<\/blockquote>\n<p>De leur propre constat, l&rsquo;ambassadrice de la chanson fran\u00e7aise a su conqu\u00e9rir un nouveau public de jeunes\u00a0: \u00ab\u00a0Il y avait plus de jeunes \u00e0 Prague que ce soir, peut-\u00eatre qu&rsquo;elle est plus connue dans le centre et \u00e0 l&rsquo;Est qu&rsquo;ici, je ne sais pas\u00a0\u00bb. Alex et Axel aiment la pr\u00e9sence sc\u00e9nique de Mireille Mathieu, \u00ab\u00a0\u00c7a bouge beaucoup contrairement \u00e0 ce que l&rsquo;on pourrait croire.\u00a0\u00bb<\/p>\n<p>La chanteuse aime mettre en avant la cit\u00e9 des Papes sur ses r\u00e9seaux sociaux :<\/p>\n<p>\u00ab\u00a0Elle repr\u00e9sente tout, moi \u00e7a fait plus de 50 ans que je la suis. J&rsquo;\u00e9tais un ami, j&rsquo;\u00e9tais un fan, et c&rsquo;\u00e9tait tout. Sa voix , elle est incroyable, elle vous donne des frissons. J&rsquo;ai d\u00fb voir 300, 400 concerts en 50 ans&#8230;\u00a0\u00bb, t\u00e9moigne Fran\u00e7ois avant d&rsquo;ajouter \u00ab\u00a0Mais c&rsquo;est la premi\u00e8re fois que je la vois \u00e0 Avignon. Ses racines, sa terre, c&rsquo;est tr\u00e8s \u00e9mouvant. On lui a pr\u00e9par\u00e9 une pluie de roses, c&rsquo;est une grande star. Elle repr\u00e9sente la France dans le monde. En Russie, en Chine, au Japon, c&rsquo;est une diva. Elle tient des notes d&rsquo;une justesse et d&rsquo;une longueur, c&rsquo;est incroyable\u00a0\u00bb, rapporte le fan inconditionnel qui avoue aussi avoir des frissons rien que de parler d&rsquo;elle. \u00ab\u00a0Je me sens tellement petit face \u00e0 elle. Elle, elle n&rsquo;est pas grande mais sa voix est tellement immense. C&rsquo;est \u00e7a qui est beau\u00a0\u00bb.<\/p>\n<blockquote class=\"ftvi_content_quote\">\n<p class=\"ftvi_citation_quote\">Ses chansons parlent d&rsquo;amour, de paix dans le monde, de libert\u00e9.<\/p>\n<p>Fran\u00e7ois, fan de Mireille Mathieu<\/p>\n<p class=\"ftvi_citation_source\">\u00e0 France 3 Paca<\/p>\n<\/blockquote>\n<p>\u00c0 79\u00a0ans, Mireille Mathieu cultive encore cette image d&rsquo;ic\u00f4ne fran\u00e7aise, cl\u00e9 de son succ\u00e8s \u00e0 l&rsquo;international. Pour Laurent de Marseille, \u00eatre au concert \u00e0 Avignon, c&rsquo;est un moment particulier\u00a0: \u00ab\u00a0Je l&rsquo;ai vu des centaines de fois, je la suis partout, dans toute l&rsquo;Europe, on a fait toute sa tourn\u00e9e fran\u00e7aise, on a fait l&rsquo;Olympia&#8230;c&rsquo;est un public de fou, c&rsquo;est extraordinaire, c&rsquo;est \u00e9norm\u00e9ment d&rsquo;\u00e9motions, les gens l&rsquo;adorent. C&rsquo;est toujours \u00e0 guichets ferm\u00e9s, c&rsquo;est incroyable l&rsquo;ambiance dans toutes les villes. On a fait le Nord, la Belgique, la Suisse. C&rsquo;\u00e9tait une tr\u00e8s belle tourn\u00e9e. Et, l\u00e0, ce sont les deux derniers concerts. \u00c7a va faire bizarre, je crois, la semaine prochaine quand il n&rsquo;y en aura plus. Il faudra attendre le mois de mars pour la suite\u00a0\u00bb.<\/p>\n<p>Les fans sont intarissables sur leur chanteuse pr\u00e9f\u00e9r\u00e9e. \u00a0\u00bb Elle chante pour la paix dans le monde, en ces temps si troubles. Rendez-vous compte, elle fait chanter tout le monde et tout le public frappe dans les mains en chantant &lsquo;que la paix soit sur la terre&rsquo;. Qui chante \u00e7a aujourd&rsquo;hui ? Et bien ,elle, elle le chante\u00a0!\u00a0\u00bb, insiste Fran\u00e7ois, rejoint par Laurent qui pr\u00e9cise\u00a0: \u00ab\u00a0Elle donne de l&rsquo;espoir, c&rsquo;est de l&rsquo;amour, c&rsquo;est de la ga\u00eet\u00e9, c&rsquo;est toujours positif\u00a0\u00bb.<\/p>\n<p>Avec 200 millions de disques vendus et sa mythique coupe de cheveux, l&rsquo;Avignonnaise s&rsquo;est impos\u00e9e comme un monument de la chanson dans le monde entier.<\/p>\n<p>\u00a0Article r\u00e9dig\u00e9 avec Etienne Bonnot et Micha\u00ebl Flores, journalistes \u00e0 FTV.\u00a0<\/p>\n","protected":false},"excerpt":{"rendered":"La demoiselle d&rsquo;Avignon a toujours autant de succ\u00e8s. Mireille Mathieu \u00e9tait en concert ce vendredi 5 d\u00e9cembre au&hellip;\n","protected":false},"author":2,"featured_media":582515,"comment_status":"","ping_status":"","sticky":false,"template":"","format":"standard","meta":{"footnotes":""},"categories":[1355],"tags":[58,59,1011,27,1361,873],"class_list":{"0":"post-582514","1":"post","2":"type-post","3":"status-publish","4":"format-standard","5":"has-post-thumbnail","7":"category-musique","8":"tag-divertissement","9":"tag-entertainment","10":"tag-fr","11":"tag-france","12":"tag-music","13":"tag-musique"},"share_on_mastodon":{"url":"https:\/\/pubeurope.com\/@fr\/115673695688785547","error":""},"_links":{"self":[{"href":"https:\/\/www.europesays.com\/fr\/wp-json\/wp\/v2\/posts\/582514","targetHints":{"allow":["GET"]}}],"collection":[{"href":"https:\/\/www.europesays.com\/fr\/wp-json\/wp\/v2\/posts"}],"about":[{"href":"https:\/\/www.europesays.com\/fr\/wp-json\/wp\/v2\/types\/post"}],"author":[{"embeddable":true,"href":"https:\/\/www.europesays.com\/fr\/wp-json\/wp\/v2\/users\/2"}],"replies":[{"embeddable":true,"href":"https:\/\/www.europesays.com\/fr\/wp-json\/wp\/v2\/comments?post=582514"}],"version-history":[{"count":0,"href":"https:\/\/www.europesays.com\/fr\/wp-json\/wp\/v2\/posts\/582514\/revisions"}],"wp:featuredmedia":[{"embeddable":true,"href":"https:\/\/www.europesays.com\/fr\/wp-json\/wp\/v2\/media\/582515"}],"wp:attachment":[{"href":"https:\/\/www.europesays.com\/fr\/wp-json\/wp\/v2\/media?parent=582514"}],"wp:term":[{"taxonomy":"category","embeddable":true,"href":"https:\/\/www.europesays.com\/fr\/wp-json\/wp\/v2\/categories?post=582514"},{"taxonomy":"post_tag","embeddable":true,"href":"https:\/\/www.europesays.com\/fr\/wp-json\/wp\/v2\/tags?post=582514"}],"curies":[{"name":"wp","href":"https:\/\/api.w.org\/{rel}","templated":true}]}}