{"id":582526,"date":"2025-12-06T17:07:13","date_gmt":"2025-12-06T17:07:13","guid":{"rendered":"https:\/\/www.europesays.com\/fr\/582526\/"},"modified":"2025-12-06T17:07:13","modified_gmt":"2025-12-06T17:07:13","slug":"les-suv-de-ce-constructeur-capturent-les-sons-pour-une-experience-sensorielle-unique","status":"publish","type":"post","link":"https:\/\/www.europesays.com\/fr\/582526\/","title":{"rendered":"Les SUV de ce constructeur capturent les sons pour une exp\u00e9rience sensorielle unique"},"content":{"rendered":"<p itemprop=\"description\">Au salon de Los Angeles, Scout Motors<br \/>\npr\u00e9pare avec les Terra et Traveler bien plus que deux SUV<br \/>\n\u00e9lectriques. Entre sons capt\u00e9s et couleurs h\u00e9rit\u00e9es, l\u2019exp\u00e9rience<br \/>\nchange de dimension.<\/p>\n<p>Derri\u00e8re les lignes carr\u00e9es fa\u00e7on baroudeur de ses futurs<br \/>\nmod\u00e8les, le SUV <strong>Traveler<\/strong> et le pick-up<br \/>\n<strong>Terra<\/strong>, <a href=\"https:\/\/www.autoplus.fr\/actualite\/scout-volkswagen-usine-amerique-nord-635942.html\" target=\"_blank\" rel=\"noopener\">la marque am\u00e9ricaine <strong>Scout<br \/>\nMotors<\/strong><\/a> travaille en coulisses sur quelque chose de<br \/>\nbeaucoup plus subtil. \u00c0 savoir une v\u00e9ritable <strong>exp\u00e9rience<br \/>\nsensorielle<\/strong> \u00e0 bord.<\/p>\n<p>Ces deux engins, attendus en production en <strong>Caroline du<br \/>\nSud \u00e0 partir de fin 2027<\/strong>, n\u2019auront pas le grondement d\u2019un<br \/>\n<strong>gros V8<\/strong> pour remplir l\u2019habitacle. Enti\u00e8rement<br \/>\n\u00e9lectriques ou \u00e9quip\u00e9s d\u2019un prolongateur d\u2019autonomie, ils roulent<br \/>\nquasiment sans bruit \u00e0 basse vitesse. Alors, que va entendre, voir<br \/>\net toucher le conducteur d\u2019un <strong>Scout Terra<\/strong> ou<br \/>\nTraveler au quotidien ?<\/p>\n<p>Des SUV Scout qui enregistrent leurs propres sons<\/p>\n<p>Pour r\u00e9pondre \u00e0 cette question, l\u2019\u00e9quipe \u00ab\u00a0user<br \/>\nexperience\u00a0\u00bb, dirig\u00e9e par la <strong>Dr Nitze-Nelson<\/strong>,<br \/>\ns\u2019est mise en <strong>qu\u00eate de sons \u00e0 travers les<br \/>\n\u00c9tats-Unis<\/strong>. Il faut dire qu\u2019un v\u00e9hicule moderne n\u00e9cessite<br \/>\n<strong>plus de 40 signaux sonores diff\u00e9rents<\/strong> : d\u00e9marrage,<br \/>\nclignotants, warnings, alertes pi\u00e9tons pour les v\u00e9hicules<br \/>\n\u00e9lectriques\u2026 \u00ab\u00a0Tous les sons \u00e0 l\u2019int\u00e9rieur du v\u00e9hicule, nous<br \/>\nvoulons qu\u2019ils nous paraissent authentiques et uniques\u00a0\u00bb, a<br \/>\nexpliqu\u00e9 <strong>Chris Benjamin<\/strong>, directeur du design de<br \/>\n<strong>Scout Motors<\/strong>, <a href=\"https:\/\/www.autonews.com\/volkswagen\/scout\/an-scout-sound-inspiration-1203\/\" target=\"_blank\" rel=\"noopener\">\u00e0 Automotive News<\/a>.<\/p>\n<p>Premier arr\u00eat : le pass\u00e9. Les \u00e9quipes ont enferm\u00e9 un<br \/>\nInternational Harvester Scout d\u2019\u00e9poque, dot\u00e9 d\u2019un V8, dans une<br \/>\n<strong>chambre an\u00e9cho\u00efque<\/strong> au centre d\u2019innovation de<br \/>\nScout, \u00e0 Novi, dans le Michigan. Elles y ont enregistr\u00e9 <strong>le<br \/>\nbruit des portes qui s\u2019ouvrent<\/strong>, des serrures qui claquent,<br \/>\n<strong>du moteur qui monte dans les tours<\/strong>. Puis elles<br \/>\nsont all\u00e9es sur une ferme, dans un silo \u00e0 Adairville, dans le<br \/>\nKentucky, pour capter des sons d\u2019\u00e9quipements agricoles. Elles ont<br \/>\naussi pass\u00e9 du temps en studio \u00e0 enregistrer une guitare<br \/>\nacoustique.<\/p>\n<p>Au final, Scout a constitu\u00e9 une biblioth\u00e8que de sons o\u00f9 tout se<br \/>\nm\u00e9lange. \u00ab\u00a0Vous avez un peu d\u2019industrie, un peu d\u2019agriculture,<br \/>\nun peu du Scout originel dans chacun des sons\u00a0\u00bb, a d\u00e9crit Chris<br \/>\nBenjamin.<\/p>\n<p>Couleurs, mati\u00e8res et boutons pour une exp\u00e9rience sensorielle<br \/>\ncompl\u00e8te<\/p>\n<p>Dans l\u2019habitacle, la m\u00eame philosophie se retrouve au bout des<br \/>\ndoigts. Les Terra et Traveler auront bien un <strong>combin\u00e9<br \/>\nd\u2019instrumentation num\u00e9rique et un grand \u00e9cran central<\/strong>,<br \/>\nmais Scout tient \u00e0 conserver de vrais boutons, molettes et commodos<br \/>\nphysiques un peu partout. Ces commandes viennent compl\u00e9ter les sons<br \/>\nsur mesure mis au point par l\u2019\u00e9quipe UX. \u00ab\u00a0Nous ne cr\u00e9ons pas<br \/>\ndes vaisseaux spatiaux\u00a0\u00bb, r\u00e9sume Chris Benjamin. \u00ab\u00a0Nous<br \/>\ncr\u00e9ons des v\u00e9hicules robustes et chaleureux que les gens vont<br \/>\nadorer et nous voulons que les sons refl\u00e8tent cela.\u00a0\u00bb De quoi<br \/>\ndessiner une ambiance tr\u00e8s diff\u00e9rente des cockpits ultra \u00e9pur\u00e9s et<br \/>\nmuets que l\u2019on voit parfois.<\/p>\n<p>Cette attention port\u00e9e \u00e0 l\u2019ou\u00efe et au toucher se prolonge jusque<br \/>\ndans les couleurs de carrosserie, travaill\u00e9es par l\u2019\u00e9quipe men\u00e9e<br \/>\npar <strong>Aileen Barraza<\/strong>, directrice des couleurs,<br \/>\nmat\u00e9riaux et finitions. L\u00e0 encore, Scout puise dans son histoire et<br \/>\ndans le monde agricole. Le Terra a \u00e9t\u00e9 pr\u00e9sent\u00e9 dans un<br \/>\n<strong>bleu mat<\/strong> inspir\u00e9 d\u2019une teinte du tout premier<br \/>\nScout produit, tandis que le Traveler arbore un <strong>rouge<br \/>\nTahitian<\/strong> repris de la <strong>derni\u00e8re Scout sortie<br \/>\nd\u2019usine en 1980<\/strong>.<\/p>\n<p>Sur le Terra expos\u00e9 \u00e0 Los Angeles, <strong>une nouvelle teinte<br \/>\nSilo Green<\/strong> attirait tous les regards, directement li\u00e9e aux<br \/>\nsons r\u00e9colt\u00e9s dans le silo du Kentucky. \u00ab\u00a0Si vous \u00eates \u00e0<br \/>\nl\u2019int\u00e9rieur d\u2019un silo rempli de ma\u00efs ou de grain, la chaleur de<br \/>\ncela se refl\u00e8te sur la couleur froide de l\u2019acier\u00a0\u00bb, a expliqu\u00e9<br \/>\nChris Benjamin. \u00ab\u00a0La couleur qui en r\u00e9sulte se situe quelque<br \/>\npart dans ce vert.\u00a0\u00bb Et cette d\u00e9marche d\u00e9passe largement une<br \/>\nseule peinture. \u00ab\u00a0Nous aimons vraiment et respectons l\u2019h\u00e9ritage<br \/>\nqui existe, car c\u2019est une position unique\u00a0\u00bb, a confi\u00e9 le<br \/>\ndesigner. \u00ab\u00a0Mais nous sommes aussi inspir\u00e9s par le monde qui<br \/>\nnous entoure, par la mani\u00e8re dont on regarde la nature, dont on<br \/>\ninteragit avec le monde.\u00a0\u00bb<\/p>\n<p>Une approche qu\u2019il r\u00e9sume en une phrase : \u00ab\u00a0En tant que<br \/>\ndesigners, nous sommes toujours en mode observation. Tout ce qui<br \/>\nnous entoure est une inspiration : les voyages, les lieux, les<br \/>\nnouvelles choses, les rencontres. Nous puisons dans tout cela pour<br \/>\ncr\u00e9er ce que nous faisons.\u00a0\u00bb<\/p>\n","protected":false},"excerpt":{"rendered":"Au salon de Los Angeles, Scout Motors pr\u00e9pare avec les Terra et Traveler bien plus que deux SUV&hellip;\n","protected":false},"author":2,"featured_media":582527,"comment_status":"","ping_status":"","sticky":false,"template":"","format":"standard","meta":{"footnotes":""},"categories":[6],"tags":[35,69621,17488,18987,1805,33,34,6383,1011,27,151,471,34352,3611,2659,96,10336],"class_list":{"0":"post-582526","1":"post","2":"type-post","3":"status-publish","4":"format-standard","5":"has-post-thumbnail","7":"category-economie","8":"tag-business","9":"tag-capturent","10":"tag-ce","11":"tag-constructeur","12":"tag-de","13":"tag-economie","14":"tag-economy","15":"tag-experience","16":"tag-fr","17":"tag-france","18":"tag-les","19":"tag-pour","20":"tag-sensorielle","21":"tag-sons","22":"tag-suv","23":"tag-une","24":"tag-unique"},"share_on_mastodon":{"url":"https:\/\/pubeurope.com\/@fr\/115673723337354685","error":""},"_links":{"self":[{"href":"https:\/\/www.europesays.com\/fr\/wp-json\/wp\/v2\/posts\/582526","targetHints":{"allow":["GET"]}}],"collection":[{"href":"https:\/\/www.europesays.com\/fr\/wp-json\/wp\/v2\/posts"}],"about":[{"href":"https:\/\/www.europesays.com\/fr\/wp-json\/wp\/v2\/types\/post"}],"author":[{"embeddable":true,"href":"https:\/\/www.europesays.com\/fr\/wp-json\/wp\/v2\/users\/2"}],"replies":[{"embeddable":true,"href":"https:\/\/www.europesays.com\/fr\/wp-json\/wp\/v2\/comments?post=582526"}],"version-history":[{"count":0,"href":"https:\/\/www.europesays.com\/fr\/wp-json\/wp\/v2\/posts\/582526\/revisions"}],"wp:featuredmedia":[{"embeddable":true,"href":"https:\/\/www.europesays.com\/fr\/wp-json\/wp\/v2\/media\/582527"}],"wp:attachment":[{"href":"https:\/\/www.europesays.com\/fr\/wp-json\/wp\/v2\/media?parent=582526"}],"wp:term":[{"taxonomy":"category","embeddable":true,"href":"https:\/\/www.europesays.com\/fr\/wp-json\/wp\/v2\/categories?post=582526"},{"taxonomy":"post_tag","embeddable":true,"href":"https:\/\/www.europesays.com\/fr\/wp-json\/wp\/v2\/tags?post=582526"}],"curies":[{"name":"wp","href":"https:\/\/api.w.org\/{rel}","templated":true}]}}