{"id":582528,"date":"2025-12-06T17:08:13","date_gmt":"2025-12-06T17:08:13","guid":{"rendered":"https:\/\/www.europesays.com\/fr\/582528\/"},"modified":"2025-12-06T17:08:13","modified_gmt":"2025-12-06T17:08:13","slug":"des-femmes-non-voilees-participent-a-un-marathon-deux-organisateurs-sont-arretes-pour-indecence","status":"publish","type":"post","link":"https:\/\/www.europesays.com\/fr\/582528\/","title":{"rendered":"Des femmes non voil\u00e9es participent \u00e0 un marathon\u00a0: deux organisateurs sont arr\u00eat\u00e9s pour \u00ab\u00a0ind\u00e9cence\u00a0\u00bb"},"content":{"rendered":"<p>\n                                                                    l&rsquo;essentiel<br \/>\n                                                                Un marathon a d\u00e9clench\u00e9 une vive pol\u00e9mique apr\u00e8s la participation de femmes non voil\u00e9es. Deux organisateurs ont \u00e9t\u00e9 arr\u00eat\u00e9s pour \u00ab\u00a0ind\u00e9cence\u00a0\u00bb. Le port du voile, de plus en plus contest\u00e9, continue de diviser la soci\u00e9t\u00e9 en Iran.\n                            <\/p>\n<p>Deux individus ont \u00e9t\u00e9 arr\u00eat\u00e9s en Iran apr\u00e8s la participation de femmes non voil\u00e9es \u00e0 un marathon, qui a suscit\u00e9 la controverse, a annonc\u00e9 ce samedi 6\u00a0d\u00e9cembre l\u2019agence du pouvoir judiciaire.<\/p>\n<p>Selon les m\u00e9dias locaux, plus de 5\u00a0000 participants ont pris part vendredi matin au marathon de Kish, du nom de cette \u00eele touristique du sud de l\u2019Iran situ\u00e9e dans le Golfe.<\/p>\n<p>Plusieurs courses \u00e9taient r\u00e9serv\u00e9es aux femmes. Un certain nombre d\u2019entre elles ont particip\u00e9 non voil\u00e9es, contrairement \u00e0 l\u2019obligation de port du voile en vigueur en Iran depuis quatre d\u00e9cennies, selon des images diffus\u00e9es sur les r\u00e9seaux sociaux.<\/p>\n<p class=\"std-elt__inline\">\n        <strong>\u00c0 lire aussi :<\/strong><br \/>\n        <a href=\"https:\/\/www.ladepeche.fr\/2025\/04\/01\/port-du-voile-dans-le-sport-il-ne-faut-pas-stigmatiser-nos-9-millions-de-compatriotes-musulmans-francois-bayrou-ralentit-il-le-vote-de-cette-loi-12608745.php\" target=\"_blank\" rel=\"noopener\">Port du voile dans le sport\u00a0: \u00ab\u00a0Il ne faut pas stigmatiser nos\u00a09 millions de compatriotes musulmans\u00a0!\u00a0\u00bb Fran\u00e7ois Bayrou ralentit-il le vote de cette loi\u00a0?<\/a>\n    <\/p>\n<p>Vendredi soir, la justice iranienne a lanc\u00e9 des poursuites \u00e0 l\u2019encontre des organisateurs de l\u2019\u00e9v\u00e9nement pour \u00ab\u00a0ind\u00e9cence\u00a0\u00bb, apr\u00e8s la participation de femmes non voil\u00e9es, avait rapport\u00e9 l\u2019agence du pouvoir judiciaire, Mizan.<\/p>\n<p>\u00ab\u00a0La mani\u00e8re dont l\u2019\u00e9v\u00e9nement s\u2019est d\u00e9roul\u00e9 \u00e9tait contraire \u00e0 la d\u00e9cence\u00a0\u00bb, a estim\u00e9 le procureur g\u00e9n\u00e9ral de Kish, cit\u00e9 par Mizan. \u00ab\u00a0Une proc\u00e9dure p\u00e9nale a \u00e9t\u00e9 engag\u00e9e\u00a0\u00bb \u00e0 l\u2019encontre des organisateurs, ajoute l\u2019agence, appelant \u00e0 des mesures \u00ab\u00a0fermes, dissuasives et sans indulgence\u00a0\u00bb.<\/p>\n<p>L\u2019agence de presse Tasnim a pour sa part fustig\u00e9 une \u00ab\u00a0absence totale de surveillance et le non-respect des r\u00e8gles vestimentaires par une partie importante des participantes\u00a0\u00bb. Samedi dans l\u2019apr\u00e8s-midi, la justice iranienne a fait \u00e9tat de l\u2019arrestation de \u00ab\u00a0deux des principaux organisateurs\u00a0\u00bb de la comp\u00e9tition \u00e0 Kish.<\/p>\n<p class=\"std-elt__inline\">\n        <strong>\u00c0 lire aussi :<\/strong><br \/>\n        <a href=\"https:\/\/www.ladepeche.fr\/2025\/03\/25\/voile-dans-le-sport-ce-qui-nous-unit-est-plus-fort-que-ce-qui-nous-divise-teddy-riner-appelle-au-calme-apres-les-violentes-critiques-sur-ses-propos-12592800.php\" target=\"_blank\" rel=\"noopener\">Voile dans le sport\u00a0: \u00ab\u00a0Ce qui nous unit est plus fort que ce qui nous divise\u00a0!\u00a0\u00bb Teddy Riner appelle au calme apr\u00e8s les violentes critiques sur ses propos<\/a>\n    <\/p>\n<p>En vertu des r\u00e8gles impos\u00e9es apr\u00e8s la R\u00e9volution islamique de 1979, toutes les femmes en Iran doivent se couvrir les cheveux avec un voile (hijab) en public et porter des v\u00eatements sobres et amples. Mais cette obligation est de moins en moins respect\u00e9e en Iran, o\u00f9 nombre de femmes sortent d\u00e9sormais non voil\u00e9es dans la rue, certaines v\u00eatues de tenues l\u00e9g\u00e8res.<\/p>\n<p>Ce ph\u00e9nom\u00e8ne, inimaginable il y a encore quelques ann\u00e9es, semble avoir encore gagn\u00e9 en proportion depuis la fin de la guerre en juin contre Isra\u00ebl, en particulier dans la capitale T\u00e9h\u00e9ran.<\/p>\n<p>\u00ab\u00a0Deux des principaux organisateurs de la comp\u00e9tition ont \u00e9t\u00e9 arr\u00eat\u00e9s en vertu d\u2019un mandat d\u2019arr\u00eat\u00a0\u00bb, a indiqu\u00e9 l\u2019agence Mizan. \u00ab\u00a0L\u2019une des personnes arr\u00eat\u00e9es est un fonctionnaire de la zone franche de Kish et l\u2019autre travaille pour l\u2019entreprise priv\u00e9e organisatrice de la comp\u00e9tition\u00a0\u00bb, a pr\u00e9cis\u00e9 l\u2019agence de presse de la justice.<\/p>\n<p class=\"std-elt__inline\">\n        <strong>\u00c0 lire aussi :<\/strong><br \/>\n        <a href=\"https:\/\/www.ladepeche.fr\/2025\/03\/25\/voile-dans-le-sport-chacun-doit-pouvoir-pratiquer-avec-la-tenue-de-son-choix-tibo-inshape-influenceur-toulousain-plaide-pour-lautorisation-12592501.php\" target=\"_blank\" rel=\"noopener\">Voile dans le sport\u00a0: \u00ab\u00a0Chacun doit pouvoir pratiquer avec la tenue de son choix\u00a0!\u00a0\u00bb Tibo InShape, influenceur toulousain, plaide pour l\u2019autorisation<\/a>\n    <\/p>\n<p>Des personnalit\u00e9s du clerg\u00e9 et des conservateurs sont vent debout contre ce qu\u2019ils estiment \u00eatre la g\u00e9n\u00e9ralisation de la \u00ab\u00a0nudit\u00e9\u00a0\u00bb et une perc\u00e9e de l\u2019influence occidentale, per\u00e7ue comme une menace. Le voile divise la classe politique. Le pr\u00e9sident Massoud Pezeshkian consid\u00e8re que l\u2019on ne peut pas contraindre une femme \u00e0 porter le voile.<\/p>\n<p>Cette semaine, plus de la moiti\u00e9 des d\u00e9put\u00e9s ont accus\u00e9 la justice de laxisme pour ne pas faire respecter la loi. Le chef du pouvoir judiciaire, Gholamhossein Mohseni Eje\u00ef, a de nouveau pr\u00f4n\u00e9 jeudi davantage de fermet\u00e9. Ces derniers mois, les autorit\u00e9s ont ferm\u00e9 plusieurs caf\u00e9s et restaurants pour non-respect du voile obligatoire, tandis que des concerts et expositions ont pu accueillir des spectatrices sans voile.<\/p>\n","protected":false},"excerpt":{"rendered":"l&rsquo;essentiel Un marathon a d\u00e9clench\u00e9 une vive pol\u00e9mique apr\u00e8s la participation de femmes non voil\u00e9es. Deux organisateurs ont&hellip;\n","protected":false},"author":2,"featured_media":582529,"comment_status":"","ping_status":"","sticky":false,"template":"","format":"standard","meta":{"footnotes":""},"categories":[5],"tags":[11,34885,1011,27,14,12,517,28],"class_list":{"0":"post-582528","1":"post","2":"type-post","3":"status-publish","4":"format-standard","5":"has-post-thumbnail","7":"category-international","8":"tag-actualites","9":"tag-athlu00e9tisme","10":"tag-fr","11":"tag-france","12":"tag-international","13":"tag-news","14":"tag-sport","15":"tag-world"},"share_on_mastodon":{"url":"https:\/\/pubeurope.com\/@fr\/115673727407800553","error":""},"_links":{"self":[{"href":"https:\/\/www.europesays.com\/fr\/wp-json\/wp\/v2\/posts\/582528","targetHints":{"allow":["GET"]}}],"collection":[{"href":"https:\/\/www.europesays.com\/fr\/wp-json\/wp\/v2\/posts"}],"about":[{"href":"https:\/\/www.europesays.com\/fr\/wp-json\/wp\/v2\/types\/post"}],"author":[{"embeddable":true,"href":"https:\/\/www.europesays.com\/fr\/wp-json\/wp\/v2\/users\/2"}],"replies":[{"embeddable":true,"href":"https:\/\/www.europesays.com\/fr\/wp-json\/wp\/v2\/comments?post=582528"}],"version-history":[{"count":0,"href":"https:\/\/www.europesays.com\/fr\/wp-json\/wp\/v2\/posts\/582528\/revisions"}],"wp:featuredmedia":[{"embeddable":true,"href":"https:\/\/www.europesays.com\/fr\/wp-json\/wp\/v2\/media\/582529"}],"wp:attachment":[{"href":"https:\/\/www.europesays.com\/fr\/wp-json\/wp\/v2\/media?parent=582528"}],"wp:term":[{"taxonomy":"category","embeddable":true,"href":"https:\/\/www.europesays.com\/fr\/wp-json\/wp\/v2\/categories?post=582528"},{"taxonomy":"post_tag","embeddable":true,"href":"https:\/\/www.europesays.com\/fr\/wp-json\/wp\/v2\/tags?post=582528"}],"curies":[{"name":"wp","href":"https:\/\/api.w.org\/{rel}","templated":true}]}}