{"id":582537,"date":"2025-12-06T17:13:19","date_gmt":"2025-12-06T17:13:19","guid":{"rendered":"https:\/\/www.europesays.com\/fr\/582537\/"},"modified":"2025-12-06T17:13:19","modified_gmt":"2025-12-06T17:13:19","slug":"nancy-les-etudiants-en-quete-de-specialisations-au-centre-prouve","status":"publish","type":"post","link":"https:\/\/www.europesays.com\/fr\/582537\/","title":{"rendered":"Nancy. Les \u00e9tudiants en qu\u00eate de sp\u00e9cialisations au centre Prouv\u00e9"},"content":{"rendered":"<p>C\u2019est une premi\u00e8re. Le Salon de l\u2019\u00e9tudiant masters, mast\u00e8res sp\u00e9cialis\u00e9s, MSc (Master of science) et MBA s\u2019est tenu pour la premi\u00e8re fois \u00e0 Nancy, au centre de congr\u00e8s Prouv\u00e9, samedi 6\u00a0d\u00e9cembre.\u00a0Organis\u00e9 en partenariat avec l\u2019acad\u00e9mie de Nancy-Metz, ce rendez-vous est pr\u00e9sent\u00e9 comme une \u00e9tape cl\u00e9 pour affiner son parcours post-licence et anticiper sa sp\u00e9cialisation.<\/p>\n<p>\u00ab\u00a0Nous organisons une quinzaine de salons comme celui-ci en France, explique Camille Brodel, responsable de l\u2019\u00e9v\u00e9nement pour L\u2019\u00c9tudiant. Nous nous devions d\u2019\u00eatre pr\u00e9sents dans une ville \u00e9tudiante comme Nancy. L\u2019objectif est de r\u00e9pondre aux besoins des jeunes, en les guidant au mieux \u00e0 travers la complexit\u00e9 des \u00e9tudes sup\u00e9rieures. Aujourd\u2019hui, les \u00e9tudiants bac +\u00a03 qui veulent poursuivre leurs \u00e9tudes peuvent se renseigner aupr\u00e8s de vingt stands repr\u00e9sentant des universit\u00e9s, des \u00e9coles de commerce et d\u2019ing\u00e9nieur priv\u00e9es. L\u2019Universit\u00e9 du Luxembourg pr\u00e9sente un parcours international.\u00a0\u00bb<\/p>\n<p>  Part belle aux perspectives \u00e0 l\u2019international<\/p>\n<p>Tout au long de la journ\u00e9e, les visiteurs ont pu \u00e9changer directement avec des enseignants, des \u00e9tudiants, membres du r\u00e9seau Alumni, responsables de formations et des professionnels, et demander des informations sur les parcours, les attentes des recruteurs et les secteurs porteurs. \u00ab\u00a0Nous avons aussi pr\u00e9vu des conf\u00e9rences et des ateliers cibl\u00e9s sur les perspectives \u00e0 l\u2019international et les sp\u00e9cificit\u00e9s r\u00e9gionales\u00a0\u00bb, d\u00e9taille Camille Brodel.<\/p>\n<p>La date choisie pour cette premi\u00e8re \u00e9dition, jour du d\u00e9fil\u00e9 de la Saint-Nicolas, n\u2019a pas facilit\u00e9 la venue des visiteurs du fait des contraintes de circulation et de stationnement. Mais Camille Brodel assure que le salon reviendra \u00e0 Nancy l\u2019an prochain. \u00ab\u00a0Nous souhaitons p\u00e9renniser ce rendez-vous.\u00a0\u00bb<\/p>\n","protected":false},"excerpt":{"rendered":"C\u2019est une premi\u00e8re. Le Salon de l\u2019\u00e9tudiant masters, mast\u00e8res sp\u00e9cialis\u00e9s, MSc (Master of science) et MBA s\u2019est tenu&hellip;\n","protected":false},"author":2,"featured_media":582538,"comment_status":"","ping_status":"","sticky":false,"template":"","format":"standard","meta":{"footnotes":""},"categories":[9635],"tags":[1111,11,1704,1057,4854,1777,674,1011,27,775,1702,1703,12,25],"class_list":{"0":"post-582537","1":"post","2":"type-post","3":"status-publish","4":"format-standard","5":"has-post-thumbnail","7":"category-nancy","8":"tag-actu","9":"tag-actualites","10":"tag-edition-nancy-et-agglomeration","11":"tag-education","12":"tag-enseignement-superieur","13":"tag-eu","14":"tag-europe","15":"tag-fr","16":"tag-france","17":"tag-grand-est","18":"tag-nancy","19":"tag-nancy-ville-54b","20":"tag-news","21":"tag-republique-francaise"},"share_on_mastodon":{"url":"https:\/\/pubeurope.com\/@fr\/115673747082103901","error":""},"_links":{"self":[{"href":"https:\/\/www.europesays.com\/fr\/wp-json\/wp\/v2\/posts\/582537","targetHints":{"allow":["GET"]}}],"collection":[{"href":"https:\/\/www.europesays.com\/fr\/wp-json\/wp\/v2\/posts"}],"about":[{"href":"https:\/\/www.europesays.com\/fr\/wp-json\/wp\/v2\/types\/post"}],"author":[{"embeddable":true,"href":"https:\/\/www.europesays.com\/fr\/wp-json\/wp\/v2\/users\/2"}],"replies":[{"embeddable":true,"href":"https:\/\/www.europesays.com\/fr\/wp-json\/wp\/v2\/comments?post=582537"}],"version-history":[{"count":0,"href":"https:\/\/www.europesays.com\/fr\/wp-json\/wp\/v2\/posts\/582537\/revisions"}],"wp:featuredmedia":[{"embeddable":true,"href":"https:\/\/www.europesays.com\/fr\/wp-json\/wp\/v2\/media\/582538"}],"wp:attachment":[{"href":"https:\/\/www.europesays.com\/fr\/wp-json\/wp\/v2\/media?parent=582537"}],"wp:term":[{"taxonomy":"category","embeddable":true,"href":"https:\/\/www.europesays.com\/fr\/wp-json\/wp\/v2\/categories?post=582537"},{"taxonomy":"post_tag","embeddable":true,"href":"https:\/\/www.europesays.com\/fr\/wp-json\/wp\/v2\/tags?post=582537"}],"curies":[{"name":"wp","href":"https:\/\/api.w.org\/{rel}","templated":true}]}}