{"id":582545,"date":"2025-12-06T17:18:12","date_gmt":"2025-12-06T17:18:12","guid":{"rendered":"https:\/\/www.europesays.com\/fr\/582545\/"},"modified":"2025-12-06T17:18:12","modified_gmt":"2025-12-06T17:18:12","slug":"municipales-2026-a-montpelllier-cause-commune-invite-les-citoyens-a-candidater-sur-sa-liste-aux-elections","status":"publish","type":"post","link":"https:\/\/www.europesays.com\/fr\/582545\/","title":{"rendered":"Municipales 2026 \u00e0 Montpelllier\u00a0: Cause Commune invite les citoyens \u00e0 candidater sur sa liste aux \u00e9lections"},"content":{"rendered":"<p>\n                                                                La campagne du mouvement citoyen de gauche est d\u00e9sormais lanc\u00e9e avec un premier objectif\u00a0: trouver 69 candidats pour monter une liste aux municipales.\n                            <\/p>\n<p>\u00ab\u00a0Tout le monde\u00a0est l\u00e9gitime pour \u00eatre candidat.\u00a0\u00bb\u00a0M\u00eame si la campagne des municipales n\u2019a pas encore r\u00e9ellement d\u00e9but\u00e9 \u00e0 Montpellier, Cause Commune a organis\u00e9 une grande rencontre citoyenne ce samedi 6\u00a0d\u00e9cembre au Parc Tastavin\u00a0afin de lancer la constitution\u00a0de sa liste pour les prochaines \u00e9lections.<\/p>\n<p>Pour ce faire, le collectif de gauche propose aux Montpelli\u00e9raines et Montpelli\u00e9rains qui le d\u00e9sirent, de se porter candidat pour faire partie de cette fameuse liste qui se voudra ainsi plus repr\u00e9sentative.<\/p>\n<p>Chacun peut se porter candidat<\/p>\n<p>\u00ab\u00a0\u00catre \u00e9lu, ce n\u2019est pas r\u00e9serv\u00e9 \u00e0 une \u00e9lite. Les habitants ont de plus en plus envie de reprendre cette place\u00a0\u00bb, explique Marc Nougier, l\u2019un des quatre porte-paroles du mouvement avec Alenka Doulain, Soufyan Heutte et Anne Bisson.<\/p>\n<p>Et c\u2019est pourquoi Cause Commune propose \u00e0 chacun de pouvoir le faire. \u00ab\u00a0Les gens peuvent ainsi se porter candidat ou pl\u00e9bisciter des personnes qu\u2019ils verraient bien \u00eatre \u00e9lues, proposant leur nom\u2026\u00a0\u00bb<\/p>\n<p>Une premi\u00e8re \u00e9tape. En pratique, chaque personne peut remplir un formulaire lors des rencontres (la prochaine se d\u00e9roule au Broc Caf\u00e9 mardi 9\u00a0d\u00e9cembre \u00e0 18\u00a0h\u00a030) ou\u00a0via le site de Cause Commune dont un lien sera ajout\u00e9 pour le questionnaire.<\/p>\n<p>Attention, d\u00e9p\u00f4t des candidatures via formulaire doit \u00eatre effective avant le 20\u00a0d\u00e9cembre. Une fois tous les dossiers r\u00e9colt\u00e9s, la place sera donn\u00e9e aux entretiens avant un tirage au sort. \u00ab\u00a0Pour une d\u00e9mocratie directe et r\u00e9elle.\u00a0\u00bb<\/p>\n<p>Des alliances possibles\u00a0?<\/p>\n<p>Cause Commune pourrait partir avec sa propre liste mais ne se ferme pas la porte \u00e0 une alliance avec le Printemps Montpelli\u00e9rain de Jean-Louis Roum\u00e9gas ou avec La France insoumise de Nathalie Oziol. \u00ab\u00a0Si on est capable de se rassembler. Mais quel que soit le sc\u00e9nario, \u00e7a permettra de proposer des citoyens et donc une repr\u00e9sentativit\u00e9 des habitants.\u00a0\u00bb<\/p>\n","protected":false},"excerpt":{"rendered":"La campagne du mouvement citoyen de gauche est d\u00e9sormais lanc\u00e9e avec un premier objectif\u00a0: trouver 69 candidats pour&hellip;\n","protected":false},"author":2,"featured_media":582546,"comment_status":"","ping_status":"","sticky":false,"template":"","format":"standard","meta":{"footnotes":""},"categories":[9599],"tags":[1111,11,5949,1777,674,1011,27,7089,2208,3434,12,2680,316,25],"class_list":{"0":"post-582545","1":"post","2":"type-post","3":"status-publish","4":"format-standard","5":"has-post-thumbnail","7":"category-montpellier","8":"tag-actu","9":"tag-actualites","10":"tag-elections","11":"tag-eu","12":"tag-europe","13":"tag-fr","14":"tag-france","15":"tag-herault","16":"tag-montpellier","17":"tag-municipales-2026","18":"tag-news","19":"tag-occitanie","20":"tag-politique","21":"tag-republique-francaise"},"share_on_mastodon":{"url":"https:\/\/pubeurope.com\/@fr\/115673766638648051","error":""},"_links":{"self":[{"href":"https:\/\/www.europesays.com\/fr\/wp-json\/wp\/v2\/posts\/582545","targetHints":{"allow":["GET"]}}],"collection":[{"href":"https:\/\/www.europesays.com\/fr\/wp-json\/wp\/v2\/posts"}],"about":[{"href":"https:\/\/www.europesays.com\/fr\/wp-json\/wp\/v2\/types\/post"}],"author":[{"embeddable":true,"href":"https:\/\/www.europesays.com\/fr\/wp-json\/wp\/v2\/users\/2"}],"replies":[{"embeddable":true,"href":"https:\/\/www.europesays.com\/fr\/wp-json\/wp\/v2\/comments?post=582545"}],"version-history":[{"count":0,"href":"https:\/\/www.europesays.com\/fr\/wp-json\/wp\/v2\/posts\/582545\/revisions"}],"wp:featuredmedia":[{"embeddable":true,"href":"https:\/\/www.europesays.com\/fr\/wp-json\/wp\/v2\/media\/582546"}],"wp:attachment":[{"href":"https:\/\/www.europesays.com\/fr\/wp-json\/wp\/v2\/media?parent=582545"}],"wp:term":[{"taxonomy":"category","embeddable":true,"href":"https:\/\/www.europesays.com\/fr\/wp-json\/wp\/v2\/categories?post=582545"},{"taxonomy":"post_tag","embeddable":true,"href":"https:\/\/www.europesays.com\/fr\/wp-json\/wp\/v2\/tags?post=582545"}],"curies":[{"name":"wp","href":"https:\/\/api.w.org\/{rel}","templated":true}]}}