{"id":582549,"date":"2025-12-06T17:20:13","date_gmt":"2025-12-06T17:20:13","guid":{"rendered":"https:\/\/www.europesays.com\/fr\/582549\/"},"modified":"2025-12-06T17:20:13","modified_gmt":"2025-12-06T17:20:13","slug":"la-rouennaise-victoire-dupuis-peut-elle-devenir-miss-france-les-atouts-et-faiblesses-de-miss-normandie","status":"publish","type":"post","link":"https:\/\/www.europesays.com\/fr\/582549\/","title":{"rendered":"La Rouennaise Victoire Dupuis peut-elle devenir Miss France ? Les atouts et faiblesses de Miss Normandie"},"content":{"rendered":"<p>                    Par<br \/>\n        <strong><br \/>\n            <a href=\"https:\/\/actu.fr\/auteur\/julien-bouteiller\" title=\"Consulter tous les articles de Julien Bouteiller\" target=\"_blank\" rel=\"noopener\">Julien Bouteiller<\/a><br \/>\n                    <\/strong><\/p>\n<p>        Publi\u00e9 le<\/p>\n<p>            6 d\u00e9c. 2025 \u00e0 18h03        <\/p>\n<p><strong>Parfois d\u00e9cri\u00e9, toujours tr\u00e8s suivi<\/strong>, le concours suscite chaque ann\u00e9e les passions. Qui sera couronn\u00e9e <a href=\"https:\/\/actu.fr\/tag\/miss-france\" target=\"_blank\" rel=\"noopener\">Miss France 2026<\/a> ? On le saura ce samedi 6 d\u00e9cembre. Mais quelles sont les chances de<strong> Miss Normandi<\/strong>e de l\u2019emporter ? On fait le point sur<strong> les atouts et faiblesses<\/strong> <a href=\"https:\/\/actu.fr\/normandie\/rouen_76540\/sacree-miss-normandie-2025-victoire-dupuis-est-originaire-de-rouen_62782298.html\" target=\"_blank\" rel=\"noopener\">de la Rouennaise Victoire Dupuis<\/a>.<\/p>\n<p>Les atouts de Miss Normandie pour devenir Miss France<\/p>\n<p class=\" wall-content\"><a href=\"https:\/\/actu.fr\/normandie\/caen_14118\/victoire-dupuis-est-elue-miss-normandie-2025-au-zenith-de-caen_62773046.html\" target=\"_blank\" rel=\"noopener\">Couronn\u00e9e \u00e0 Caen<\/a>, Victoire Dupuis a d\u2019abord pour elle une r\u00e9gion au beau palmar\u00e8s.<strong> Sept Miss Normandie ont re\u00e7u le sacre de Miss France<\/strong> : Monica Negler (1958), Jeanne Beck (1967), Isabelle Benard (1981), Martine Robine (1984); Cindy Fabre (2005), Malika M\u00e9nard (2010) et Amandine Petit (2021).<\/p>\n<p class=\" wall-content\">Cela prouve que les Normandes peuvent compter sur le soutien de leur r\u00e9gion.\u00a0<\/p>\n<p class=\" wall-content\">\u00c2g\u00e9e de 20 ans, Victoire Dupuis \u00e9tudie la communication. Cela pourrait \u00eatre un avantage si elle exploite ses comp\u00e9tences pour \u00eatre \u00e0 l\u2019aise sur sc\u00e8ne et passer les bons messages. Elle revendique : \u00ab\u00a0J\u2019ai toujours ador\u00e9 l\u2019\u00e9loquence, parler devant un public\u00a0\u00bb.<\/p>\n<p class=\" wall-content\">Elle veut par ailleurs faire de la sensibilisation <strong>\u00e0 la sant\u00e9 mentale<\/strong> une de ses causes. Et le moins que l\u2019on puisse dire, c\u2019est que c\u2019est une question d\u2019actualit\u00e9, et c\u2019est m\u00eame une des grandes causes nationales du gouvernement.<\/p>\n<p class=\" wall-content\"><a href=\"https:\/\/www.instagram.com\/p\/DQ4FIPUDATU\/embed\" title=\"Ouvrir le lien sur Instagram\" target=\"_blank\" rel=\"noopener\">Visualiser le contenu sur Instagram<\/a><\/p>\n<p>Les faiblesses de la Rouennaise pour l\u2019emporter<\/p>\n<p class=\" wall-content\">Toutefois, la Rouennaise <strong>ne part pas favorite des pronostiqueurs<\/strong> (<a href=\"https:\/\/actu.fr\/loisirs-culture\/election-de-miss-france-2026-nord-pas-de-calais-tahiti-qui-va-gagner-voici-les-pronostics-de-l-ia_63510056.html\" target=\"_blank\" rel=\"noopener\">ou des IA \u00e0 qui l\u2019on demande de faire des paris<\/a>). Elle n\u2019appara\u00eet d\u2019ailleurs pas dans la plupart des top 5 pronostiqu\u00e9s que nous avons pu consulter.<\/p>\n<p>Votre r\u00e9gion, votre actu !<\/p>\n<p>Recevez chaque jour les infos qui comptent pour vous.<\/p>\n<p>\t<a href=\"https:\/\/actu.fr\/newsletter\" class=\"ac-btn ac-btn--corner ac-btn--medium ac-btn--blue800\" target=\"_blank\" rel=\"noopener\">S&rsquo;incrire<\/a><\/p>\n<p class=\" wall-content\">D\u2019abord parce que la concurrence r\u00e9gionale est rude. On pense notamment a<strong>ux Miss d\u2019\u00cele-de-France et du Nord-Pas-de-Calais<\/strong>, souvent fortes d\u2019un tr\u00e8s gros soutien populaire. On peut aussi noter que la Tahitienne <strong>Hinaupoko Dev\u00e8ze est tr\u00e8s suivie sur les r\u00e9seaux sociaux<\/strong>, ce qui peut lui donner un avantage.<\/p>\n<p class=\" wall-content\">Ensuite, on peut noter que dans un concours qui souhaite moderniser son image, Victoire Dupuis ne coche pas forc\u00e9ment les cases avec son profil \u00ab\u00a0classique\u00a0\u00bb d\u2019\u00e9tudiante en communication qui se verrait bien animatrice t\u00e9l\u00e9.<\/p>\n<p class=\" wall-content\">Notre Miss Normandie devra donc briller pour \u00e9clipser ses concurrentes, et pourquoi pas \u00eatre l\u2019outsider qui cr\u00e9e la surprise\u2026<\/p>\n<p class=\" wall-content\"><a href=\"https:\/\/www.instagram.com\/p\/DK3H2ZiIhsZ\/embed\" title=\"Ouvrir le lien sur Instagram\" target=\"_blank\" rel=\"noopener\">Visualiser le contenu sur Instagram<\/a><\/p>\n<p>Suivez l\u2019actualit\u00e9 de Rouen <a href=\"https:\/\/www.whatsapp.com\/channel\/0029VaKfnf99hXF2ddApFB1D\" target=\"_blank\" rel=\"noopener\">sur notre cha\u00eene WhatsApp<\/a> et <a href=\"https:\/\/www.tiktok.com\/@76actu.fr?lang=fr\" target=\"_blank\" rel=\"noopener\">sur notre compte TikTok<\/a><\/p>\n<p class=\" wall-content\">Personnalisez votre actualit\u00e9 en ajoutant vos villes et m\u00e9dias en favori avec <a href=\"https:\/\/moncompte.actu.fr\" title=\"D\u00e9couvez Mon Actu\" rel=\"nofollow noopener\" data-trk=\"{&quot;cta&quot;:{&quot;action&quot;:&quot;https:\\\/\\\/moncompte.actu.fr&quot;,&quot;category&quot;:&quot;mon compte&quot;,&quot;from&quot;:&quot;article footer&quot;,&quot;name&quot;:&quot;Mon actu&quot;,&quot;type&quot;:&quot;cta&quot;}}\" target=\"_blank\">Mon Actu<\/a>.<\/p>\n<p>                    <script async src=\"\/\/www.instagram.com\/embed.js\"><\/script><script async src=\"\/\/www.tiktok.com\/embed.js\"><\/script><\/p>\n","protected":false},"excerpt":{"rendered":"Par Julien Bouteiller Publi\u00e9 le 6 d\u00e9c. 2025 \u00e0 18h03 Parfois d\u00e9cri\u00e9, toujours tr\u00e8s suivi, le concours suscite&hellip;\n","protected":false},"author":2,"featured_media":582550,"comment_status":"","ping_status":"","sticky":false,"template":"","format":"standard","meta":{"footnotes":""},"categories":[9587],"tags":[1111,11,1777,674,1011,27,1652,3034,12,5161,25,9590,252],"class_list":{"0":"post-582549","1":"post","2":"type-post","3":"status-publish","4":"format-standard","5":"has-post-thumbnail","7":"category-rouen","8":"tag-actu","9":"tag-actualites","10":"tag-eu","11":"tag-europe","12":"tag-fr","13":"tag-france","14":"tag-loisirs-culture","15":"tag-miss-france","16":"tag-news","17":"tag-normandie","18":"tag-republique-francaise","19":"tag-rouen","20":"tag-television"},"share_on_mastodon":{"url":"https:\/\/pubeurope.com\/@fr\/115673774453894972","error":""},"_links":{"self":[{"href":"https:\/\/www.europesays.com\/fr\/wp-json\/wp\/v2\/posts\/582549","targetHints":{"allow":["GET"]}}],"collection":[{"href":"https:\/\/www.europesays.com\/fr\/wp-json\/wp\/v2\/posts"}],"about":[{"href":"https:\/\/www.europesays.com\/fr\/wp-json\/wp\/v2\/types\/post"}],"author":[{"embeddable":true,"href":"https:\/\/www.europesays.com\/fr\/wp-json\/wp\/v2\/users\/2"}],"replies":[{"embeddable":true,"href":"https:\/\/www.europesays.com\/fr\/wp-json\/wp\/v2\/comments?post=582549"}],"version-history":[{"count":0,"href":"https:\/\/www.europesays.com\/fr\/wp-json\/wp\/v2\/posts\/582549\/revisions"}],"wp:featuredmedia":[{"embeddable":true,"href":"https:\/\/www.europesays.com\/fr\/wp-json\/wp\/v2\/media\/582550"}],"wp:attachment":[{"href":"https:\/\/www.europesays.com\/fr\/wp-json\/wp\/v2\/media?parent=582549"}],"wp:term":[{"taxonomy":"category","embeddable":true,"href":"https:\/\/www.europesays.com\/fr\/wp-json\/wp\/v2\/categories?post=582549"},{"taxonomy":"post_tag","embeddable":true,"href":"https:\/\/www.europesays.com\/fr\/wp-json\/wp\/v2\/tags?post=582549"}],"curies":[{"name":"wp","href":"https:\/\/api.w.org\/{rel}","templated":true}]}}