{"id":582553,"date":"2025-12-06T17:22:12","date_gmt":"2025-12-06T17:22:12","guid":{"rendered":"https:\/\/www.europesays.com\/fr\/582553\/"},"modified":"2025-12-06T17:22:12","modified_gmt":"2025-12-06T17:22:12","slug":"une-centaine-de-militants-pro-palestine-et-pro-independance-de-la-nouvelle-caledonie-en-centre-ville","status":"publish","type":"post","link":"https:\/\/www.europesays.com\/fr\/582553\/","title":{"rendered":"une centaine de militants pro-Palestine et pro-ind\u00e9pendance de la Nouvelle-Cal\u00e9donie en centre-ville"},"content":{"rendered":"<p>Le parvis de l\u2019Abb\u00e9-Pierre \u00e0 Grenoble a \u00e9t\u00e9 secou\u00e9 par un rassemblement en soutien aux Palestiniens et aux ind\u00e9pendantistes cal\u00e9doniens, ce samedi apr\u00e8s-midi. Cent personnes, parmi lesquelles des militants Jeunes Communistes ou encore Free Palestine Grenoble, ont manifest\u00e9 \u00e0 l\u2019occasion de la venue \u00e0 Grenoble de Steeve Un\u00eb, un des militants du Front de lib\u00e9ration nationale kanak et socialiste (FLNKS) lib\u00e9r\u00e9s aux c\u00f4t\u00e9s de <a href=\"https:\/\/www.ledauphine.com\/politique\/2025\/12\/04\/dix-huit-mois-apres-le-leader-independantiste-christian-tein-est-de-retour-chez-lui\" target=\"_blank\" rel=\"noopener\">Christian Tein<\/a> , le pr\u00e9sident de l\u2019organisation ind\u00e9pendantiste, en juin.<\/p>\n<p>Quelques minutes apr\u00e8s avoir scand\u00e9 des slogans pro-Palestine et pro-Kanaky, la foule a laiss\u00e9 la parole \u00e0 Steeve Un\u00eb. Ce dernier a rappel\u00e9 la position du FLNKS contre les accords de Bougival. \u00ab\u00a0Comme en Palestine, la colonisation est un non-respect des droits de l\u2019Homme\u00a0\u00bb, a-t-il conclu.<\/p>\n<p>Le militant cal\u00e9donien sera pr\u00e9sent \u00e0 la salle du Lys rouge, toujours \u00e0 Grenoble, ce samedi 6\u00a0d\u00e9cembre, pour un temps d\u2019\u00e9change sur la situation en Nouvelle-Cal\u00e9donie.<\/p>\n","protected":false},"excerpt":{"rendered":"Le parvis de l\u2019Abb\u00e9-Pierre \u00e0 Grenoble a \u00e9t\u00e9 secou\u00e9 par un rassemblement en soutien aux Palestiniens et aux&hellip;\n","protected":false},"author":2,"featured_media":582554,"comment_status":"","ping_status":"","sticky":false,"template":"","format":"standard","meta":{"footnotes":""},"categories":[9566],"tags":[1111,11,2430,9671,112,1777,674,1011,27,2731,2732,108,12,316,25,801,104,1631],"class_list":{"0":"post-582553","1":"post","2":"type-post","3":"status-publish","4":"format-standard","5":"has-post-thumbnail","7":"category-grenoble","8":"tag-actu","9":"tag-actualites","10":"tag-auvergne-rhone-alpes","11":"tag-conflit-social","12":"tag-edition-grenoble-agglomeration","13":"tag-eu","14":"tag-europe","15":"tag-fr","16":"tag-france","17":"tag-grenoble","18":"tag-grenoble-bassin","19":"tag-isere","20":"tag-news","21":"tag-politique","22":"tag-republique-francaise","23":"tag-social","24":"tag-societe","25":"tag-vie-associative"},"share_on_mastodon":{"url":"https:\/\/pubeurope.com\/@fr\/115673782337727493","error":""},"_links":{"self":[{"href":"https:\/\/www.europesays.com\/fr\/wp-json\/wp\/v2\/posts\/582553","targetHints":{"allow":["GET"]}}],"collection":[{"href":"https:\/\/www.europesays.com\/fr\/wp-json\/wp\/v2\/posts"}],"about":[{"href":"https:\/\/www.europesays.com\/fr\/wp-json\/wp\/v2\/types\/post"}],"author":[{"embeddable":true,"href":"https:\/\/www.europesays.com\/fr\/wp-json\/wp\/v2\/users\/2"}],"replies":[{"embeddable":true,"href":"https:\/\/www.europesays.com\/fr\/wp-json\/wp\/v2\/comments?post=582553"}],"version-history":[{"count":0,"href":"https:\/\/www.europesays.com\/fr\/wp-json\/wp\/v2\/posts\/582553\/revisions"}],"wp:featuredmedia":[{"embeddable":true,"href":"https:\/\/www.europesays.com\/fr\/wp-json\/wp\/v2\/media\/582554"}],"wp:attachment":[{"href":"https:\/\/www.europesays.com\/fr\/wp-json\/wp\/v2\/media?parent=582553"}],"wp:term":[{"taxonomy":"category","embeddable":true,"href":"https:\/\/www.europesays.com\/fr\/wp-json\/wp\/v2\/categories?post=582553"},{"taxonomy":"post_tag","embeddable":true,"href":"https:\/\/www.europesays.com\/fr\/wp-json\/wp\/v2\/tags?post=582553"}],"curies":[{"name":"wp","href":"https:\/\/api.w.org\/{rel}","templated":true}]}}