{"id":582555,"date":"2025-12-06T17:23:18","date_gmt":"2025-12-06T17:23:18","guid":{"rendered":"https:\/\/www.europesays.com\/fr\/582555\/"},"modified":"2025-12-06T17:23:18","modified_gmt":"2025-12-06T17:23:18","slug":"le-ps-se-dechire-au-sujet-de-lalliance-avec-laurence-ruffin","status":"publish","type":"post","link":"https:\/\/www.europesays.com\/fr\/582555\/","title":{"rendered":"le PS se d\u00e9chire au sujet de l&rsquo;alliance avec Laurence Ruffin"},"content":{"rendered":"<p>Une large majorit\u00e9 des adh\u00e9rents du PS grenoblois a vot\u00e9 jeudi soir contre la liste de candidats socialistes devant figurer sur la liste de Laurence Ruffin. Avec 27 \u00ab\u00a0non\u00a0\u00bb et 22 \u00ab\u00a0oui\u00a0\u00bb, le deal tombait \u00e0 l&rsquo;eau.<\/p>\n<p>Mais Paris a vol\u00e9 \u00e0 la rescousse d&rsquo;Amandine Germain, C\u00e9cile Cenatiempo, Michelle Daran, Emmanuelle Bertrand, Hassen Bouzeghoub, Thibault Martin, Kyllian Bures et David Bousquet, les huit socialistes qui doivent int\u00e9grer la liste de Laurence Ruffin, en jetant le r\u00e9sultat du vote \u00e0 la poubelle et en validant l&rsquo;alliance.<\/p>\n<p>Une v\u00e9ritable opposition interne \u00e0 cette union qui est pourtant historique, tant PS et \u00e9cologistes se sont rarement entendus dans la capitale des Alpes. Le groupe PS du conseil municipal figurait jusque l\u00e0 dans l\u2019opposition \u00e0 la majorit\u00e9 d&rsquo;Eric Piolle, dont il critiquait particuli\u00e8rement fortement l\u2019abandon de tout dialogue et des quartiers.<\/p>\n<p>Le choix de Amandine Germain, \u00e9lue avec les Verts au conseil d\u00e9partemental de l&rsquo;Is\u00e8re et favorable au soutien de Laurence Ruffin, comme cheffe de file passait mal chez certains militants.<\/p>\n<p><strong>Des blessures pas encore cicatris\u00e9es<\/strong><\/p>\n<p>Le psychodrame du choix des candidats PS a d\u2019autant plus raviv\u00e9 les blessures que Laurence Ruffin s\u2019est inscrite dans la continuit\u00e9 des m\u00e9thodes consid\u00e9r\u00e9es comme muscl\u00e9es d\u2019Eric Piolle : elle a ainsi r\u00e9cus\u00e9 tout candidat PS qui n\u2019aurait pas vot\u00e9 en interne pour l\u2019alliance avec elle et interdit la constitution future d\u2019un groupe PS au conseil municipal pour s&rsquo;assurer d&rsquo;une certaine discipline au sein de sa majorit\u00e9 en cas de victoire en mars prochain.<\/p>\n<p>De plus, les \u00e9lus PS qui avaient fait dissidence avec leur parti en 2020 en ralliant Eric Piolle ont \u00e9t\u00e9 les premi\u00e8res victimes de la majorit\u00e9 en \u00e9tant brutalement d\u00e9mis de leurs fonctions d\u2019adjoints au maire pour avoir seulement d\u00e9battu de l\u2019opportunit\u00e9 de la hausse de 30% de la taxe fonci\u00e8re, qu\u2019ils avaient pourtant finalement vot\u00e9e.<\/p>\n<p>Ces pr\u00e9mices de la p\u00e9rennit\u00e9 d\u2019une machine politique implacable, qui est un des points de crispation du bilan Piolle, tombe mal pour la candidate de la majorit\u00e9 sortante.<\/p>\n<p>En mettant en \u0153uvre les m\u00eames m\u00e9thodes contre le PS, Laurence Ruffin prend le risque d\u2019apparaitre comme un clone du maire \u00e9cologiste, prolongeant un syst\u00e8me de gouvernance identique.<\/p>\n<p>Pour le parti \u00e0 la rose, qui a longtemps dirig\u00e9 Grenoble par le pass\u00e9, accepter de passer dans ses fourches caudines reviendrait \u00e0 disparaitre du paysage politique local.<\/p>\n<p>D&rsquo;o\u00f9 cette bataille interne \u00e0 laquelle on assiste, avec le camp de ceux qui ne veulent pas s&rsquo;effacer, derri\u00e8re lequel semble s\u2019\u00eatre rang\u00e9 l\u2019ancien d\u00e9put\u00e9-maire, Michel Destot.<\/p>\n<p>L\u2019autre candidat de la gauche, Romain Gentil (Place Publique) pourrait tenter de profiter de l\u2019opportunit\u00e9. A moins qu\u2019au final, le candidat de l\u2019opposition, Alain Carignon avec \u00ab\u00a0R\u00e9concilier Grenoble\u00a0\u00bb ne soit le b\u00e9n\u00e9ficiaire de ceux qui veulent tourner la page ?<\/p>\n","protected":false},"excerpt":{"rendered":"Une large majorit\u00e9 des adh\u00e9rents du PS grenoblois a vot\u00e9 jeudi soir contre la liste de candidats socialistes&hellip;\n","protected":false},"author":2,"featured_media":582556,"comment_status":"","ping_status":"","sticky":false,"template":"","format":"standard","meta":{"footnotes":""},"categories":[9566],"tags":[1111,11,2813,2430,1109,251,1112,2811,1777,674,118,1011,27,21780,2731,14004,1922,1110,1114,108,12,316,25,2812,517,800],"class_list":{"0":"post-582555","1":"post","2":"type-post","3":"status-publish","4":"format-standard","5":"has-post-thumbnail","7":"category-grenoble","8":"tag-actu","9":"tag-actualites","10":"tag-article","11":"tag-auvergne-rhone-alpes","12":"tag-breves","13":"tag-culture","14":"tag-depeches","15":"tag-economique","16":"tag-eu","17":"tag-europe","18":"tag-faits-divers","19":"tag-fr","20":"tag-france","21":"tag-gf38","22":"tag-grenoble","23":"tag-grenoblemag","24":"tag-info","25":"tag-informations","26":"tag-infos","27":"tag-isere","28":"tag-news","29":"tag-politique","30":"tag-republique-francaise","31":"tag-sociale","32":"tag-sport","33":"tag-transports"},"share_on_mastodon":{"url":"https:\/\/pubeurope.com\/@fr\/115673786329693493","error":""},"_links":{"self":[{"href":"https:\/\/www.europesays.com\/fr\/wp-json\/wp\/v2\/posts\/582555","targetHints":{"allow":["GET"]}}],"collection":[{"href":"https:\/\/www.europesays.com\/fr\/wp-json\/wp\/v2\/posts"}],"about":[{"href":"https:\/\/www.europesays.com\/fr\/wp-json\/wp\/v2\/types\/post"}],"author":[{"embeddable":true,"href":"https:\/\/www.europesays.com\/fr\/wp-json\/wp\/v2\/users\/2"}],"replies":[{"embeddable":true,"href":"https:\/\/www.europesays.com\/fr\/wp-json\/wp\/v2\/comments?post=582555"}],"version-history":[{"count":0,"href":"https:\/\/www.europesays.com\/fr\/wp-json\/wp\/v2\/posts\/582555\/revisions"}],"wp:featuredmedia":[{"embeddable":true,"href":"https:\/\/www.europesays.com\/fr\/wp-json\/wp\/v2\/media\/582556"}],"wp:attachment":[{"href":"https:\/\/www.europesays.com\/fr\/wp-json\/wp\/v2\/media?parent=582555"}],"wp:term":[{"taxonomy":"category","embeddable":true,"href":"https:\/\/www.europesays.com\/fr\/wp-json\/wp\/v2\/categories?post=582555"},{"taxonomy":"post_tag","embeddable":true,"href":"https:\/\/www.europesays.com\/fr\/wp-json\/wp\/v2\/tags?post=582555"}],"curies":[{"name":"wp","href":"https:\/\/api.w.org\/{rel}","templated":true}]}}