{"id":582557,"date":"2025-12-06T17:24:24","date_gmt":"2025-12-06T17:24:24","guid":{"rendered":"https:\/\/www.europesays.com\/fr\/582557\/"},"modified":"2025-12-06T17:24:24","modified_gmt":"2025-12-06T17:24:24","slug":"lhermitage-le-groupe-eyeblink-en-concert-au-podium","status":"publish","type":"post","link":"https:\/\/www.europesays.com\/fr\/582557\/","title":{"rendered":"L&rsquo;Hermitage. Le groupe Eyeblink en concert au Podium"},"content":{"rendered":"<p>Le groupe Eyeblink sera en concert, samedi soir, au bar le Podium \u00e0 partir de 20\u00a0h\u00a030. \u00a0Notre groupe a \u00e9t\u00e9 cr\u00e9\u00e9 en 2021. Il est constitu\u00e9 de cinq musiciens, deux guitares, basse, batterie et chant. Les chansons qui seront propos\u00e9es sont compos\u00e9es par les membres du groupe. Notre style musical est plut\u00f4t pop rock\u00a0\u00bb,note Nolwenn Dardis la chanteuse du groupe.<\/p>\n<p>Avant cette repr\u00e9sentation, il y aura en premi\u00e8re partie avec Patrick Vincent alias Six Hundred Miles Away dans un styles country rythm and blues, \u00e0 18\u00a0h\u00a030.<\/p>\n<p>Samedi 6\u00a0d\u00e9cembre, \u00e0 partir de 18 h 30. Concert au bar le podium. Contact\u00a0: t\u00e9l 02\u00a023\u00a036\u00a007\u00a038.<\/p>\n<p>\u00a0<\/p>\n","protected":false},"excerpt":{"rendered":"Le groupe Eyeblink sera en concert, samedi soir, au bar le Podium \u00e0 partir de 20\u00a0h\u00a030. \u00a0Notre groupe&hellip;\n","protected":false},"author":2,"featured_media":582558,"comment_status":"","ping_status":"","sticky":false,"template":"","format":"standard","meta":{"footnotes":""},"categories":[2821],"tags":[1111,11,829,1777,674,1011,27,1577,12,584,25],"class_list":{"0":"post-582557","1":"post","2":"type-post","3":"status-publish","4":"format-standard","5":"has-post-thumbnail","7":"category-rennes","8":"tag-actu","9":"tag-actualites","10":"tag-bretagne","11":"tag-eu","12":"tag-europe","13":"tag-fr","14":"tag-france","15":"tag-l","16":"tag-news","17":"tag-rennes","18":"tag-republique-francaise"},"share_on_mastodon":{"url":"https:\/\/pubeurope.com\/@fr\/115673790252214769","error":""},"_links":{"self":[{"href":"https:\/\/www.europesays.com\/fr\/wp-json\/wp\/v2\/posts\/582557","targetHints":{"allow":["GET"]}}],"collection":[{"href":"https:\/\/www.europesays.com\/fr\/wp-json\/wp\/v2\/posts"}],"about":[{"href":"https:\/\/www.europesays.com\/fr\/wp-json\/wp\/v2\/types\/post"}],"author":[{"embeddable":true,"href":"https:\/\/www.europesays.com\/fr\/wp-json\/wp\/v2\/users\/2"}],"replies":[{"embeddable":true,"href":"https:\/\/www.europesays.com\/fr\/wp-json\/wp\/v2\/comments?post=582557"}],"version-history":[{"count":0,"href":"https:\/\/www.europesays.com\/fr\/wp-json\/wp\/v2\/posts\/582557\/revisions"}],"wp:featuredmedia":[{"embeddable":true,"href":"https:\/\/www.europesays.com\/fr\/wp-json\/wp\/v2\/media\/582558"}],"wp:attachment":[{"href":"https:\/\/www.europesays.com\/fr\/wp-json\/wp\/v2\/media?parent=582557"}],"wp:term":[{"taxonomy":"category","embeddable":true,"href":"https:\/\/www.europesays.com\/fr\/wp-json\/wp\/v2\/categories?post=582557"},{"taxonomy":"post_tag","embeddable":true,"href":"https:\/\/www.europesays.com\/fr\/wp-json\/wp\/v2\/tags?post=582557"}],"curies":[{"name":"wp","href":"https:\/\/api.w.org\/{rel}","templated":true}]}}