{"id":582559,"date":"2025-12-06T17:25:17","date_gmt":"2025-12-06T17:25:17","guid":{"rendered":"https:\/\/www.europesays.com\/fr\/582559\/"},"modified":"2025-12-06T17:25:17","modified_gmt":"2025-12-06T17:25:17","slug":"la-compo-du-psg-contre-rennes-le-onze-infernal-de-luis-enrique","status":"publish","type":"post","link":"https:\/\/www.europesays.com\/fr\/582559\/","title":{"rendered":"La compo du PSG contre Rennes : Le onze infernal de Luis Enrique"},"content":{"rendered":"<p>Champion de France en titre, le PSG r\u00e9alise une premi\u00e8re partie de saison mitig\u00e9e sur la sc\u00e8ne nationale. Si le bilan est flatteur, le club de la capitale peine \u00e0 se montrer imp\u00e9rial dans le jeu, et ce, malgr\u00e9 ses trois victoires sur les cinq derniers matchs en Ligue 1. Avant d\u2019affronter Rennes (5e, 24 pts), le Paris Saint-Germain (2e, 30 pts) a laiss\u00e9 sa premi\u00e8re place au RC Lens (1er, 31 pts) apr\u00e8s <a href=\"https:\/\/www.goal.com\/fr\/listes\/monaco-paris-sg-1-0-le-psg-n-est-pas-intouchable-monaco-le-prouve\/bltd8f982df2d6c3e0d\" target=\"_self\" rel=\"noopener\">sa d\u00e9faite contre Monaco (7e, 23 pts) le weekend dernier (1-0).\u00a0<\/a><\/p>\n<p><a href=\"https:\/\/www.goal.com\/fr\/listes\/la-sortie-forte-de-luis-enrique-sur-habib-beye-avant-psg-rennes\/blt340d6a7c50d90757\" target=\"_self\" rel=\"noopener\">L\u2019enjeu de ce match pour les Parisiens est donc de r\u00e9cup\u00e9rer le fauteuil de leader et pr\u00e9parer, par cons\u00e9quent, le choc contre l\u2019Athletic Bilbao en Ligue des Champions,<\/a> mercredi (21h). Ce qui explique pourquoi Luis Enrique a d\u00e9cid\u00e9 de sortir le grand jeu pour sa compo contre les hommes d\u2019Habib Beye, ce soir.\u00a0<\/p>\n","protected":false},"excerpt":{"rendered":"Champion de France en titre, le PSG r\u00e9alise une premi\u00e8re partie de saison mitig\u00e9e sur la sc\u00e8ne nationale.&hellip;\n","protected":false},"author":2,"featured_media":582560,"comment_status":"","ping_status":"","sticky":false,"template":"","format":"standard","meta":{"footnotes":""},"categories":[2821],"tags":[1111,11,829,1777,674,1011,27,66,921,12,91,69622,584,25],"class_list":{"0":"post-582559","1":"post","2":"type-post","3":"status-publish","4":"format-standard","5":"has-post-thumbnail","7":"category-rennes","8":"tag-actu","9":"tag-actualites","10":"tag-bretagne","11":"tag-eu","12":"tag-europe","13":"tag-fr","14":"tag-france","15":"tag-ligue-1","16":"tag-luis-enrique","17":"tag-news","18":"tag-paris-saint-germain","19":"tag-paris-saint-germain-vs-rennes","20":"tag-rennes","21":"tag-republique-francaise"},"share_on_mastodon":{"url":"https:\/\/pubeurope.com\/@fr\/115673794163135511","error":""},"_links":{"self":[{"href":"https:\/\/www.europesays.com\/fr\/wp-json\/wp\/v2\/posts\/582559","targetHints":{"allow":["GET"]}}],"collection":[{"href":"https:\/\/www.europesays.com\/fr\/wp-json\/wp\/v2\/posts"}],"about":[{"href":"https:\/\/www.europesays.com\/fr\/wp-json\/wp\/v2\/types\/post"}],"author":[{"embeddable":true,"href":"https:\/\/www.europesays.com\/fr\/wp-json\/wp\/v2\/users\/2"}],"replies":[{"embeddable":true,"href":"https:\/\/www.europesays.com\/fr\/wp-json\/wp\/v2\/comments?post=582559"}],"version-history":[{"count":0,"href":"https:\/\/www.europesays.com\/fr\/wp-json\/wp\/v2\/posts\/582559\/revisions"}],"wp:featuredmedia":[{"embeddable":true,"href":"https:\/\/www.europesays.com\/fr\/wp-json\/wp\/v2\/media\/582560"}],"wp:attachment":[{"href":"https:\/\/www.europesays.com\/fr\/wp-json\/wp\/v2\/media?parent=582559"}],"wp:term":[{"taxonomy":"category","embeddable":true,"href":"https:\/\/www.europesays.com\/fr\/wp-json\/wp\/v2\/categories?post=582559"},{"taxonomy":"post_tag","embeddable":true,"href":"https:\/\/www.europesays.com\/fr\/wp-json\/wp\/v2\/tags?post=582559"}],"curies":[{"name":"wp","href":"https:\/\/api.w.org\/{rel}","templated":true}]}}