{"id":582561,"date":"2025-12-06T17:26:19","date_gmt":"2025-12-06T17:26:19","guid":{"rendered":"https:\/\/www.europesays.com\/fr\/582561\/"},"modified":"2025-12-06T17:26:19","modified_gmt":"2025-12-06T17:26:19","slug":"strasbourg-cest-jurassic-market-a-dinoel-les-createurs-celebrent-noel-en-compagnie-de-dinosaures","status":"publish","type":"post","link":"https:\/\/www.europesays.com\/fr\/582561\/","title":{"rendered":"Strasbourg. C&rsquo;est Jurassic market \u00a0! A Dino\u00ebl, les cr\u00e9ateurs c\u00e9l\u00e8brent No\u00ebl en compagnie&#8230; de dinosaures"},"content":{"rendered":"<p>Jusqu\u2019\u00e0 ce dimanche 7\u00a0d\u00e9cembre, un march\u00e9 des cr\u00e9ateurs pas comme les autres se tient au caf\u00e9 des Compotes, \u00e0 Neudorf. Inspir\u00e9s par des cr\u00e9atures ancestrales, une quinzaine d\u2019artistes animent <a href=\"https:\/\/www.dna.fr\/culture-loisirs\/2025\/12\/03\/un-marche-des-createurs-a-l-ere-des-dinosaures\" target=\"_blank\" rel=\"noopener\">la seconde \u00e9dition du Dino\u00ebl<\/a> et proposent toute une vari\u00e9t\u00e9 d\u2019\u0153uvres o\u00f9 les dinosaures tiennent le premier r\u00f4le.<\/p>\n<p>Illustrations, bijoux, v\u00eatements, calendriers ou encore animaux en crochet, les diff\u00e9rents exposants explorent cette \u00e9pineuse question de la repr\u00e9sentation des dinosaures (avaient-ils des plumes\u00a0? Des poils\u00a0?). Parmi eux, certains portent m\u00eame la double casquette d\u2019artiste et de pal\u00e9ontologue.<\/p>\n<p>De quoi s\u00e9duire les passionn\u00e9s de pal\u00e9ontologie autant que des curieux amoureux d\u2019art. Des ateliers de crochet, de peinture pari\u00e9tale et m\u00eame de pr\u00e9paration de fossiles se tiendront \u00e9galement ce dimanche.<\/p>\n<p class=\"note\">De 10\u00a0h \u00e0 17\u00a0h au caf\u00e9 Les Compotes. Plus d\u2019infos sur paleoartae.com<\/p>\n","protected":false},"excerpt":{"rendered":"Jusqu\u2019\u00e0 ce dimanche 7\u00a0d\u00e9cembre, un march\u00e9 des cr\u00e9ateurs pas comme les autres se tient au caf\u00e9 des Compotes,&hellip;\n","protected":false},"author":2,"featured_media":582562,"comment_status":"","ping_status":"","sticky":false,"template":"","format":"standard","meta":{"footnotes":""},"categories":[2820],"tags":[1111,11,1687,2880,1777,674,2271,107,1011,27,775,1757,12,25,640,2879],"class_list":{"0":"post-582561","1":"post","2":"type-post","3":"status-publish","4":"format-standard","5":"has-post-thumbnail","7":"category-strasbourg","8":"tag-actu","9":"tag-actualites","10":"tag-culture-loisirs","11":"tag-edition-strasbourg","12":"tag-eu","13":"tag-europe","14":"tag-exposition-arts-plastiques","15":"tag-fil-info","16":"tag-fr","17":"tag-france","18":"tag-grand-est","19":"tag-insolite","20":"tag-news","21":"tag-republique-francaise","22":"tag-strasbourg","23":"tag-strasbourg-ville"},"share_on_mastodon":{"url":"https:\/\/pubeurope.com\/@fr\/115673798233937130","error":""},"_links":{"self":[{"href":"https:\/\/www.europesays.com\/fr\/wp-json\/wp\/v2\/posts\/582561","targetHints":{"allow":["GET"]}}],"collection":[{"href":"https:\/\/www.europesays.com\/fr\/wp-json\/wp\/v2\/posts"}],"about":[{"href":"https:\/\/www.europesays.com\/fr\/wp-json\/wp\/v2\/types\/post"}],"author":[{"embeddable":true,"href":"https:\/\/www.europesays.com\/fr\/wp-json\/wp\/v2\/users\/2"}],"replies":[{"embeddable":true,"href":"https:\/\/www.europesays.com\/fr\/wp-json\/wp\/v2\/comments?post=582561"}],"version-history":[{"count":0,"href":"https:\/\/www.europesays.com\/fr\/wp-json\/wp\/v2\/posts\/582561\/revisions"}],"wp:featuredmedia":[{"embeddable":true,"href":"https:\/\/www.europesays.com\/fr\/wp-json\/wp\/v2\/media\/582562"}],"wp:attachment":[{"href":"https:\/\/www.europesays.com\/fr\/wp-json\/wp\/v2\/media?parent=582561"}],"wp:term":[{"taxonomy":"category","embeddable":true,"href":"https:\/\/www.europesays.com\/fr\/wp-json\/wp\/v2\/categories?post=582561"},{"taxonomy":"post_tag","embeddable":true,"href":"https:\/\/www.europesays.com\/fr\/wp-json\/wp\/v2\/tags?post=582561"}],"curies":[{"name":"wp","href":"https:\/\/api.w.org\/{rel}","templated":true}]}}