{"id":582563,"date":"2025-12-06T17:27:14","date_gmt":"2025-12-06T17:27:14","guid":{"rendered":"https:\/\/www.europesays.com\/fr\/582563\/"},"modified":"2025-12-06T17:27:14","modified_gmt":"2025-12-06T17:27:14","slug":"marion-marechal-le-pen-sen-prend-a-une-mosquee-de-strasbourg-les-dons-affluent-pour-en-terminer-le-chantier","status":"publish","type":"post","link":"https:\/\/www.europesays.com\/fr\/582563\/","title":{"rendered":"Marion Mar\u00e9chal Le Pen s&rsquo;en prend \u00e0 une mosqu\u00e9e de Strasbourg, les dons affluent pour en terminer le chantier"},"content":{"rendered":"<p class=\"article__intro\">Dans une vid\u00e9o publi\u00e9e sur les r\u00e9seaux sociaux, Marion Mar\u00e9chal Le Pen, camp\u00e9e devant la mosqu\u00e9e Eyyub El Sultan, compare Strasbourg \u00e0 Istanbul. Une vid\u00e9o qui a engendr\u00e9 des centaines de commentaires racistes mais pas seulement. Les dons pour financer les travaux de la mosqu\u00e9e se sont eux aussi envol\u00e9s. <\/p>\n<p>\n      La Quotidienne Soci\u00e9t\u00e9\n    <\/p>\n<p>\n      De la vie quotidienne aux grands enjeux, recevez tous les jours les sujets qui font la soci\u00e9t\u00e9 locale, comme la justice, l\u2019\u00e9ducation, la sant\u00e9 et la famille.\n    <\/p>\n<p>    France T\u00e9l\u00e9visions utilise votre adresse e-mail afin de vous envoyer la newsletter \u00ab\u00a0La Quotidienne Soci\u00e9t\u00e9\u00a0\u00bb. Vous pouvez vous d\u00e9sinscrire \u00e0 tout moment via le lien en bas de cette newsletter. <a target=\"_blank\" href=\"https:\/\/www.francetelevisions.fr\/groupe\/confidentialite\/politique-de-confidentialite\/politique-de-confidentialite-de-france-televisions-6503\" rel=\"noopener\">Notre politique de confidentialit\u00e9<\/a><\/p>\n<p>Sur fond de musique digne d&rsquo;un film post-apocalyptique, Marion Mar\u00e9chal Le Pen, eurod\u00e9put\u00e9e d&rsquo;extr\u00eame droite, se met en sc\u00e8ne devant la mosqu\u00e9e <a href=\"https:\/\/eyyubsultan.fr\/?lang=fr\" target=\"_blank\" rel=\"noopener noreferrer nofollow\" data-tooltip-url=\"https:\/\/eyyubsultan.fr\/?lang=fr\">Eyyub El Sultan<\/a> de Strasbourg. Ses premiers mots plantent le d\u00e9cor \u2026 id\u00e9ologique. \u00ab\u00a0Vous pensez que je me trouve \u00e0 Istanbul ?\u00a0\u00bb. Non, on s&rsquo;en doute.<br \/>Elle d\u00e9roule ensuite son argumentaire. \u00ab\u00a0\u2009De tr\u00e8s nombreux \u00e9lus de la gauche, du centre et de la fausse droite [\u2026] d\u00e9roulent le tapis rouge aux communaut\u00e9s <a href=\"https:\/\/actu.fr\/tag\/islam\" rel=\"noopener noreferrer nofollow\" data-tooltip-url=\"https:\/\/actu.fr\/tag\/islam\" target=\"_blank\">islamiques<\/a> [\u2026] pour acheter leur voix aux \u00e9lections\u2009\u00bb, explique-t-elle avant de poursuivre : \u00ab\u00a0Vendre nos pays aux islamistes est la pire des corruptions. Les coupables doivent \u00eatre d\u00e9gag\u00e9s de toute fonction politique\u00a0\u00bb . Ils seraient m\u00eame \u00ab\u00a0des complices de l\u2019islamisation\u2009\u00a0\u00bb.<\/p>\n<\/p>\n<p>Les r\u00e9seaux sociaux font le reste. Cette intervention aussi radicale que factuellement fausse soul\u00e8ve de vives r\u00e9actions sur la toile. Dans un sens comme dans l&rsquo;autre, engendrant, finalement, un r\u00e9sultat insoup\u00e7onn\u00e9 : l&rsquo;augmentation des contributions sur <a href=\"https:\/\/sadaka.eyyubsultan.fr\/?utm_source=ig&amp;utm_medium=social&amp;utm_content=link_in_bio&amp;fbclid=PAZXh0bgNhZW0CMTEAc3J0YwZhcHBfaWQMMjU2MjgxMDQwNTU4AAGnCv3jogImC1fS7ROvZF9cOfTDxtZ6BIZn6lXIYUaMWhS7eO8NtZw76_ftLGI_aem_SZs22fzPjjsdTNG4gzm4Qg\" target=\"_blank\" rel=\"noopener noreferrer nofollow\" data-tooltip-url=\"https:\/\/sadaka.eyyubsultan.fr\/?utm_source=ig&amp;utm_medium=social&amp;utm_content=link_in_bio&amp;fbclid=PAZXh0bgNhZW0CMTEAc3J0YwZhcHBfaWQMMjU2MjgxMDQwNTU4AAGnCv3jogImC1fS7ROvZF9cOfTDxtZ6BIZn6lXIYUaMWhS7eO8NtZw76_ftLGI_aem_SZs22fzPjjsdTNG4gzm4Qg\">la cagnotte en ligne <\/a>pour le financement des travaux de ladite mosqu\u00e9e. Retour de boomerang ou de karma. Explications.<\/p>\n<p>Contrairement \u00e0 ce qu&rsquo;affirme Marion Mar\u00e9chal Le Pen, les travaux de la mosqu\u00e9e Eyyub El Sultan, entam\u00e9s en 2021, ne sont nullement financ\u00e9s, par la ville de Strasbourg. M\u00eame si, effectivement, cette id\u00e9e avait \u00e9t\u00e9 mise sur la table avant d&rsquo;\u00eatre annul\u00e9e.<br \/>En effet, en mars 2021, par 42 voix contre 7, <a href=\"https:\/\/france3-regions.franceinfo.fr\/grand-est\/bas-rhin\/strasbourg-0\/strasbourg-polemique-apres-l-adoption-d-une-subvention-pour-la-construction-d-une-mosquee-la-municipalite-assume-2012431.html\" target=\"_blank\" rel=\"noopener noreferrer nofollow\" data-tooltip-url=\"https:\/\/france3-regions.franceinfo.fr\/grand-est\/bas-rhin\/strasbourg-0\/strasbourg-polemique-apres-l-adoption-d-une-subvention-pour-la-construction-d-une-mosquee-la-municipalite-assume-2012431.html\">le conseil municipal de Strasbourg avait approuv\u00e9 \u00ab\u00a0le principe d&rsquo;une subvention\u00a0\u00bb<\/a> de 2,563 millions d&rsquo;euros \u00ab\u00a0pour la construction\u00a0\u00bb de ce lieu de culte dont le budget total s\u2019\u00e9levait \u00e0 32 millions d\u2019euros, dont un peu plus de 25,6 millions pour la mosqu\u00e9e elle-m\u00eame.<\/p>\n<p>Probl\u00e8me, <a href=\"https:\/\/cimgfrance.fr\/\" target=\"_blank\" rel=\"noopener noreferrer nofollow\" data-tooltip-url=\"https:\/\/cimgfrance.fr\/\">l\u2019association Mill\u00ee G\u00f6r\u00fcs<\/a>, porteuse du projet, avait \u00e9t\u00e9 point\u00e9e du doigt pour ses liens politiques avec le gouvernement de la Turquie. M\u00eame si celle-ci n\u2019est pas directement li\u00e9e \u00e0 l\u2019\u00c9tat turc et ne b\u00e9n\u00e9ficie d\u2019aucun financement de la part d\u2019Ankara, il lui \u00e9tait \u00e9galement reproch\u00e9\u00a0d\u2019avoir refus\u00e9 de signer la \u00ab\u00a0<a href=\"https:\/\/www.franceinfo.fr\/societe\/religion\/cinq-questions-sur-la-charte-des-principes-de-l-islam-de-france-adoptee-par-le-conseil-francais-du-culte-musulman_4262585.html\" target=\"_blank\" rel=\"noopener noreferrer nofollow\" data-tooltip-url=\"https:\/\/www.franceinfo.fr\/societe\/religion\/cinq-questions-sur-la-charte-des-principes-de-l-islam-de-france-adoptee-par-le-conseil-francais-du-culte-musulman_4262585.html\">Charte des principes pour l&rsquo;islam de France<\/a>\u00ab\u00a0. G\u00e9rard Darmanin, alors ministre de l&rsquo;int\u00e9rieur, s&rsquo;\u00e9tait m\u00eame fendu d&rsquo;un tweet. \u00ab\u00a0La mairie verte de Strasbourg finance une mosqu\u00e9e soutenue par une f\u00e9d\u00e9ration qui a refus\u00e9 de signer la charte des principes de l&rsquo;islam de France et qui d\u00e9fend un islam politique\u00a0\u00bb.<\/p>\n<p>Le tribunal administratif de Strasbourg, <a href=\"https:\/\/france3-regions.franceinfo.fr\/grand-est\/bas-rhin\/strasbourg-0\/strasbourg-la-prefete-saisit-la-justice-subvention-controversee-a-la-mosquee-de-2033878.html\" target=\"_blank\" rel=\"noopener noreferrer nofollow\" data-tooltip-url=\"https:\/\/france3-regions.franceinfo.fr\/grand-est\/bas-rhin\/strasbourg-0\/strasbourg-la-prefete-saisit-la-justice-subvention-controversee-a-la-mosquee-de-2033878.html\">saisi par la pr\u00e9fecture du Bas-Rhin et des \u00e9lus de l&rsquo;opposition<\/a>, avait finalement annul\u00e9 la d\u00e9cision du conseil municipal en novembre 2022. Les juges estimant que la ville de Strasbourg n&rsquo;avait pas respect\u00e9 les crit\u00e8res de subventionnement des lieux de culte qu&rsquo;elle s&rsquo;\u00e9tait elle-m\u00eame fix\u00e9s par deux d\u00e9lib\u00e9rations de 1999 et 2000 et que la subvention ne r\u00e9pondait pas \u00e0 un int\u00e9r\u00eat public local. Fin des discussions.<\/p>\n<p>Depuis lors, le financement du projet est enti\u00e8rement r\u00e9alis\u00e9 avec les dons des fid\u00e8les. Pour rappel, l&rsquo;Islam ne fait pas partie des cultes concordataires en Alsace Moselle. L&rsquo;Alsace-Moselle qui n&rsquo;est pas soumise, de par son histoire tortueuse, \u00e0 la loi 1905 dite de s\u00e9paration des Eglises et de l&rsquo;Etat.<\/p>\n<p>Le postulat de base de Marion Mar\u00e9chal Le Pen est donc faux. Il n&#8217;emp\u00eache, son discours, grand classique des algorithmes polarisants, a entrain\u00e9 un tombereau d&rsquo;insultes racistes sur les r\u00e9seaux sociaux.<br \/>Tant et si bien qu&rsquo;Eyup Sahin, pr\u00e9sident de la conf\u00e9d\u00e9ration islamique Milli G\u00f6r\u00fcs a lui-m\u00eame r\u00e9agi vendredi 5 d\u00e9cembre. M\u00eame proc\u00e9d\u00e9. M\u00eame cadre. Musiquette en fond incluse.<\/p>\n<\/p>\n<p>Dans ce post, ce dernier d\u00e9nonce \u00ab\u00a0une vid\u00e9o de haine et de d\u00e9sinformation\u00a0\u00bb ayant entrain\u00e9 \u00ab\u00a0une centaine de menaces de mort et parfois m\u00eame de menaces d&rsquo;attentat\u00a0\u00bb \u00e0 l&rsquo;\u00e9gard de l&rsquo;association. Il y accuse Marion Mar\u00e9chal Le Pen de \u00ab\u00a0mettre en danger des citoyens qui veulent simplement vivre leur foi dans la paix et la dignit\u00e9\u00a0\u00bb.<\/p>\n<p><a href=\"https:\/\/www.sos-racisme.org\/\" target=\"_blank\" rel=\"noopener noreferrer nofollow\" data-tooltip-url=\"https:\/\/www.sos-racisme.org\/\">SOS Racisme Alsace <\/a>ne dit d&rsquo;ailleurs pas autre chose, d\u00e9non\u00e7ant \u00ab\u00a0une logique de peur et de division\u00a0\u00bb. \u00ab\u00a0En assimilant un lieu de culte \u00e0 une menace et en d\u00e9signant une communaut\u00e9 religieuse comme suspecte, Mme Mar\u00e9chal (&#8230;) stigmatise des milliers de citoyens fran\u00e7ais de confession musulmane.\u00a0\u00bb<\/p>\n<\/p>\n<p>Milli Gorus a donc re\u00e7u des menaces de mort mais pas seulement. Parfois, faire le buzz peut avoir des effets inattendus. C&rsquo;est le cas pour cette vid\u00e9o de Marion Mar\u00e9chal Le Pen qui a, bien malgr\u00e9 elle, contribu\u00e9 au financement des travaux de la mosqu\u00e9e.<\/p>\n<blockquote class=\"ftvi_content_quote\">\n<p class=\"ftvi_citation_quote\">Merci malgr\u00e9 tout<\/p>\n<p>Eyup Sahin, pdt Milli Gorus<\/p><\/blockquote>\n<p>Depuis sa diffusion , le 30 novembre dernier, la cagnotte de soutien li\u00e9e au projet conna\u00eet une forte visibilit\u00e9 en ligne. Le montant affich\u00e9 atteint d\u00e9sormais 265.684\u20ac, avec une hausse de 10.000 euros durant les premieres 24h de mise en ligne de la vid\u00e9o. <br \/>Eyup Sahin est un homme bless\u00e9 mais pas un ingrat. \u00ab\u00a0Malgr\u00e9 cette vid\u00e9o, les Fran\u00e7ais de toute confession ont su r\u00e9pondre avec dignit\u00e9 en faisant des dons, en envoyant des messages de soutien. Gr\u00e2ce \u00e0 cela des milliers de Fran\u00e7ais ont d\u00e9couvert ce noble projet. Alors merci malgr\u00e9 tout.\u00a0\u00bb<\/p>\n<p>Une fois achev\u00e9e, avec ses 16 500 m\u00b2, la Grande Mosqu\u00e9e Eyyub Sultan sera techniquement la plus grande d\u2019Europe.<\/p>\n","protected":false},"excerpt":{"rendered":"Dans une vid\u00e9o publi\u00e9e sur les r\u00e9seaux sociaux, Marion Mar\u00e9chal Le Pen, camp\u00e9e devant la mosqu\u00e9e Eyyub El&hellip;\n","protected":false},"author":2,"featured_media":582564,"comment_status":"","ping_status":"","sticky":false,"template":"","format":"standard","meta":{"footnotes":""},"categories":[2820],"tags":[1111,11,1777,674,1011,27,775,12,25,640],"class_list":{"0":"post-582563","1":"post","2":"type-post","3":"status-publish","4":"format-standard","5":"has-post-thumbnail","7":"category-strasbourg","8":"tag-actu","9":"tag-actualites","10":"tag-eu","11":"tag-europe","12":"tag-fr","13":"tag-france","14":"tag-grand-est","15":"tag-news","16":"tag-republique-francaise","17":"tag-strasbourg"},"share_on_mastodon":{"url":"https:\/\/pubeurope.com\/@fr\/115673802048183017","error":""},"_links":{"self":[{"href":"https:\/\/www.europesays.com\/fr\/wp-json\/wp\/v2\/posts\/582563","targetHints":{"allow":["GET"]}}],"collection":[{"href":"https:\/\/www.europesays.com\/fr\/wp-json\/wp\/v2\/posts"}],"about":[{"href":"https:\/\/www.europesays.com\/fr\/wp-json\/wp\/v2\/types\/post"}],"author":[{"embeddable":true,"href":"https:\/\/www.europesays.com\/fr\/wp-json\/wp\/v2\/users\/2"}],"replies":[{"embeddable":true,"href":"https:\/\/www.europesays.com\/fr\/wp-json\/wp\/v2\/comments?post=582563"}],"version-history":[{"count":0,"href":"https:\/\/www.europesays.com\/fr\/wp-json\/wp\/v2\/posts\/582563\/revisions"}],"wp:featuredmedia":[{"embeddable":true,"href":"https:\/\/www.europesays.com\/fr\/wp-json\/wp\/v2\/media\/582564"}],"wp:attachment":[{"href":"https:\/\/www.europesays.com\/fr\/wp-json\/wp\/v2\/media?parent=582563"}],"wp:term":[{"taxonomy":"category","embeddable":true,"href":"https:\/\/www.europesays.com\/fr\/wp-json\/wp\/v2\/categories?post=582563"},{"taxonomy":"post_tag","embeddable":true,"href":"https:\/\/www.europesays.com\/fr\/wp-json\/wp\/v2\/tags?post=582563"}],"curies":[{"name":"wp","href":"https:\/\/api.w.org\/{rel}","templated":true}]}}