{"id":582569,"date":"2025-12-06T17:31:18","date_gmt":"2025-12-06T17:31:18","guid":{"rendered":"https:\/\/www.europesays.com\/fr\/582569\/"},"modified":"2025-12-06T17:31:18","modified_gmt":"2025-12-06T17:31:18","slug":"edito-a-cent-jours-des-municipales-un-paysage-politique-se-dessine-en-pointille","status":"publish","type":"post","link":"https:\/\/www.europesays.com\/fr\/582569\/","title":{"rendered":"\u00c9dito. \u00c0 cent jours des municipales, un paysage politique se dessine en pointill\u00e9"},"content":{"rendered":"<p>\u00c0 cent jours des municipales, le tableau prend forme sous nos yeux \u00e0 la fa\u00e7on du pointillisme\u00a0; une petite tache de couleur par commune, plus au moins visible selon l\u2019enjeu symbolique, plus ou moins centrale selon le nombre d\u2019habitants. Le ciel de cette toile est assombri par les nuages qui se sont amoncel\u00e9s au-dessus du climat politique national\u00a0: l\u2019impopularit\u00e9 du pr\u00e9sident de la R\u00e9publique, le marasme de l\u2019Assembl\u00e9e, les inqui\u00e9tudes budg\u00e9taires, le sentiment de lassitude qui nous a tous gagn\u00e9s et celui du d\u00e9go\u00fbt qui nous guette.<\/p>\n<p>Et pourtant, le tableau prend forme vaille que vaille. S\u2019il nous faudra attendre le soir du second tour, le 22\u00a0mars prochain, pour pouvoir le regarder dans toute sa v\u00e9rit\u00e9 et toutes ses nuances, il dessine d\u00e9j\u00e0 les grandes lignes d\u2019un paysage.<\/p>\n<p><a href=\"https:\/\/nantes.maville.com\/actu\/actudet_-municipales-2026-a-nantes-et-saint-nazaire-posez-vos-questions-aux-candidats-a-l-election-_8-7095689_actu.Htm\" target=\"_blank\" rel=\"noopener\"> <strong>LIRE AUSSI. <\/strong>Municipales 2026 \u00e0 Nantes et Saint-Nazaire : posez vos questions aux candidats \u00e0 l\u2019\u00e9lection<\/a><\/p>\n<p>En faisant quelques pas en arri\u00e8re pour mieux l\u2019embrasser du regard, on observe que les candidats r\u00e9pondent pr\u00e9sent. La grande vague de d\u00e9missions annonc\u00e9e n\u2019a pas lieu. Malgr\u00e9 l\u2019ingratitude des administr\u00e9s et les lourdeurs de l\u2019administration, des femmes et des hommes continuent de s\u2019engager.<\/p>\n<p>Il appara\u00eet \u00e9galement que de nombreuses listes se pr\u00e9sentent comme des collectifs de citoyens. Sans doute certaines esp\u00e8rent-elles simplement s\u00e9duire en adoptant une posture et un vocabulaire dans l\u2019air du temps. Avec elles, gr\u00e2ce \u00e0 elles, l\u2019exercice du pouvoir promet d\u2019\u00eatre plus transparent, la d\u00e9mocratie s\u2019engage \u00e0 \u00eatre plus directe et les t\u00eates qui aspirent \u00e0 d\u00e9passer sont menac\u00e9es d\u2019\u00eatre aussit\u00f4t coup\u00e9es.<\/p>\n<p>Il reste encore trois mois avant le rendez-vous d\u00e9mocratique. D\u2019autres formes vont \u00e9merger au milieu du tableau, des contours vont bouger. Le 15\u00a0mars, combien serons-nous \u00e0 nous joindre \u00e0 cette \u0153uvre collective\u00a0? Il y a six ans, la participation a \u00e9t\u00e9 historiquement faible. La faute au Covid et au Covid seul, a-t-on dit alors. On aimerait en \u00eatre pleinement persuad\u00e9.<\/p>\n<p>(<a href=\"https:\/\/nantes.maville.com\/actu\/actudet_-edito.-a-l-heure-de-l-intelligence-artificielle-faut-il-faire-croire-au-pere-noel-a-nos-enfants-_8-7086010_actu.Htm\" target=\"_self\" rel=\"noopener\">Lire le pr\u00e9c\u00e9dent \u00e9dito<\/a>)<\/p>\n<p>\u00a0<\/p>\n","protected":false},"excerpt":{"rendered":"\u00c0 cent jours des municipales, le tableau prend forme sous nos yeux \u00e0 la fa\u00e7on du pointillisme\u00a0; une&hellip;\n","protected":false},"author":2,"featured_media":582570,"comment_status":"","ping_status":"","sticky":false,"template":"","format":"standard","meta":{"footnotes":""},"categories":[2818],"tags":[1111,11,37429,23196,2518,1777,674,1011,27,7285,3554,766,12,2636,19470,28867,316,25],"class_list":{"0":"post-582569","1":"post","2":"type-post","3":"status-publish","4":"format-standard","5":"has-post-thumbnail","7":"category-nantes","8":"tag-actu","9":"tag-actualites","10":"tag-cent","11":"tag-dessine","12":"tag-edito","13":"tag-eu","14":"tag-europe","15":"tag-fr","16":"tag-france","17":"tag-jours","18":"tag-municipales","19":"tag-nantes","20":"tag-news","21":"tag-pays-de-la-loire","22":"tag-paysage","23":"tag-pointille","24":"tag-politique","25":"tag-republique-francaise"},"share_on_mastodon":{"url":"https:\/\/pubeurope.com\/@fr\/115673817709176945","error":""},"_links":{"self":[{"href":"https:\/\/www.europesays.com\/fr\/wp-json\/wp\/v2\/posts\/582569","targetHints":{"allow":["GET"]}}],"collection":[{"href":"https:\/\/www.europesays.com\/fr\/wp-json\/wp\/v2\/posts"}],"about":[{"href":"https:\/\/www.europesays.com\/fr\/wp-json\/wp\/v2\/types\/post"}],"author":[{"embeddable":true,"href":"https:\/\/www.europesays.com\/fr\/wp-json\/wp\/v2\/users\/2"}],"replies":[{"embeddable":true,"href":"https:\/\/www.europesays.com\/fr\/wp-json\/wp\/v2\/comments?post=582569"}],"version-history":[{"count":0,"href":"https:\/\/www.europesays.com\/fr\/wp-json\/wp\/v2\/posts\/582569\/revisions"}],"wp:featuredmedia":[{"embeddable":true,"href":"https:\/\/www.europesays.com\/fr\/wp-json\/wp\/v2\/media\/582570"}],"wp:attachment":[{"href":"https:\/\/www.europesays.com\/fr\/wp-json\/wp\/v2\/media?parent=582569"}],"wp:term":[{"taxonomy":"category","embeddable":true,"href":"https:\/\/www.europesays.com\/fr\/wp-json\/wp\/v2\/categories?post=582569"},{"taxonomy":"post_tag","embeddable":true,"href":"https:\/\/www.europesays.com\/fr\/wp-json\/wp\/v2\/tags?post=582569"}],"curies":[{"name":"wp","href":"https:\/\/api.w.org\/{rel}","templated":true}]}}