{"id":582571,"date":"2025-12-06T17:32:17","date_gmt":"2025-12-06T17:32:17","guid":{"rendered":"https:\/\/www.europesays.com\/fr\/582571\/"},"modified":"2025-12-06T17:32:17","modified_gmt":"2025-12-06T17:32:17","slug":"il-reprend-le-volant-apres-avoir-bu-et-tue-un-automobiliste","status":"publish","type":"post","link":"https:\/\/www.europesays.com\/fr\/582571\/","title":{"rendered":"il reprend le volant apr\u00e8s avoir bu et tue un automobiliste"},"content":{"rendered":"<p>                    Par<br \/>\n        <strong><br \/>\n            <a href=\"https:\/\/actu.fr\/auteur\/redaction-nantes\" title=\"Consulter tous les articles de R\u00e9daction Nantes\" target=\"_blank\" rel=\"noopener\">R\u00e9daction Nantes<\/a><br \/>\n                    <\/strong><\/p>\n<p>        Publi\u00e9 le<\/p>\n<p>            6 d\u00e9c. 2025 \u00e0 17h52        <\/p>\n<p>L\u2019ancien patron d\u2019un bar \u00e0 bi\u00e8res d\u2019Orvault (Loire-Atlantique) a \u00e9t\u00e9 condamn\u00e9 ce jeudi 4\u00a0d\u00e9cembre 2025 par le tribunal correctionnel de Nantes pour \u00ab\u2009homicide involontaire\u2009\u00bb apr\u00e8s avoir <b>tu\u00e9 un autre automobiliste qui \u00e9tait sorti de sa voiture suite \u00e0 une premi\u00e8re collision sur la route de Vannes<\/b>.<\/p>\n<p class=\" wall-content\">Baptiste X conduisait son Renault Trafic ce 22\u00a0d\u00e9cembre 2022 \u00e0 <b>23\u2009h\u200910 avec 2,2\u00a0g d\u2019alcool par litre de sang<\/b>. Cet entrepreneur de 40\u00a0ans venait de f\u00eater le \u00ab\u2009repas de No\u00ebl\u2009\u00bb de son entreprise, le midi, et avait alors siffl\u00e9 \u00ab\u2009une coupe de champagne\u2009\u00bb et \u00ab\u2009un verre de vin rouge\u2009\u00bb. Puis, tout au long de l\u2019apr\u00e8s-midi, il avait \u00ab\u2009bu des bi\u00e8res\u2009\u00bb avec ses clients et salari\u00e9s.<\/p>\n<p>\u00ab\u2009L\u2019haleine sentait fortement l\u2019alcool\u2009\u00bb<\/p>\n<p class=\" wall-content\">C\u2019est donc dans ces conditions qu\u2019il avait tu\u00e9 Ghislain S. un sexag\u00e9naire de Sautron, qui \u00e9tait sorti de sa Renault Twingo apr\u00e8s avoir eu un \u00ab\u2009accrochage\u2009\u00bb avec une Volkswagen Polo o\u00f9 se trouvaient trois personnes.<\/p>\n<p class=\" wall-content\">Sa voiture avait en effet \u00ab\u2009d\u00e9vi\u00e9\u2009\u00bb, avait roul\u00e9 \u00ab\u2009\u00e0 contresens\u2009\u00bb sur leur voie de circulation et \u00e9tait venue les \u00ab\u2009percuter de face\u2009\u00bb, avait t\u00e9moign\u00e9 la jeune conductrice de la Polo. Le lieu \u00e9tait par ailleurs \u00ab\u2009d\u00e9pourvu d\u2019\u00e9clairage public\u2009\u00bb, a relev\u00e9 la pr\u00e9sidente du tribunal correctionnel de Nantes, alors qu\u2019il \u00ab\u2009pleuvait\u2009\u00bb et qu\u2019il y avait \u00ab\u2009du vent\u2009\u00bb.<\/p>\n<p class=\" wall-content\">Le patron du bar orvaltais avait quant \u00e0 lui attir\u00e9 l\u2019attention des policiers d\u00e9p\u00each\u00e9s sur place par son<b> \u00ab\u2009haleine sentant fortement l\u2019alcool\u2009\u00bb<\/b>, ses \u00ab\u2009propos r\u00e9p\u00e9titifs\u2009\u00bb et son \u00ab\u2009\u00e9quilibre instable\u2009\u00bb. La victime de ce \u00ab\u2009sur-accident\u2009\u00bb d\u00e9c\u00e9dera finalement deux jours plus tard \u00e0 l\u2019h\u00f4pital des suites de ses blessures, a pr\u00e9cis\u00e9 la pr\u00e9sidente du tribunal.<\/p>\n<p>Il ne se sentait \u00ab\u2009plus l\u00e9gitime \u00e0 vendre de l\u2019alcool\u2009\u00bb<\/p>\n<p class=\" wall-content\">L\u2019habitant d\u2019Orvault, mari\u00e9 et p\u00e8re de deux enfants de 9 et 12\u00a0ans, avait expliqu\u00e9 par la suite n\u2019avoir vu le sexag\u00e9naire de Sautron <b>\u00ab\u2009qu\u2019au dernier moment\u2009\u00bb<\/b> car sa Twingo \u00e9tait \u00ab\u2009toujours rest\u00e9e dans l\u2019ombre\u2009\u00bb. L\u2019entrepreneur avait aussi \u00e9valu\u00e9 \u00e0 \u00ab\u200950\u00a0km\/h\u2009\u00bb sa vitesse au moment du choc, m\u00eame si un expert a jug\u00e9 \u00ab\u2009vraisemblable\u2009\u00bb qu\u2019elle f\u00fbt \u00ab\u2009sup\u00e9rieure\u2009\u00bb.<\/p>\n<p>Votre r\u00e9gion, votre actu !<\/p>\n<p>Recevez chaque jour les infos qui comptent pour vous.<\/p>\n<p>\t<a href=\"https:\/\/actu.fr\/newsletter\" class=\"ac-btn ac-btn--corner ac-btn--medium ac-btn--blue800\" target=\"_blank\" rel=\"noopener\">S&rsquo;incrire<\/a><\/p>\n<p class=\" wall-content\">\u00ab\u2009Suite aux faits\u2009\u00bb Baptiste X a \u00ab\u2009revendu ses parts\u2009\u00bb dans sa soci\u00e9t\u00e9 qui \u00ab\u2009fonctionnait tr\u00e8s bien\u2009\u00bb\u2009: cet homme qui a \u00ab\u2009toujours \u00e9t\u00e9 dans la restauration\u2009\u00bb ne se sentait \u00ab\u2009plus l\u00e9gitime \u00e0 vendre de l\u2019alcool\u2009\u00bb. Originaire de Cherbourg (Manche) il travaille \u00e0 pr\u00e9sent \u00ab\u2009dans une fromagerie\u2009\u00bb mais a pour objectif de \u00ab\u2009remonter en Normandie\u2009\u00bb pour y exploiter \u00ab\u2009des g\u00eetes\u2009\u00bb.<\/p>\n<p class=\" wall-content\">Son contr\u00f4le judiciaire a \u00e9t\u00e9 \u00ab\u2009tr\u00e8s tr\u00e8s long\u2009\u00bb mais aussi \u00ab\u2009tr\u00e8s tr\u00e8s instructif\u2009\u00bb, a-t-il aussi dit aux juges du tribunal correctionnel de Nantes\u2009; l\u2019ancien patron du bar \u00e0 bi\u00e8res d\u2019Orvault estime, d\u2019ailleurs, avoir \u00ab\u2009toujours besoin\u2009\u00bb d\u2019un suivi psychologique en lien avec sa \u00ab\u2009culpabilit\u00e9\u2009\u00bb d\u2019avoir conduit ce soir-l\u00e0.<\/p>\n<p class=\" wall-content\">\u00ab\u2009\u00c0 l\u2019\u00e9poque, j\u2019avais une consommation r\u00e9guli\u00e8re d\u2019alcool car je vendais des vins, des spiritueux et des bi\u00e8res\u2026 Il fallait donc que je go\u00fbte le produit\u2009\u00bb, a-t-il expliqu\u00e9. \u00ab\u2009Quand j\u2019\u00e9tais en exc\u00e8s, je me faisais alors ramener ou bien je prenais un Uber.\u2009\u00bb<\/p>\n<p class=\" wall-content\">Le soir de ce \u00ab\u2009repas de No\u00ebl\u2009\u00bb, ce chef d\u2019entreprise qui n\u2019\u00e9tait \u00ab\u2009que sur les nerfs\u2009\u00bb s\u2019\u00e9tait donc bien \u00ab\u2009l\u00e2ch\u00e9\u2009\u00bb\u2009: il \u00e9tait \u00ab\u2009tr\u00e8s stress\u00e9\u2009\u00bb et \u00ab\u2009tr\u00e8s fatigu\u00e9\u2009\u00bb par ses <b>\u00ab\u200960 \u00e0 70\u00a0heures de travail\u2009\u00bb par semaine<\/b>. Avant de \u00ab\u2009partir en vacances\u2009\u00bb le lendemain et de \u00ab\u2009retrouver son \u00e9pouse et son fils en Normandie\u2009\u00bb, il avait donc d\u00e9cid\u00e9 de passer au McDonald\u2019s de la route de Vannes pour manger un bout. \u00ab\u2009C\u2019est la question qui me hante le plus\u2009: <b>pourquoi je n\u2019ai pas eu ce sursaut de ne pas prendre le volant\u2009?\u2009\u00bb<\/b>, se demande-t-il encore aujourd\u2019hui.<\/p>\n<p class=\" wall-content\">L\u2019ancien patron a finalement \u00e9cop\u00e9 de<b> neuf mois de prison ferme<\/b>, qu\u2019il pourra purger avec un bracelet \u00e9lectronique, et de neuf autres avec sursis\u2009; son permis de conduire a \u00e9galement \u00e9t\u00e9 annul\u00e9.<\/p>\n<p class=\" wall-content\">Le montant des dommages et int\u00e9r\u00eats qu\u2019il devra verser \u00e0 la veuve, \u00e0 la fille et au petit-fils de Ghislain Savary sera arr\u00eat\u00e9 le 2\u00a0juillet 2027. Dans l\u2019imm\u00e9diat, il devra respectivement leur avancer des premi\u00e8res \u00ab\u2009provisions\u2009\u00bb de 26\u2009000\u00a0\u20ac, 15\u2009000\u00a0\u20ac et 3\u2009000\u00a0\u20ac.<\/p>\n<p class=\" wall-content\"><b>GF (PressPepper)<\/b><\/p>\n<p class=\" wall-content\">Personnalisez votre actualit\u00e9 en ajoutant vos villes et m\u00e9dias en favori avec <a href=\"https:\/\/moncompte.actu.fr\" title=\"D\u00e9couvez Mon Actu\" rel=\"nofollow noopener\" data-trk=\"{&quot;cta&quot;:{&quot;action&quot;:&quot;https:\\\/\\\/moncompte.actu.fr&quot;,&quot;category&quot;:&quot;mon compte&quot;,&quot;from&quot;:&quot;article footer&quot;,&quot;name&quot;:&quot;Mon actu&quot;,&quot;type&quot;:&quot;cta&quot;}}\" target=\"_blank\">Mon Actu<\/a>.<\/p>\n","protected":false},"excerpt":{"rendered":"Par R\u00e9daction Nantes Publi\u00e9 le 6 d\u00e9c. 2025 \u00e0 17h52 L\u2019ancien patron d\u2019un bar \u00e0 bi\u00e8res d\u2019Orvault (Loire-Atlantique)&hellip;\n","protected":false},"author":2,"featured_media":582572,"comment_status":"","ping_status":"","sticky":false,"template":"","format":"standard","meta":{"footnotes":""},"categories":[2818],"tags":[119,1111,11,5702,1777,674,118,1011,27,766,12,2636,25,10206],"class_list":{"0":"post-582571","1":"post","2":"type-post","3":"status-publish","4":"format-standard","5":"has-post-thumbnail","7":"category-nantes","8":"tag-accident","9":"tag-actu","10":"tag-actualites","11":"tag-alcool","12":"tag-eu","13":"tag-europe","14":"tag-faits-divers","15":"tag-fr","16":"tag-france","17":"tag-nantes","18":"tag-news","19":"tag-pays-de-la-loire","20":"tag-republique-francaise","21":"tag-tribunal-de-nantes"},"share_on_mastodon":{"url":"https:\/\/pubeurope.com\/@fr\/115673821646459882","error":""},"_links":{"self":[{"href":"https:\/\/www.europesays.com\/fr\/wp-json\/wp\/v2\/posts\/582571","targetHints":{"allow":["GET"]}}],"collection":[{"href":"https:\/\/www.europesays.com\/fr\/wp-json\/wp\/v2\/posts"}],"about":[{"href":"https:\/\/www.europesays.com\/fr\/wp-json\/wp\/v2\/types\/post"}],"author":[{"embeddable":true,"href":"https:\/\/www.europesays.com\/fr\/wp-json\/wp\/v2\/users\/2"}],"replies":[{"embeddable":true,"href":"https:\/\/www.europesays.com\/fr\/wp-json\/wp\/v2\/comments?post=582571"}],"version-history":[{"count":0,"href":"https:\/\/www.europesays.com\/fr\/wp-json\/wp\/v2\/posts\/582571\/revisions"}],"wp:featuredmedia":[{"embeddable":true,"href":"https:\/\/www.europesays.com\/fr\/wp-json\/wp\/v2\/media\/582572"}],"wp:attachment":[{"href":"https:\/\/www.europesays.com\/fr\/wp-json\/wp\/v2\/media?parent=582571"}],"wp:term":[{"taxonomy":"category","embeddable":true,"href":"https:\/\/www.europesays.com\/fr\/wp-json\/wp\/v2\/categories?post=582571"},{"taxonomy":"post_tag","embeddable":true,"href":"https:\/\/www.europesays.com\/fr\/wp-json\/wp\/v2\/tags?post=582571"}],"curies":[{"name":"wp","href":"https:\/\/api.w.org\/{rel}","templated":true}]}}