{"id":582573,"date":"2025-12-06T17:33:12","date_gmt":"2025-12-06T17:33:12","guid":{"rendered":"https:\/\/www.europesays.com\/fr\/582573\/"},"modified":"2025-12-06T17:33:12","modified_gmt":"2025-12-06T17:33:12","slug":"les-fauches-solidaires-manifestent-a-la-victoire-contre-la-guerre-aux-precaires","status":"publish","type":"post","link":"https:\/\/www.europesays.com\/fr\/582573\/","title":{"rendered":"Les \u00ab\u00a0Fauch\u00e9s solidaires\u00a0\u00bb manifestent \u00e0 La Victoire contre la \u00ab\u00a0guerre aux pr\u00e9caires\u00a0\u00bb"},"content":{"rendered":"<p>Une soixantaine de militants \u00e9taient r\u00e9unis, samedi 6\u00a0d\u00e9cembre vers 15\u00a0heures place de la Victoire, \u00e0 l\u2019appel des Fauch\u00e9-e-s solidaire\u00a0\u00bb, collectif rassemblant une vingtaine d\u2019organisations politiques, syndicales ou associatives marqu\u00e9es \u00e0 gauche ou extr\u00eame gauche\u00a0: AC\u00a0! Gironde, AG de Lutte, Lutte ouvri\u00e8re, NPA R\u00e9volutionnaire, Jeunes Insoumis, LFI 33, Attac, CGT \u00c9duc\u2019action, CLAP 33, FSU emploi, DAL\u2026<\/p>\n","protected":false},"excerpt":{"rendered":"Une soixantaine de militants \u00e9taient r\u00e9unis, samedi 6\u00a0d\u00e9cembre vers 15\u00a0heures place de la Victoire, \u00e0 l\u2019appel des Fauch\u00e9-e-s&hellip;\n","protected":false},"author":2,"featured_media":582574,"comment_status":"","ping_status":"","sticky":false,"template":"","format":"standard","meta":{"footnotes":""},"categories":[2817],"tags":[1111,11,1997,1777,674,1011,27,12,2219,25],"class_list":{"0":"post-582573","1":"post","2":"type-post","3":"status-publish","4":"format-standard","5":"has-post-thumbnail","7":"category-bordeaux","8":"tag-actu","9":"tag-actualites","10":"tag-bordeaux","11":"tag-eu","12":"tag-europe","13":"tag-fr","14":"tag-france","15":"tag-news","16":"tag-nouvelle-aquitaine","17":"tag-republique-francaise"},"share_on_mastodon":{"url":"https:\/\/pubeurope.com\/@fr\/115673825748526919","error":""},"_links":{"self":[{"href":"https:\/\/www.europesays.com\/fr\/wp-json\/wp\/v2\/posts\/582573","targetHints":{"allow":["GET"]}}],"collection":[{"href":"https:\/\/www.europesays.com\/fr\/wp-json\/wp\/v2\/posts"}],"about":[{"href":"https:\/\/www.europesays.com\/fr\/wp-json\/wp\/v2\/types\/post"}],"author":[{"embeddable":true,"href":"https:\/\/www.europesays.com\/fr\/wp-json\/wp\/v2\/users\/2"}],"replies":[{"embeddable":true,"href":"https:\/\/www.europesays.com\/fr\/wp-json\/wp\/v2\/comments?post=582573"}],"version-history":[{"count":0,"href":"https:\/\/www.europesays.com\/fr\/wp-json\/wp\/v2\/posts\/582573\/revisions"}],"wp:featuredmedia":[{"embeddable":true,"href":"https:\/\/www.europesays.com\/fr\/wp-json\/wp\/v2\/media\/582574"}],"wp:attachment":[{"href":"https:\/\/www.europesays.com\/fr\/wp-json\/wp\/v2\/media?parent=582573"}],"wp:term":[{"taxonomy":"category","embeddable":true,"href":"https:\/\/www.europesays.com\/fr\/wp-json\/wp\/v2\/categories?post=582573"},{"taxonomy":"post_tag","embeddable":true,"href":"https:\/\/www.europesays.com\/fr\/wp-json\/wp\/v2\/tags?post=582573"}],"curies":[{"name":"wp","href":"https:\/\/api.w.org\/{rel}","templated":true}]}}