{"id":582581,"date":"2025-12-06T17:37:13","date_gmt":"2025-12-06T17:37:13","guid":{"rendered":"https:\/\/www.europesays.com\/fr\/582581\/"},"modified":"2025-12-06T17:37:13","modified_gmt":"2025-12-06T17:37:13","slug":"cette-mairie-du-nord-va-devoir-indemniser-le-sentiment-dinutilite-de-son-cadre-placardise","status":"publish","type":"post","link":"https:\/\/www.europesays.com\/fr\/582581\/","title":{"rendered":"Cette mairie du Nord va devoir indemniser le \u00ab sentiment d\u2019inutilit\u00e9 \u00bb de son cadre placardis\u00e9"},"content":{"rendered":"<p>                    Par<br \/>\n        <strong><br \/>\n            <a href=\"https:\/\/actu.fr\/auteur\/redaction-lille\" title=\"Consulter tous les articles de R\u00e9daction Lille\" target=\"_blank\" rel=\"noopener\">R\u00e9daction Lille<\/a><br \/>\n                    <\/strong><\/p>\n<p>        Publi\u00e9 le<\/p>\n<p>            6 d\u00e9c. 2025 \u00e0 18h00        <\/p>\n<p>Le <b>tribunal administratif<\/b> de <a href=\"https:\/\/actu.fr\/hauts-de-france\/lille_59350\" target=\"_blank\" rel=\"noopener\">Lille<\/a> a d\u00e9bout\u00e9 le directeur des services d\u2019information (DSI) de la commune de <a href=\"https:\/\/actu.fr\/hauts-de-france\/louvroil_59365\" target=\"_blank\" rel=\"noopener\">Louvroil<\/a> (Nord), qui l\u2019avait saisi en ao\u00fbt\u00a02021 pour que soit \u00ab<b>\u2009r\u00e9tabli compl\u00e8tement l\u2019ensemble de ses pr\u00e9rogatives<\/b>\u2009\u00bb et que la collectivit\u00e9 \u00ab\u2009communique apr\u00e8s des agents\u2009\u00bb sur les \u00ab\u2009missions\u2009\u00bb qui lui sont confi\u00e9es. Ce cadre qui <b>estimait avoir \u00e9t\u00e9 placardis\u00e9<\/b> r\u00e9clamait 60\u2009000\u00a0\u20ac pour son \u00ab<b>\u2009pr\u00e9judice moral<\/b>\u2009\u00bb. Il s\u2019\u00e9tait d\u2019ailleurs vu accorder par son employeur la \u00ab\u2009protection fonctionnelle\u2009\u00bb \u2013 c\u2019est-\u00e0-dire qu\u2019elle acceptait de prendre \u00e0 sa charge ses frais d\u2019avocats \u2013 suite au \u00ab<b>\u2009harc\u00e8lement moral<\/b>\u2009\u00bb dont il se plaignait.<\/p>\n<p>Un harc\u00e8lement caract\u00e9ris\u00e9 de cette mairie du Nord<\/p>\n<p class=\" wall-content\">Ce \u00ab\u2009harc\u00e8lement moral\u2009\u00bb est effectivement <b>\u00ab\u2009caract\u00e9ris\u00e9\u2009\u00bb<\/b>, tranche\u00a0le tribunal administratif de Lille dans un jugement en date du 16\u00a0septembre 2025 qui vient d\u2019\u00eatre rendu public. \u00ab\u2009M. XXX s\u2019est vu retirer l\u2019ensemble des missions relevant de ses <b>fonctions<\/b>, lesquelles ont \u00e9t\u00e9 c<b>onfi\u00e9es soit \u00e0 une soci\u00e9t\u00e9 externe, soit \u00e0 un autre service<\/b>\u2009\u00bb, commencent par constater les juges lillois. \u00ab\u2009Il n\u2019a pas \u00e9t\u00e9 consult\u00e9 sur les probl\u00e9matiques li\u00e9es \u00e0 l\u2019informatique, notamment le <b>renouvellement du march\u00e9 de prestations informatiques<\/b>.\u2009\u00bb<\/p>\n<p class=\" wall-content\">La commune de Louvroil \u00ab\u2009ne le conteste pas\u2009\u00bb mais l\u2019explique par les \u00ab\u2009insuffisances professionnelles\u2009\u00bb de ce cadre\u2009; or, celles-ci ne sont \u00ab\u2009pas suffisamment \u00e9tablies\u2009\u00bb par les pi\u00e8ces du dossier, consid\u00e8re le tribunal administratif de Lille.<\/p>\n<p>Une mission sans \u00ab\u2009aucun contenu effectif\u2009\u00bb<\/p>\n<p class=\" wall-content\">Les \u00ab\u2009missions\u2009\u00bb d\u2019\u00e9conomiste puis de r\u00e9f\u00e9rent DPO (D\u00e9l\u00e9gu\u00e9 \u00e0 la Protection des Donn\u00e9es) qui avaient \u00e9t\u00e9 confi\u00e9es au requ\u00e9rant \u00e0 partir de 2019 n\u2019en \u00e9taient par ailleurs pas vraiment, du point de vue des magistrats.<\/p>\n<p class=\" wall-content\">\u00ab\u2009La premi\u00e8re [\u2026] \u00e9tait une mission ponctuelle qui a consist\u00e9 en la r\u00e9daction d\u2019un rapport auquel il n\u2019a [\u2026] au demeurant \u00e9t\u00e9 donn\u00e9 aucune suite\u2009\u00bb remarquent les juges lillois. \u00ab\u2009La seconde ne rev\u00eatait dans les faits <b>aucun contenu effecti<\/b>f, l\u2019agent soutenant sans \u00eatre contredit <b>n\u2019avoir jamais \u00e9t\u00e9 sollicit\u00e9 \u00e0 ce titre<\/b>.\u2009\u00bb<\/p>\n<p class=\" wall-content\">Le requ\u00e9rant avait aussi \u00e9t\u00e9 <b>priv\u00e9\u00a0de ses \u00ab\u2009acc\u00e8s\u2009\u00bb \u00e0 l\u2019adresse g\u00e9n\u00e9rique<\/b> <a href=\"https:\/\/actu.fr\/cdn-cgi\/l\/email-protection\" class=\"__cf_email__\" data-cfemail=\"d5bcbbb3baa7b8b4a1bca4a0b095b9baa0a3a7babcb9fbb6bab8\" target=\"_blank\" rel=\"noopener\">[email\u00a0protected]<\/a> et \u00e0 la salle des serveurs \u00ab\u2009au motif de l\u2019externalisation de la maintenance informatique\u2009\u00bb\u2026 alors que, par ailleurs, il <b>\u00ab\u2009conservait le titre\u2009\u00bb de\u00a0directeur des services d\u2019information<\/b>. \u00ab\u2009Ces faits, qui exc\u00e8dent les limites normales du pouvoir hi\u00e9rarchique, sont constitutifs d\u2019agissements r\u00e9currents qui ont eu pour effet de <b>d\u00e9grader les conditions de travail <\/b>de M. XXX\u2009\u00bb, en conclut le tribunal, qui y voit donc une forme de \u00ab\u2009harc\u00e8lement moral\u2009\u00bb.<\/p>\n<p>Votre r\u00e9gion, votre actu !<\/p>\n<p>Recevez chaque jour les infos qui comptent pour vous.<\/p>\n<p>\t<a href=\"https:\/\/actu.fr\/newsletter\" class=\"ac-btn ac-btn--corner ac-btn--medium ac-btn--blue800\" target=\"_blank\" rel=\"noopener\">S&rsquo;incrire<\/a><\/p>\n<p class=\" wall-content\">\u00ab\u2009Toutefois, il n\u2019est pas \u00e9tabli que les mesures sollicit\u00e9es [\u2026] tendant \u00e0 le r\u00e9tablir compl\u00e8tement dans l\u2019ensemble des pr\u00e9rogatives [\u2026] et \u00e0 communiquer aupr\u00e8s des agents [\u2026] auraient \u00e9t\u00e9 les seules \u00e0 m\u00eame de r\u00e9pondre \u00e0 la situation de harc\u00e8lement moral pour laquelle la commune lui avait accord\u00e9 la protection fonctionnelle\u2009\u00bb, estime le tribunal administratif de Lille. Le maire de Louvroil Giuseppe Ascone avait \u00ab\u2009pour seule obligation\u2009\u00bb, \u00e0 ce titre, de \u00ab<b>\u2009s\u2019assurer que son agent soit occup\u00e9 \u00e0 des fonctions effectives<\/b> correspondant \u00e0 son grade\u2009\u00bb.<\/p>\n<p class=\" wall-content\">Au bout du compte ils n\u2019ont donc condamn\u00e9 la commune qu\u2019\u00e0 verser <b>4\u2009000\u00a0\u20ac au requ\u00e9rant pour le \u00ab\u2009pr\u00e9judice moral\u2009\u00bb <\/b>n\u00e9 de son \u00ab\u2009sentiment d\u2019anxi\u00e9t\u00e9 et d\u2019inutilit\u00e9\u2009\u00bb. L\u2019int\u00e9ress\u00e9 \u00ab\u2009n\u2019\u00e9tablit pas\u2009\u00bb en revanche que ses \u00ab\u2009probl\u00e8mes de sant\u00e9\u2009\u00bb, comme sa \u00ab\u2009tachycardie\u2009\u00bb, seraient \u00ab\u2009en lien direct\u2009\u00bb avec ce \u00ab\u2009harc\u00e8lement moral\u2009\u00bb. La collectivit\u00e9 devra aussi verser 1\u2009500\u00a0\u20ac suppl\u00e9mentaires pour ses frais de justice.<\/p>\n<p class=\" wall-content\"><b>KL et GF (PressPepper)<\/b><\/p>\n<p class=\" wall-content\">Personnalisez votre actualit\u00e9 en ajoutant vos villes et m\u00e9dias en favori avec <a href=\"https:\/\/moncompte.actu.fr\" title=\"D\u00e9couvez Mon Actu\" rel=\"nofollow noopener\" data-trk=\"{&quot;cta&quot;:{&quot;action&quot;:&quot;https:\\\/\\\/moncompte.actu.fr&quot;,&quot;category&quot;:&quot;mon compte&quot;,&quot;from&quot;:&quot;article footer&quot;,&quot;name&quot;:&quot;Mon actu&quot;,&quot;type&quot;:&quot;cta&quot;}}\" target=\"_blank\">Mon Actu<\/a>.<\/p>\n","protected":false},"excerpt":{"rendered":"Par R\u00e9daction Lille Publi\u00e9 le 6 d\u00e9c. 2025 \u00e0 18h00 Le tribunal administratif de Lille a d\u00e9bout\u00e9 le&hellip;\n","protected":false},"author":2,"featured_media":582582,"comment_status":"","ping_status":"","sticky":false,"template":"","format":"standard","meta":{"footnotes":""},"categories":[2815],"tags":[1111,11,15787,1777,674,1011,27,811,303,1307,12,25,104],"class_list":{"0":"post-582581","1":"post","2":"type-post","3":"status-publish","4":"format-standard","5":"has-post-thumbnail","7":"category-lille","8":"tag-actu","9":"tag-actualites","10":"tag-droit-des-travailleurs","11":"tag-eu","12":"tag-europe","13":"tag-fr","14":"tag-france","15":"tag-hauts-de-france","16":"tag-justice","17":"tag-lille","18":"tag-news","19":"tag-republique-francaise","20":"tag-societe"},"share_on_mastodon":{"url":"https:\/\/pubeurope.com\/@fr\/115673841361174681","error":""},"_links":{"self":[{"href":"https:\/\/www.europesays.com\/fr\/wp-json\/wp\/v2\/posts\/582581","targetHints":{"allow":["GET"]}}],"collection":[{"href":"https:\/\/www.europesays.com\/fr\/wp-json\/wp\/v2\/posts"}],"about":[{"href":"https:\/\/www.europesays.com\/fr\/wp-json\/wp\/v2\/types\/post"}],"author":[{"embeddable":true,"href":"https:\/\/www.europesays.com\/fr\/wp-json\/wp\/v2\/users\/2"}],"replies":[{"embeddable":true,"href":"https:\/\/www.europesays.com\/fr\/wp-json\/wp\/v2\/comments?post=582581"}],"version-history":[{"count":0,"href":"https:\/\/www.europesays.com\/fr\/wp-json\/wp\/v2\/posts\/582581\/revisions"}],"wp:featuredmedia":[{"embeddable":true,"href":"https:\/\/www.europesays.com\/fr\/wp-json\/wp\/v2\/media\/582582"}],"wp:attachment":[{"href":"https:\/\/www.europesays.com\/fr\/wp-json\/wp\/v2\/media?parent=582581"}],"wp:term":[{"taxonomy":"category","embeddable":true,"href":"https:\/\/www.europesays.com\/fr\/wp-json\/wp\/v2\/categories?post=582581"},{"taxonomy":"post_tag","embeddable":true,"href":"https:\/\/www.europesays.com\/fr\/wp-json\/wp\/v2\/tags?post=582581"}],"curies":[{"name":"wp","href":"https:\/\/api.w.org\/{rel}","templated":true}]}}