{"id":582583,"date":"2025-12-06T17:38:12","date_gmt":"2025-12-06T17:38:12","guid":{"rendered":"https:\/\/www.europesays.com\/fr\/582583\/"},"modified":"2025-12-06T17:38:12","modified_gmt":"2025-12-06T17:38:12","slug":"lille-des-travaux-lances-pour-pietonniser-une-partie-de-rue-et-apaiser-la-circulation-pres-decoles","status":"publish","type":"post","link":"https:\/\/www.europesays.com\/fr\/582583\/","title":{"rendered":"Lille. Des travaux lanc\u00e9s pour pi\u00e9tonniser une partie de rue et \u00ab apaiser la circulation \u00bb pr\u00e8s d\u2019\u00e9coles"},"content":{"rendered":"<p>                    Par<br \/>\n        <strong><br \/>\n            <a href=\"https:\/\/actu.fr\/auteur\/amandine-vachez\" title=\"Consulter tous les articles de Amandine Vachez\" target=\"_blank\" rel=\"noopener\">Amandine Vachez<\/a><br \/>\n                    <\/strong><\/p>\n<p>        Publi\u00e9 le<\/p>\n<p>            6 d\u00e9c. 2025 \u00e0 17h30        <\/p>\n<p>Une partie du quartier Montebello, \u00e0 <a href=\"https:\/\/actu.fr\/lille\/\" target=\"_blank\" rel=\"noopener\">Lille<\/a> (Nord), va voir des <b>changements<\/b> d\u2019op\u00e9rer, au niveau de la <b>circulation<\/b>, d\u00e8s le<b> 15\u00a0d\u00e9cembre 2025<\/b>. Le lundi\u00a08, des <a href=\"https:\/\/actu.fr\/tag\/travaux\" target=\"_blank\" rel=\"noopener\">travaux<\/a> seront lanc\u00e9s pour <b>pi\u00e9tonniser d\u00e9finitivement une partie de la rue Lafargue<\/b>, annonce la Ville. Ceci visant \u00e0 \u00ab\u2009apaiser la circulation devant les \u00e9coles Amp\u00e8re et Andr\u00e9\u2009\u00bb, o\u00f9 le maire s\u2019est d\u2019ailleurs d\u00e9plac\u00e9 pour la <a href=\"https:\/\/actu.fr\/hauts-de-france\/lille_59350\/a-lille-lecole-andre-ampere-symbolise-toute-la-rentree-scolaire-2025-voici-pourquoi_63100021.html\" target=\"_blank\" rel=\"noopener\">rentr\u00e9e du 1er\u00a0septembre dernier<\/a>.<\/p>\n<p>Pour une \u00ab\u2009ville \u00e0 hauteur d\u2019enfants\u2009\u00bb<\/p>\n<p class=\" wall-content\">Dans le cadre de ses actions qu\u2019elle pour une<b> \u00ab\u2009ville \u00e0 hauteur d\u2019enfants\u2009\u00bb<\/b>, la Ville de Lille s\u2019est, rappelle-t-elle par voie de communiqu\u00e9, \u00ab\u2009engag\u00e9e \u00e0 s\u00e9curiser les abords des \u00e9tablissements scolaires de tous les quartiers par l\u2019am\u00e9nagement de parvis, la cr\u00e9ation de rues scolaires temporaires et de rues pi\u00e9tonnes permanentes, afin de <b>permettre aux enfants d\u2019aller \u00e0 l\u2019\u00e9cole et se r\u00e9approprier les espaces publics apais\u00e9s<\/b> o\u00f9 ils peuvent jouer en toute s\u00e9curit\u00e9.\u2009\u00bb<\/p>\n<p>Une avanc\u00e9e de trottoir et des inversions du sens de circulation<\/p>\n<p class=\" wall-content\">La pi\u00e9tonnisation d\u00e9finitive du <b>tron\u00e7on de la rue Lafargue situ\u00e9e entre la rue d\u2019I\u00e9na et la rue Grimaretz <\/b>sera effective \u00e0 partir du 15\u00a0d\u00e9cembre 2025. \u00ab\u2009Elle permettra aux \u00e9coles Amp\u00e8re, et Andr\u00e9 ainsi qu\u2019au complexe sportif Jacqueline Auriol de b\u00e9n\u00e9ficier \u00e0 leur tour d\u2019une entr\u00e9e apais\u00e9e.\u2009\u00bb<\/p>\n<p class=\" wall-content\">Dans cette perspective des travaux seront entrepris \u00e0 partir du 8\u00a0d\u00e9cembre pour adapter l\u2019<b>avanc\u00e9e de trottoir \u00e0 l\u2019angle des rues Lafargue et Grimaretz<\/b>, de mani\u00e8re \u00e0 rendre possible l\u2019<b>inversion du sens de circulation <\/b>de cette derni\u00e8re. Le sens de circulation de la rue Jean du Solier sera \u00e9galement invers\u00e9 afin de <b>maintenir l\u2019accessibilit\u00e9 des riverains<\/b> sur ce secteur.<\/p>\n<p class=\" wall-content\">La Ville indique que des barri\u00e8res pivotantes en entr\u00e9e et sortie du tron\u00e7on pi\u00e9tonnis\u00e9 de la rue afin seront install\u00e9es, \u00ab\u2009afin de s\u00e9curiser le nouvel espace tout en maintenant l\u2019acc\u00e8s logistique pour les \u00e9quipements scolaires et sportifs.\u2009\u00bb<\/p>\n<p>Huit rues pi\u00e9tonnis\u00e9es \u00e0 Lille, apr\u00e8s ce tron\u00e7on<\/p>\n<p class=\" wall-content\">Avec la pi\u00e9tonnisation du tron\u00e7on de la rue Lafargue, la commune comptera d\u00e9sormais <b>huit\u00a0rues pi\u00e9tonnis\u00e9es de mani\u00e8re d\u00e9finitive<\/b>, apaisant la circulation au droit de <b>13\u00a0\u00e9coles<\/b>\u2009:<\/p>\n<ul class=\" wall-content\">\n<li>la rue\u00a0Lafargue pour les \u00e9coles\u00a0Amp\u00e8re et Andr\u00e9,<\/li>\n<li>la rue L\u00e9on Blum pour l\u2019\u00e9cole S\u00e9verine Chenier,<\/li>\n<li>le parvis Saint-Michel pour l\u2019\u00e9cole Mozart,<\/li>\n<li>la rue Louis Blanc pour les \u00e9coles\u00a0Louis Blanc et Descartes Montesquieu,<\/li>\n<li>la rue Paul Bardou pour les \u00e9coles\u00a0Jeanne Godart et Bracke Desrousseaux,<\/li>\n<li>la rue d\u2019Arsonval pour les \u00e9coles\u00a0Moulin et Florian Pergaud,<\/li>\n<li>la rue Giraudoux pour l\u2019\u00e9cole Rachel Lempereur,<\/li>\n<li>la rue Le Glay pour les \u00e9coles Gounod et Lavoisier.<\/li>\n<\/ul>\n<p>Votre r\u00e9gion, votre actu !<\/p>\n<p>Recevez chaque jour les infos qui comptent pour vous.<\/p>\n<p>\t<a href=\"https:\/\/actu.fr\/newsletter\" class=\"ac-btn ac-btn--corner ac-btn--medium ac-btn--blue800\" target=\"_blank\" rel=\"noopener\">S&rsquo;incrire<\/a><br \/>\nRues scolaires et parvis agrandis pour plus de s\u00e9curit\u00e9<\/p>\n<p class=\" wall-content\">En parall\u00e8le, la Ville de Lille a mis en place <a href=\"https:\/\/actu.fr\/hauts-de-france\/lille_59350\/a-lille-l-experimentation-des-rues-scolaires-s-etend-a-trois-nouvelles-ecoles_38959669.html\" target=\"_blank\" rel=\"noopener\">ces derni\u00e8res ann\u00e9es<\/a> <b>16 rues scolaires au b\u00e9n\u00e9fice des \u00e9l\u00e8ves de 22 \u00e9coles<\/b>\u2009: Desbordes Valmore et Jean Jaur\u00e8s, Montessori (maternelle et \u00e9l\u00e9mentaire), Michelet, Suzanne Lacore, Lakanal et l\u2019\u00e9cole provisoire de Fives (Broca), Wagner (maternelle et \u00e9l\u00e9mentaire), Duruy et Philippe de Comines, Les Moulins, Anatole France, La Fontaine, Saint Denis, Gutenberg, Diderot, Bichat et Littr\u00e9, Viala, Camille Desmoulins.<\/p>\n<p class=\" wall-content\">La Ville pr\u00e9cise qu\u2019elle a par ailleurs \u00ab<b>\u2009cr\u00e9\u00e9 ou agrandi le parvis de plusieurs \u00e9coles <\/b>pour en am\u00e9liorer la s\u00e9curit\u00e9, par exemple\u2009: Quinet Rollin, Ovide Decroly, Dupleix, les Dondaines, Capon, Pasteur, Frapi\u00e9.\u2009\u00bb<\/p>\n<p class=\" wall-content\">Une nouvelle \u00e9tape de cet ambitieux projet sera donc lanc\u00e9e le 8\u00a0d\u00e9cembre, pour une prise des marques des riverains et familles d\u2019ici les vacances de fin d\u2019ann\u00e9e.<\/p>\n<p class=\" wall-content\">Personnalisez votre actualit\u00e9 en ajoutant vos villes et m\u00e9dias en favori avec <a href=\"https:\/\/moncompte.actu.fr\" title=\"D\u00e9couvez Mon Actu\" rel=\"nofollow noopener\" data-trk=\"{&quot;cta&quot;:{&quot;action&quot;:&quot;https:\\\/\\\/moncompte.actu.fr&quot;,&quot;category&quot;:&quot;mon compte&quot;,&quot;from&quot;:&quot;article footer&quot;,&quot;name&quot;:&quot;Mon actu&quot;,&quot;type&quot;:&quot;cta&quot;}}\" target=\"_blank\">Mon Actu<\/a>.<\/p>\n","protected":false},"excerpt":{"rendered":"Par Amandine Vachez Publi\u00e9 le 6 d\u00e9c. 2025 \u00e0 17h30 Une partie du quartier Montebello, \u00e0 Lille (Nord),&hellip;\n","protected":false},"author":2,"featured_media":582584,"comment_status":"","ping_status":"","sticky":false,"template":"","format":"standard","meta":{"footnotes":""},"categories":[2815],"tags":[1111,11,4019,1777,674,1011,27,811,1307,12,25,104,2086],"class_list":{"0":"post-582583","1":"post","2":"type-post","3":"status-publish","4":"format-standard","5":"has-post-thumbnail","7":"category-lille","8":"tag-actu","9":"tag-actualites","10":"tag-ecoles","11":"tag-eu","12":"tag-europe","13":"tag-fr","14":"tag-france","15":"tag-hauts-de-france","16":"tag-lille","17":"tag-news","18":"tag-republique-francaise","19":"tag-societe","20":"tag-travaux"},"share_on_mastodon":{"url":"https:\/\/pubeurope.com\/@fr\/115673845351690993","error":""},"_links":{"self":[{"href":"https:\/\/www.europesays.com\/fr\/wp-json\/wp\/v2\/posts\/582583","targetHints":{"allow":["GET"]}}],"collection":[{"href":"https:\/\/www.europesays.com\/fr\/wp-json\/wp\/v2\/posts"}],"about":[{"href":"https:\/\/www.europesays.com\/fr\/wp-json\/wp\/v2\/types\/post"}],"author":[{"embeddable":true,"href":"https:\/\/www.europesays.com\/fr\/wp-json\/wp\/v2\/users\/2"}],"replies":[{"embeddable":true,"href":"https:\/\/www.europesays.com\/fr\/wp-json\/wp\/v2\/comments?post=582583"}],"version-history":[{"count":0,"href":"https:\/\/www.europesays.com\/fr\/wp-json\/wp\/v2\/posts\/582583\/revisions"}],"wp:featuredmedia":[{"embeddable":true,"href":"https:\/\/www.europesays.com\/fr\/wp-json\/wp\/v2\/media\/582584"}],"wp:attachment":[{"href":"https:\/\/www.europesays.com\/fr\/wp-json\/wp\/v2\/media?parent=582583"}],"wp:term":[{"taxonomy":"category","embeddable":true,"href":"https:\/\/www.europesays.com\/fr\/wp-json\/wp\/v2\/categories?post=582583"},{"taxonomy":"post_tag","embeddable":true,"href":"https:\/\/www.europesays.com\/fr\/wp-json\/wp\/v2\/tags?post=582583"}],"curies":[{"name":"wp","href":"https:\/\/api.w.org\/{rel}","templated":true}]}}