{"id":582591,"date":"2025-12-06T17:42:13","date_gmt":"2025-12-06T17:42:13","guid":{"rendered":"https:\/\/www.europesays.com\/fr\/582591\/"},"modified":"2025-12-06T17:42:13","modified_gmt":"2025-12-06T17:42:13","slug":"en-direct-lyon-60-minutes-dattente-au-parc-de-la-tete-dor-pour-la-deuxieme-soiree-de-la-fete-des-lumieres-2025","status":"publish","type":"post","link":"https:\/\/www.europesays.com\/fr\/582591\/","title":{"rendered":"En direct Lyon. 60 minutes d&rsquo;attente au parc de la T\u00eate-d&rsquo;Or pour la deuxi\u00e8me soir\u00e9e de la F\u00eate des Lumi\u00e8res 2025"},"content":{"rendered":"<p>On vous a pr\u00e9venu, il y aura du monde dans le centre-ville de Lyon mais aussi et surtout dans les transports. Il va falloir <strong>oublier<\/strong> <strong>la voiture<\/strong>.<\/p>\n<p>La Presqu&rsquo;\u00eele et le boulevard des Belges seront ferm\u00e9s \u00e0 la circulation des v\u00e9hicules de 17 heures \u00e0 minuit les 5, 6 et 8 d\u00e9cembre, et de 16 \u00e0 23 heures le 7. Plusieurs rues seront interdites au stationnement \u00e0 partir de midi. Les parkings publics seront ferm\u00e9s de 18 heures \u00e0 minuit (17 \u00e0 23 heures le dimanche). Si vous venez en voiture, garez-vous en p\u00e9riph\u00e9rie et prenez les transports. Les 23 parcs-relais du r\u00e9seau TCL restent ouverts jusqu&rsquo;\u00e0 3 heures du matin.<\/p>\n<p>Il est pr\u00e9f\u00e9rable de prendre<strong> les transports en commun<\/strong> ou de<strong> se d\u00e9placer \u00e0 pied<\/strong>. Les m\u00e9tros sont prolong\u00e9s jusqu\u2019\u00e0 2 heures du matin, les 5,6 et 8 d\u00e9cembre. Le lundi 8 d\u00e9cembre, le service sera gratuit \u00e0 partir de 16 heures (zones 1 et 2). Pour les autres jours, le pass TCL F\u00eate co\u00fbte 3,70 euros et sera valable toute la journ\u00e9e.\u00a0<\/p>\n<p>Suivez \u00e0 la lettre <a href=\"https:\/\/www.leprogres.fr\/culture-loisirs\/2025\/12\/03\/velo-trottinette-tcl-voiture-ou-marche-comment-circuler-pendant-la-fete-des-lumieres\" target=\"_blank\" rel=\"noopener\"><strong>nos conseils pour \u00e9viter de rester bloqu\u00e9s<\/strong><\/a> dans les bouchons.<\/p>\n","protected":false},"excerpt":{"rendered":"On vous a pr\u00e9venu, il y aura du monde dans le centre-ville de Lyon mais aussi et surtout&hellip;\n","protected":false},"author":2,"featured_media":582592,"comment_status":"","ping_status":"","sticky":false,"template":"","format":"standard","meta":{"footnotes":""},"categories":[1889],"tags":[1111,11,2430,1687,3152,2757,3153,3154,3155,3156,1777,674,48836,3326,107,1011,27,2428,12,2661,25,2429,3151],"class_list":{"0":"post-582591","1":"post","2":"type-post","3":"status-publish","4":"format-standard","5":"has-post-thumbnail","7":"category-lyon","8":"tag-actu","9":"tag-actualites","10":"tag-auvergne-rhone-alpes","11":"tag-culture-loisirs","12":"tag-edition-est-lyonnais","13":"tag-edition-lyon-villeurbanne","14":"tag-edition-ouest-lyonnais","15":"tag-edition-sud-lyonnais","16":"tag-edition-tarare","17":"tag-edition-villefranche","18":"tag-eu","19":"tag-europe","20":"tag-fete-des-lumieres","21":"tag-fete-locale","22":"tag-fil-info","23":"tag-fr","24":"tag-france","25":"tag-lyon","26":"tag-news","27":"tag-patrimoine-culturel","28":"tag-republique-francaise","29":"tag-rhone","30":"tag-selection-de-la-redaction-69"},"share_on_mastodon":{"url":"https:\/\/pubeurope.com\/@fr\/115673860841875452","error":""},"_links":{"self":[{"href":"https:\/\/www.europesays.com\/fr\/wp-json\/wp\/v2\/posts\/582591","targetHints":{"allow":["GET"]}}],"collection":[{"href":"https:\/\/www.europesays.com\/fr\/wp-json\/wp\/v2\/posts"}],"about":[{"href":"https:\/\/www.europesays.com\/fr\/wp-json\/wp\/v2\/types\/post"}],"author":[{"embeddable":true,"href":"https:\/\/www.europesays.com\/fr\/wp-json\/wp\/v2\/users\/2"}],"replies":[{"embeddable":true,"href":"https:\/\/www.europesays.com\/fr\/wp-json\/wp\/v2\/comments?post=582591"}],"version-history":[{"count":0,"href":"https:\/\/www.europesays.com\/fr\/wp-json\/wp\/v2\/posts\/582591\/revisions"}],"wp:featuredmedia":[{"embeddable":true,"href":"https:\/\/www.europesays.com\/fr\/wp-json\/wp\/v2\/media\/582592"}],"wp:attachment":[{"href":"https:\/\/www.europesays.com\/fr\/wp-json\/wp\/v2\/media?parent=582591"}],"wp:term":[{"taxonomy":"category","embeddable":true,"href":"https:\/\/www.europesays.com\/fr\/wp-json\/wp\/v2\/categories?post=582591"},{"taxonomy":"post_tag","embeddable":true,"href":"https:\/\/www.europesays.com\/fr\/wp-json\/wp\/v2\/tags?post=582591"}],"curies":[{"name":"wp","href":"https:\/\/api.w.org\/{rel}","templated":true}]}}