{"id":582595,"date":"2025-12-06T17:45:14","date_gmt":"2025-12-06T17:45:14","guid":{"rendered":"https:\/\/www.europesays.com\/fr\/582595\/"},"modified":"2025-12-06T17:45:14","modified_gmt":"2025-12-06T17:45:14","slug":"ratp-avec-ses-256-marches-cette-station-de-metro-de-paris-a-le-plus-grand-escalator-du-reseau","status":"publish","type":"post","link":"https:\/\/www.europesays.com\/fr\/582595\/","title":{"rendered":"RATP. Avec ses 256 marches, cette station de m\u00e9tro de Paris a le plus grand escalator du r\u00e9seau"},"content":{"rendered":"<p>                    Par<br \/>\n        <strong><br \/>\n            <a href=\"https:\/\/actu.fr\/auteur\/thomas-martin\" title=\"Consulter tous les articles de Thomas Martin\" target=\"_blank\" rel=\"noopener\">Thomas Martin<\/a><br \/>\n                    <\/strong><\/p>\n<p>        Publi\u00e9 le<\/p>\n<p>            6 d\u00e9c. 2025 \u00e0 18h17        <\/p>\n<p>Certaines stations de <a href=\"https:\/\/actu.fr\/tag\/metro\" target=\"_blank\" rel=\"noopener\">m\u00e9tro<\/a> \u00e0 Paris sont particuli\u00e8rement impressionnantes quand on \u00e9voque les escaliers \u00e0 prendre pour s\u2019y rendre ou en sortir. C\u2019est notamment le cas de celle d\u2019<a href=\"https:\/\/actu.fr\/ile-de-france\/paris_75056\/paris-a-cette-station-de-metro-on-prie-pour-que-l-ascenseur-ne-tombe-pas-en-panne_52885689.html\" target=\"_blank\" rel=\"noopener\">Abbesses<\/a> o\u00f9 les voyageurs descendent (ou montent) via un escalier en colima\u00e7on de 176 marches ou un ascenseur. Mais, sur le r\u00e9seau de la <a href=\"https:\/\/actu.fr\/tag\/ratp\" target=\"_blank\" rel=\"noopener\">RATP<\/a>, une autre se d\u00e9marque \u00e0 ce niveau, celle de <strong>Place des f\u00eates<\/strong> dans le 19e arrondissement.\u00a0<\/p>\n<p>Un nombre de marches impressionnant<\/p>\n<p class=\" wall-content\">Creus\u00e9e profond\u00e9ment sous le coteau de Belleville, la station de la ligne 7 a d\u00fb composer, au moment de sa construction, avec les limites techniques de l\u2019\u00e9poque. Les escaliers m\u00e9caniques n\u2019en \u00e9taient alors qu\u2019\u00e0 leurs d\u00e9buts et incapables d\u2019absorber un tel d\u00e9nivel\u00e9. La Compagnie du m\u00e9tropolitain de Paris opte donc pour des ascenseurs : deux cabines de 30 places chacune, install\u00e9es sous un \u00e9dicule en brique et m\u00e9tal de type \u00ab chalet \u00bb, similaire \u00e0 ceux de Quai-de-la-Rap\u00e9e ou Saint-Jacques.<\/p>\n<p class=\" wall-content\">L\u2019ensemble, qui reliait la surface \u00e0 la station en franchissant via un d\u00e9nivel\u00e9 de pr\u00e8s de 15m, s\u2019int\u00e9grait parfaitement au paysage encore rural du quartier, fait de petites ruelles pav\u00e9es et de maisons basses.<\/p>\n<p class=\" wall-content\">Mais en 1935, ce d\u00e9cor dispara\u00eet. L\u2019\u00e9dicule est d\u00e9moli pour \u00eatre remplac\u00e9 par un acc\u00e8s Art d\u00e9co, plus en phase avec l\u2019image \u00ab moderne \u00bb que la CMP veut donner \u00e0 l\u2019arriv\u00e9e de la ligne 11. Le nouveau b\u00e2timent, en b\u00e9ton arm\u00e9, se distingue autant par son style que par sa fonction : son architecture a \u00e9t\u00e9 pens\u00e9e pour r\u00e9sister \u00e0 d\u2019\u00e9ventuels bombardements.<\/p>\n<p class=\" wall-content\">Sa structure, mont\u00e9e sur une paroi s\u00e9parant les flux entrants et sortants, est coiff\u00e9e d\u2019un auvent triangulaire. Quant \u00e0 l\u2019inscription \u00ab m\u00e9tro \u00bb, elle se lit verticalement, d\u00e9coup\u00e9e en lettres blanches sur fond rouge, juste sous le fronton.<\/p>\n<p class=\" wall-content\">Aujourd\u2019hui, cet acc\u00e8s d\u00e9bouche sur un escalier m\u00e9canique impressionnant : la voie se situe \u00e0 27 m sous la surface, ce qui en fait, avec ses 256 marches, le plus long escalier m\u00e9canique de tout le r\u00e9seau RATP. En octobre 2020, l\u2019installation a d\u2019ailleurs fait l\u2019objet d\u2019une premi\u00e8re phase de r\u00e9vision d\u00e9cennale, une op\u00e9ration lourde et spectaculaire tant l\u2019\u00e9quipement est hors norme.<\/p>\n<p class=\" wall-content\">Personnalisez votre actualit\u00e9 en ajoutant vos villes et m\u00e9dias en favori avec <a href=\"https:\/\/moncompte.actu.fr\" title=\"D\u00e9couvez Mon Actu\" rel=\"nofollow noopener\" data-trk=\"{&quot;cta&quot;:{&quot;action&quot;:&quot;https:\\\/\\\/moncompte.actu.fr&quot;,&quot;category&quot;:&quot;mon compte&quot;,&quot;from&quot;:&quot;article footer&quot;,&quot;name&quot;:&quot;Mon actu&quot;,&quot;type&quot;:&quot;cta&quot;}}\" target=\"_blank\">Mon Actu<\/a>.<\/p>\n","protected":false},"excerpt":{"rendered":"Par Thomas Martin Publi\u00e9 le 6 d\u00e9c. 2025 \u00e0 18h17 Certaines stations de m\u00e9tro \u00e0 Paris sont particuli\u00e8rement&hellip;\n","protected":false},"author":2,"featured_media":582596,"comment_status":"","ping_status":"","sticky":false,"template":"","format":"standard","meta":{"footnotes":""},"categories":[1888],"tags":[1111,1928,11,1927,1777,674,1011,27,58904,4047,12,1926,626,1925,2551,625,25],"class_list":{"0":"post-582595","1":"post","2":"type-post","3":"status-publish","4":"format-standard","5":"has-post-thumbnail","7":"category-paris","8":"tag-actu","9":"tag-actu-paris","10":"tag-actualites","11":"tag-actualites-paris","12":"tag-eu","13":"tag-europe","14":"tag-fr","15":"tag-france","16":"tag-histoire-patrimoine","17":"tag-metro","18":"tag-news","19":"tag-news-paris","20":"tag-paris","21":"tag-paris-news","22":"tag-patrimoine","23":"tag-ratp","24":"tag-republique-francaise"},"share_on_mastodon":{"url":"https:\/\/pubeurope.com\/@fr\/115673872804237817","error":""},"_links":{"self":[{"href":"https:\/\/www.europesays.com\/fr\/wp-json\/wp\/v2\/posts\/582595","targetHints":{"allow":["GET"]}}],"collection":[{"href":"https:\/\/www.europesays.com\/fr\/wp-json\/wp\/v2\/posts"}],"about":[{"href":"https:\/\/www.europesays.com\/fr\/wp-json\/wp\/v2\/types\/post"}],"author":[{"embeddable":true,"href":"https:\/\/www.europesays.com\/fr\/wp-json\/wp\/v2\/users\/2"}],"replies":[{"embeddable":true,"href":"https:\/\/www.europesays.com\/fr\/wp-json\/wp\/v2\/comments?post=582595"}],"version-history":[{"count":0,"href":"https:\/\/www.europesays.com\/fr\/wp-json\/wp\/v2\/posts\/582595\/revisions"}],"wp:featuredmedia":[{"embeddable":true,"href":"https:\/\/www.europesays.com\/fr\/wp-json\/wp\/v2\/media\/582596"}],"wp:attachment":[{"href":"https:\/\/www.europesays.com\/fr\/wp-json\/wp\/v2\/media?parent=582595"}],"wp:term":[{"taxonomy":"category","embeddable":true,"href":"https:\/\/www.europesays.com\/fr\/wp-json\/wp\/v2\/categories?post=582595"},{"taxonomy":"post_tag","embeddable":true,"href":"https:\/\/www.europesays.com\/fr\/wp-json\/wp\/v2\/tags?post=582595"}],"curies":[{"name":"wp","href":"https:\/\/api.w.org\/{rel}","templated":true}]}}