{"id":582597,"date":"2025-12-06T17:46:13","date_gmt":"2025-12-06T17:46:13","guid":{"rendered":"https:\/\/www.europesays.com\/fr\/582597\/"},"modified":"2025-12-06T17:46:13","modified_gmt":"2025-12-06T17:46:13","slug":"de-beyrouth-a-teheran-ou-ankara-la-longue-fuite-des-chefs-du-hamas","status":"publish","type":"post","link":"https:\/\/www.europesays.com\/fr\/582597\/","title":{"rendered":"De Beyrouth \u00e0 T\u00e9h\u00e9ran ou Ankara, la longue fuite des chefs du Hamas"},"content":{"rendered":"\n<p class=\"article__paragraph article__paragraph--lf \">Dans les couloirs feutr\u00e9s de l\u2019H\u00f4tel Renaissance Mirage, au\u00a0Caire, des touristes occidentaux en chaussons et peignoir croisent d\u2019anciens d\u00e9tenus palestiniens en jogging noir, hagards et le dos vo\u00fbt\u00e9 par des ann\u00e9es d\u2019enfermement. Condamn\u00e9s \u00e0 perp\u00e9tuit\u00e9 en Isra\u00ebl, ils ont \u00e9t\u00e9 expuls\u00e9s le 13\u00a0octobre, dans le cadre de l\u2019accord de cessez-le-feu conclu avec le Hamas \u00e0 Gaza. Parmi les 154\u00a0personnes pri\u00e9es par leurs h\u00f4tes \u00e9gyptiens de reprendre des forces au plus vite avant de d\u00e9camper, 18 sont des cadres du Hamas. Devenus parias comme les chefs en exil de leur mouvement, ils n\u2019ont plus d\u2019Etat dispos\u00e9 \u00e0 les accueillir, depuis l\u2019attaque terroriste men\u00e9e contre Isra\u00ebl le 7\u00a0octobre\u00a02023.<\/p>\n<p class=\"article__paragraph article__paragraph--lf \">Le patron du renseignement int\u00e9rieur isra\u00e9lien l\u2019avait promis\u00a0: les leaders du Hamas seront \u00ab\u00a0\u00e9limin\u00e9s\u00a0\u00bb, o\u00f9 qu\u2019ils se trouvent. \u00ab\u00a0Au Liban, en Turquie, au Qatar, partout\u00a0! Cela prendra des ann\u00e9es, mais nous serons l\u00e0\u00a0\u00bb, <a href=\"https:\/\/www.youtube.com\/watch?v=Zeprx77XZms\" target=\"_blank\" rel=\"noopener\" title=\"Nouvelle fen\u00eatre\">avait assur\u00e9 Ronen Bar<\/a>, en d\u00e9cembre\u00a02023. La menace fut aussit\u00f4t mise \u00e0 ex\u00e9cution. En\u00a0janvier\u00a02024, Saleh Al-Arouri, num\u00e9ro deux du Hamas, est tu\u00e9 dans <a href=\"https:\/\/www.lemonde.fr\/international\/article\/2024\/01\/03\/l-assassinat-d-un-puissant-chef-du-hamas-a-beyrouth-fait-craindre-une-extension-du-conflit_6208843_3210.html\" target=\"_blank\" rel=\"noopener\" title=\"Nouvelle fen\u00eatre\">une frappe de drone \u00e0 Beyrouth<\/a>. Sept mois plus tard, c\u2019est au tour du num\u00e9ro un, <a href=\"https:\/\/www.lemonde.fr\/international\/article\/2024\/07\/31\/ismail-haniyeh-l-artisan-de-l-alliance-hamas-iran_6262801_3210.html\" target=\"_blank\" rel=\"noopener\" title=\"Nouvelle fen\u00eatre\">Isma\u00efl Haniyeh<\/a>, d\u2019\u00eatre assassin\u00e9 \u00e0 T\u00e9h\u00e9ran.<\/p>\n<p class=\"article__paragraph article__paragraph--lf \">En\u00a0septembre, une salve de missiles isra\u00e9liens cible, au Qatar, le si\u00e8ge du bureau politique du Hamas. Les dirigeants en r\u00e9chappent, mais l\u2019attaque fait sept morts, dont le fils du principal n\u00e9gociateur, Khalil Al-Hayya. Un mois plus tard, l\u2019accord de paix voulu par Donald Trump offre un r\u00e9pit \u00e0 ces fugitifs. Le pr\u00e9sident am\u00e9ricain a besoin d\u2019eux pour la suite des n\u00e9gociations, mais l\u2019Occident et la majorit\u00e9 des Etats arabes exigent leur reddition politique et militaire. Ils doivent dispara\u00eetre.<\/p>\n<p class=\"reading-mode-only \"><strong>Il vous reste 93.96% de cet article \u00e0 lire. La suite est r\u00e9serv\u00e9e aux abonn\u00e9s.<\/strong><\/p>\n","protected":false},"excerpt":{"rendered":"Dans les couloirs feutr\u00e9s de l\u2019H\u00f4tel Renaissance Mirage, au\u00a0Caire, des touristes occidentaux en chaussons et peignoir croisent d\u2019anciens&hellip;\n","protected":false},"author":2,"featured_media":582598,"comment_status":"","ping_status":"","sticky":false,"template":"","format":"standard","meta":{"footnotes":""},"categories":[1888],"tags":[1111,1928,11,1927,1777,674,1011,27,12,1926,626,1925,25],"class_list":{"0":"post-582597","1":"post","2":"type-post","3":"status-publish","4":"format-standard","5":"has-post-thumbnail","7":"category-paris","8":"tag-actu","9":"tag-actu-paris","10":"tag-actualites","11":"tag-actualites-paris","12":"tag-eu","13":"tag-europe","14":"tag-fr","15":"tag-france","16":"tag-news","17":"tag-news-paris","18":"tag-paris","19":"tag-paris-news","20":"tag-republique-francaise"},"share_on_mastodon":{"url":"https:\/\/pubeurope.com\/@fr\/115673876754084443","error":""},"_links":{"self":[{"href":"https:\/\/www.europesays.com\/fr\/wp-json\/wp\/v2\/posts\/582597","targetHints":{"allow":["GET"]}}],"collection":[{"href":"https:\/\/www.europesays.com\/fr\/wp-json\/wp\/v2\/posts"}],"about":[{"href":"https:\/\/www.europesays.com\/fr\/wp-json\/wp\/v2\/types\/post"}],"author":[{"embeddable":true,"href":"https:\/\/www.europesays.com\/fr\/wp-json\/wp\/v2\/users\/2"}],"replies":[{"embeddable":true,"href":"https:\/\/www.europesays.com\/fr\/wp-json\/wp\/v2\/comments?post=582597"}],"version-history":[{"count":0,"href":"https:\/\/www.europesays.com\/fr\/wp-json\/wp\/v2\/posts\/582597\/revisions"}],"wp:featuredmedia":[{"embeddable":true,"href":"https:\/\/www.europesays.com\/fr\/wp-json\/wp\/v2\/media\/582598"}],"wp:attachment":[{"href":"https:\/\/www.europesays.com\/fr\/wp-json\/wp\/v2\/media?parent=582597"}],"wp:term":[{"taxonomy":"category","embeddable":true,"href":"https:\/\/www.europesays.com\/fr\/wp-json\/wp\/v2\/categories?post=582597"},{"taxonomy":"post_tag","embeddable":true,"href":"https:\/\/www.europesays.com\/fr\/wp-json\/wp\/v2\/tags?post=582597"}],"curies":[{"name":"wp","href":"https:\/\/api.w.org\/{rel}","templated":true}]}}