{"id":582599,"date":"2025-12-06T17:47:15","date_gmt":"2025-12-06T17:47:15","guid":{"rendered":"https:\/\/www.europesays.com\/fr\/582599\/"},"modified":"2025-12-06T17:47:15","modified_gmt":"2025-12-06T17:47:15","slug":"info-va-ivry-sur-seine-un-couple-cambriole-en-pleine-visio-conference","status":"publish","type":"post","link":"https:\/\/www.europesays.com\/fr\/582599\/","title":{"rendered":"[Info VA] Ivry-sur-Seine : un couple cambriol\u00e9 en pleine visio-conf\u00e9rence"},"content":{"rendered":"<p>Dans leur immeuble d\u2019<a href=\"https:\/\/www.valeursactuelles.com\/tag\/ivry-sur-seine\" target=\"_blank\" rel=\"noopener\">Ivry-sur-Seine<\/a> (Val-de-Marne), Fabien et \u00c9lodie (les pr\u00e9noms ont \u00e9t\u00e9 chang\u00e9s), 32 ans, ont eu une mauvaise surprise, mercredi 3 d\u00e9cembre. Alors qu\u2019ils font du t\u00e9l\u00e9travail dans leur appartement, trois hommes sonnent \u00e0 la porte. Quand Fabien va pour ouvrir, il d\u00e9couvre trois hommes d\u2019environ 25\/30 ans, cagoul\u00e9s, dont l\u2019un porte un brassard orange, comme la police, et une arme de poing, a appris Valeurs actuelles d\u2019une source polici\u00e8re.<\/p>\n<p>Les trois hommes seront d\u00e9crits par les victimes comme de type africain et nord-africain, pour aider \u00e0 leur identification. Fabien va alors tr\u00e8s vite comprendre que ce n\u2019est pas la police, mais, au contraire, des voyous: trois malfaiteurs venus commettre <a href=\"https:\/\/www.valeursactuelles.com\/tag\/homejacking\" target=\"_blank\" rel=\"noopener\">un homejacking<\/a>. Les agresseurs conduisent alors leur victime, et otage, dans les diff\u00e9rentes pi\u00e8ces de la maison pour voler tout ce qu\u2019ils peuvent prendre, \u00e0 commencer par le bureau\u2026<\/p>\n<blockquote class=\"twitter-tweet\">\n<p dir=\"ltr\" lang=\"fr\">\ud83d\udd34 <a href=\"https:\/\/twitter.com\/Valeurs?ref_src=twsrc%5Etfw\" target=\"_blank\" rel=\"noopener\">@Valeurs<\/a> | HOMEJACKING sous VISIO-CONFERENCE:<\/p>\n<p>Ce mercredi 3 d\u00e9cembre, dans un immeuble d\u2019Ivry-sur-Seine (Val-de-Marne), Fabrice et Laetitia, 32 ans, dipl\u00f4m\u00e9s de grandes \u00e9coles de commerce, se trouvaient chez eux en t\u00e9l\u00e9travail, lorsqu\u2019un peu avant 10h30\u2026 DRING DRING : On\u2026 <a href=\"https:\/\/t.co\/yE6WExRBZC\">pic.twitter.com\/yE6WExRBZC<\/a><\/p>\n<p>\u2014 Amaury Bucco (@AmauryBucco) <a href=\"https:\/\/twitter.com\/AmauryBucco\/status\/1997223263236211116?ref_src=twsrc%5Etfw\" target=\"_blank\" rel=\"noopener\">December 6, 2025<\/a><\/p>\n<\/blockquote>\n<p>La compagne de Fabien, \u00c9lodie, consultante dans un grand cabinet, est en pleine visioconf\u00e9rence avec des clients ou des coll\u00e8gues de travail. Collaborateurs qui assistent donc en direct \u00e0 la sc\u00e8ne\u2026 Et qui vont d\u2019ailleurs pr\u00e9venir rapidement la police.<\/p>\n<p>Mis \u00e0 genoux, frapp\u00e9 et menac\u00e9<\/p>\n<p>Fabien est mis \u00e0 genoux, attach\u00e9 avec des serflex, frapp\u00e9 et menac\u00e9 avec l\u2019arme de poing. Les voleurs exigent qu\u2019il leur soit remis tout ce qu\u2019ils ont, puis ils arpentent l\u2019appartement \u00e0 la recherche de bijoux ou autres. Tout en restant connect\u00e9s sur Snapchat (ce qui laisse \u00e0 penser que l\u2019affaire \u00e9tait t\u00e9l\u00e9guid\u00e9e par un commanditaire), les trois hommes fouillent minutieusement les lieux.<\/p>\n<p>Et, repartent avec un maigre butin : un peu moins de 500 euros en esp\u00e8ces, les t\u00e9l\u00e9phones des victimes, quelques bijoux en or et d\u2019autres sans valeur. Des accessoires Louis Vuitton : \u00e9charpes, ceintures, porte-cl\u00e9s. Ainsi que les cl\u00e9s du domicile, puisqu\u2019ils prennent soin d\u2019enfermer les victimes dans leur logement, avant de prendre la fuite.<\/p>\n<p>Les trois voleurs vont n\u00e9anmoins faire une tr\u00e8s grosse bourde : ils oublient sur place des talkies-walkies\u2026 probablement tr\u00e8s utiles pour l\u2019enqu\u00eate ouverte par les effectifs de la police.<\/p>\n<p>                                                                    <script async src=\"https:\/\/platform.twitter.com\/widgets.js\" charset=\"utf-8\"><\/script><\/p>\n","protected":false},"excerpt":{"rendered":"Dans leur immeuble d\u2019Ivry-sur-Seine (Val-de-Marne), Fabien et \u00c9lodie (les pr\u00e9noms ont \u00e9t\u00e9 chang\u00e9s), 32 ans, ont eu une&hellip;\n","protected":false},"author":2,"featured_media":582600,"comment_status":"","ping_status":"","sticky":false,"template":"","format":"standard","meta":{"footnotes":""},"categories":[1888],"tags":[11,1174,1777,674,1011,27,30485,12648,2824,12,626,1072,25],"class_list":{"0":"post-582599","1":"post","2":"type-post","3":"status-publish","4":"format-standard","5":"has-post-thumbnail","7":"category-paris","8":"tag-actualites","9":"tag-cambriolage","10":"tag-eu","11":"tag-europe","12":"tag-fr","13":"tag-france","14":"tag-homejacking","15":"tag-ivry-sur-seine","16":"tag-menaces","17":"tag-news","18":"tag-paris","19":"tag-police","20":"tag-republique-francaise"},"share_on_mastodon":{"url":"https:\/\/pubeurope.com\/@fr\/115673880596049932","error":""},"_links":{"self":[{"href":"https:\/\/www.europesays.com\/fr\/wp-json\/wp\/v2\/posts\/582599","targetHints":{"allow":["GET"]}}],"collection":[{"href":"https:\/\/www.europesays.com\/fr\/wp-json\/wp\/v2\/posts"}],"about":[{"href":"https:\/\/www.europesays.com\/fr\/wp-json\/wp\/v2\/types\/post"}],"author":[{"embeddable":true,"href":"https:\/\/www.europesays.com\/fr\/wp-json\/wp\/v2\/users\/2"}],"replies":[{"embeddable":true,"href":"https:\/\/www.europesays.com\/fr\/wp-json\/wp\/v2\/comments?post=582599"}],"version-history":[{"count":0,"href":"https:\/\/www.europesays.com\/fr\/wp-json\/wp\/v2\/posts\/582599\/revisions"}],"wp:featuredmedia":[{"embeddable":true,"href":"https:\/\/www.europesays.com\/fr\/wp-json\/wp\/v2\/media\/582600"}],"wp:attachment":[{"href":"https:\/\/www.europesays.com\/fr\/wp-json\/wp\/v2\/media?parent=582599"}],"wp:term":[{"taxonomy":"category","embeddable":true,"href":"https:\/\/www.europesays.com\/fr\/wp-json\/wp\/v2\/categories?post=582599"},{"taxonomy":"post_tag","embeddable":true,"href":"https:\/\/www.europesays.com\/fr\/wp-json\/wp\/v2\/tags?post=582599"}],"curies":[{"name":"wp","href":"https:\/\/api.w.org\/{rel}","templated":true}]}}