{"id":582603,"date":"2025-12-06T17:49:11","date_gmt":"2025-12-06T17:49:11","guid":{"rendered":"https:\/\/www.europesays.com\/fr\/582603\/"},"modified":"2025-12-06T17:49:11","modified_gmt":"2025-12-06T17:49:11","slug":"la-hongrie-va-envoyer-des-hommes-daffaires-en-russie-pour-preparer-lapres-guerre","status":"publish","type":"post","link":"https:\/\/www.europesays.com\/fr\/582603\/","title":{"rendered":"la Hongrie va envoyer des hommes d&rsquo;affaires en Russie pour pr\u00e9parer l&rsquo;apr\u00e8s-guerre"},"content":{"rendered":"<p>\n    Cette mission se concentrera sur des coop\u00e9rations \u00e9conomiques et s\u2019inscrit dans la volont\u00e9 de \u00abpenser d\u00e8s maintenant au monde d\u2019apr\u00e8s-guerre et d\u2019apr\u00e8s les sanctions\u00bb, a d\u00e9clar\u00e9 le premier ministre hongrois Viktor Orb\u00e1n.<\/p>\n<p class=\"fig-paragraph\">Le premier ministre nationaliste hongrois\u00a0<a href=\"http:\/\/www.lefigaro.fr\/international\/viktor-orban-se-presse-chez-vladimir-poutine-pour-securiser-les-approvisionnements-de-petrole-russe-20251128\" target=\"_blank\" data-fig-type=\"Article\" rel=\"noopener\" data-gtm-custom-categorie=\"navigation\" data-gtm-custom-action=\"crossclick\" data-gtm-custom-label=\"Contextuel\" data-gtm-event=\"customEventSPE\" data-fig-domain=\"LEFIGARO\">Viktor Orb\u00e1n<\/a>\u00a0a annonc\u00e9 l&rsquo;envoi d&rsquo;une d\u00e9l\u00e9gation d&rsquo;hommes d&rsquo;affaires en Russie dans les prochains jours, pour pr\u00e9parer l&rsquo;<a href=\"http:\/\/www.lefigaro.fr\/international\/dossier\/tensions-entre-la-russie-et-l-ukraine-tout-comprendre-a-la-menace-d-une-invasion-russe\" target=\"_blank\" data-fig-type=\"Topic\" rel=\"noopener\" data-gtm-custom-categorie=\"navigation\" data-gtm-custom-action=\"crossclick\" data-gtm-custom-label=\"Contextuel\" data-gtm-event=\"customEventSPE\" data-fig-domain=\"LEFIGARO\">apr\u00e8s-guerre en Ukraine<\/a>, samedi lors d&rsquo;un meeting \u00e0 quelques mois des \u00e9lections l\u00e9gislatives dans son pays.<\/p>\n<p class=\"fig-paragraph\">Cette mission se concentrera sur des coop\u00e9rations \u00e9conomiques et s&rsquo;inscrit dans la volont\u00e9 de \u00abpenser d\u00e8s maintenant au monde d&rsquo;apr\u00e8s-guerre et d&rsquo;apr\u00e8s les sanctions\u00bb, a-t-il d\u00e9clar\u00e9 devant un millier de personnes r\u00e9unies dans une salle de sport \u00e0 Kecskem\u00e9t, dans le centre de la Hongrie.<\/p>\n<p>                                            <a class=\"fig-a11y-skip\" href=\"#fig-a11y-skip-main-inarticle\" data-module=\"a11y-skip\" data-context=\"was @visible\"><br \/>\n    Passer la publicit\u00e9<br \/>\n<\/a>            <\/p>\n<p>                                            Acquisitions de raffineries en Europe<\/p>\n<p class=\"fig-paragraph\">Viktor Orb\u00e1n, rare dirigeant europ\u00e9en proche \u00e0 la fois du pr\u00e9sident am\u00e9ricain Donald Trump et du\u00a0<a href=\"http:\/\/www.lefigaro.fr\/international\/moins-de-visites-destinations-plus-restreintes-ou-vladimir-poutine-a-t-il-voyage-depuis-le-debut-de-la-guerre-en-ukraine-20251204\" target=\"_blank\" data-fig-type=\"Article\" rel=\"noopener\" data-gtm-custom-categorie=\"navigation\" data-gtm-custom-action=\"crossclick\" data-gtm-custom-label=\"Contextuel\" data-gtm-event=\"customEventSPE\" data-fig-domain=\"LEFIGARO\">pr\u00e9sident russe Vladimir Poutine<\/a>, a affirm\u00e9 discuter \u00e0 la fois avec les Am\u00e9ricains et les Russes, \u00abm\u00eame si je ne peux pas r\u00e9v\u00e9ler tous les d\u00e9tails\u00bb, a-t-il dit.<\/p>\n<p class=\"fig-paragraph\">\u00abIl faut anticiper, car si Dieu nous aide et que la guerre se termine sans que nous y soyons entra\u00een\u00e9s, et si le pr\u00e9sident am\u00e9ricain r\u00e9ussit \u00e0 r\u00e9int\u00e9grer la Russie dans l&rsquo;\u00e9conomie mondiale, que les sanctions sont d\u00e9mantel\u00e9es, nous nous retrouverons dans un tout autre espace \u00e9conomique\u00bb, a-t-il encore dit.<\/p>\n<p class=\"fig-paragraph\">Selon les m\u00e9dias hongrois, la compagnie p\u00e9troli\u00e8re et gazi\u00e8re hongroise MOL envisage d&rsquo;acqu\u00e9rir des raffineries et des stations-service en Europe, d\u00e9tenues par les groupes russes Lukoil et Gazprom soumis \u00e0 des sanctions am\u00e9ricaines ainsi que des participations dans des sites de production au Kazakhstan et en Azerba\u00efdjan &#8211; des sujets qui auraient \u00e9t\u00e9 \u00e9voqu\u00e9s lors de la rencontre entre Viktor Orb\u00e1n et Donald Trump d\u00e9but novembre \u00e0 Washington.<\/p>\n<p>                                            Poursuivre les importations d\u2019hydrocarbures russes<\/p>\n<p class=\"fig-paragraph\">Fin novembre, Viktor Orb\u00e1n s&rsquo;est rendu \u00e0 Moscou o\u00f9 il a promis \u00e0 Vladimir Poutine de poursuivre les importations d&rsquo;hydrocarbures russes dont la Hongrie continue de d\u00e9pendre, d\u00e9fiant une nouvelle fois l&rsquo;Union europ\u00e9enne sur le sujet.<\/p>\n<p class=\"fig-paragraph\">Le dirigeant hongrois n&rsquo;a en effet pas cherch\u00e9 \u00e0 diversifier r\u00e9ellement les importations de son pays depuis le d\u00e9clenchement de l&rsquo;offensive russe en Ukraine en f\u00e9vrier 2022, contrairement \u00e0 nombre de ses voisins europ\u00e9ens.<\/p>\n<p>                                            <a class=\"fig-a11y-skip\" href=\"#fig-a11y-skip-main-inarticle_mtf\" data-module=\"a11y-skip\" data-context=\"was @visible\"><br \/>\n    Passer la publicit\u00e9<br \/>\n<\/a>            <\/p>\n<p class=\"fig-paragraph\">Il a annonc\u00e9 en novembre avoir saisi la Cour de justice de l&rsquo;Union europ\u00e9enne (CJUE) pour s&rsquo;opposer \u00e0 la d\u00e9cision par la majorit\u00e9 des \u00c9tats membres d&rsquo;approuver en octobre le principe d&rsquo;une interdiction, d&rsquo;ici fin 2027, des importations de gaz naturel russe.<\/p>\n","protected":false},"excerpt":{"rendered":"Cette mission se concentrera sur des coop\u00e9rations \u00e9conomiques et s\u2019inscrit dans la volont\u00e9 de \u00abpenser d\u00e8s maintenant au&hellip;\n","protected":false},"author":2,"featured_media":582604,"comment_status":"","ping_status":"","sticky":false,"template":"","format":"standard","meta":{"footnotes":""},"categories":[1591],"tags":[11,1887,131,12,1885,1886,132,7247],"class_list":{"0":"post-582603","1":"post","2":"type-post","3":"status-publish","4":"format-standard","5":"has-post-thumbnail","7":"category-russie","8":"tag-actualites","9":"tag-federation-de-russie","10":"tag-guerre-en-ukraine","11":"tag-news","12":"tag-russia","13":"tag-russian-federation","14":"tag-russie","15":"tag-viktor-orban"},"share_on_mastodon":{"url":"https:\/\/pubeurope.com\/@fr\/115673888663396856","error":""},"_links":{"self":[{"href":"https:\/\/www.europesays.com\/fr\/wp-json\/wp\/v2\/posts\/582603","targetHints":{"allow":["GET"]}}],"collection":[{"href":"https:\/\/www.europesays.com\/fr\/wp-json\/wp\/v2\/posts"}],"about":[{"href":"https:\/\/www.europesays.com\/fr\/wp-json\/wp\/v2\/types\/post"}],"author":[{"embeddable":true,"href":"https:\/\/www.europesays.com\/fr\/wp-json\/wp\/v2\/users\/2"}],"replies":[{"embeddable":true,"href":"https:\/\/www.europesays.com\/fr\/wp-json\/wp\/v2\/comments?post=582603"}],"version-history":[{"count":0,"href":"https:\/\/www.europesays.com\/fr\/wp-json\/wp\/v2\/posts\/582603\/revisions"}],"wp:featuredmedia":[{"embeddable":true,"href":"https:\/\/www.europesays.com\/fr\/wp-json\/wp\/v2\/media\/582604"}],"wp:attachment":[{"href":"https:\/\/www.europesays.com\/fr\/wp-json\/wp\/v2\/media?parent=582603"}],"wp:term":[{"taxonomy":"category","embeddable":true,"href":"https:\/\/www.europesays.com\/fr\/wp-json\/wp\/v2\/categories?post=582603"},{"taxonomy":"post_tag","embeddable":true,"href":"https:\/\/www.europesays.com\/fr\/wp-json\/wp\/v2\/tags?post=582603"}],"curies":[{"name":"wp","href":"https:\/\/api.w.org\/{rel}","templated":true}]}}