{"id":582605,"date":"2025-12-06T17:50:17","date_gmt":"2025-12-06T17:50:17","guid":{"rendered":"https:\/\/www.europesays.com\/fr\/582605\/"},"modified":"2025-12-06T17:50:17","modified_gmt":"2025-12-06T17:50:17","slug":"guerre-en-ukraine-emmanuel-macron-sera-a-londres-lundi-pour-faire-le-point-sur-les-negociations-et-le-plan-de-paix-americains","status":"publish","type":"post","link":"https:\/\/www.europesays.com\/fr\/582605\/","title":{"rendered":"Guerre en Ukraine\u00a0: Emmanuel Macron sera \u00e0 Londres lundi pour \u00ab\u00a0faire le point\u00a0\u00bb sur les n\u00e9gociations et le plan de paix am\u00e9ricains"},"content":{"rendered":"<p>\n                                                                Emmanuel Macron se rendra ce lundi \u00e0 Londres pour rencontrer Volodymyr Zelensky, Rishi Sunak et Olaf Scholz, dans le cadre des discussions sur la m\u00e9diation am\u00e9ricaine en Ukraine. Le pr\u00e9sident fran\u00e7ais appelle \u00e0 maintenir la pression sur la Russie et r\u00e9affirme son soutien \u00e0 Kiev, apr\u00e8s de nouvelles frappes russes visant les infrastructures ukrainiennes.\n                            <\/p>\n<p><a href=\"https:\/\/www.midilibre.fr\/personnalites\/emmanuel-macron\/\" target=\"_self\" rel=\"noopener\">Emmanuel Macron<\/a> a annonc\u00e9 samedi qu\u2019il se rendra \u00e0 Londres lundi pour rencontrer le pr\u00e9sident ukrainien, le Premier ministre britannique et le Chancelier allemand pour \u00ab\u00a0faire le point ensemble sur la situation et les n\u00e9gociations en cours dans le cadre de la m\u00e9diation am\u00e9ricaine\u00a0\u00bb sur l\u2019Ukraine.<\/p>\n<p>\u00ab\u00a0L\u2019Ukraine peut compter sur notre soutien ind\u00e9fectible\u00a0\u00bb, a d\u00e9clar\u00e9 le pr\u00e9sident de la R\u00e9publique dans un post sur X. \u00ab\u00a0C\u2019est tout le sens des efforts que nous avons engag\u00e9s dans le cadre de la Coalition des volontaires. Nous les poursuivrons avec les Am\u00e9ricains pour doter l\u2019Ukraine de garanties de s\u00e9curit\u00e9 sans lesquelles il n\u2019y aura pas de paix robuste et durable.\u00a0\u00bb<\/p>\n<p>Macron appelle \u00e0 \u00ab\u00a0continuer\u00a0\u00e0 faire pression sur la Russie\u00a0\u00bb<\/p>\n<p>Emmanuel Macron a \u00e9galement condamn\u00e9 \u00ab\u00a0avec la plus grande fermet\u00e9 les frappes massives\u00a0\u00bb qui ont cibl\u00e9 dans la nuit de vendredi \u00e0 samedi l\u2019Ukraine, en particulier ses infrastructures \u00e9nerg\u00e9tiques et ferroviaires.<\/p>\n<p>La centrale nucl\u00e9aire ukrainienne de Zaporijjia a temporairement perdu toute alimentation \u00e9lectrique externe pendant la nuit, a d\u00e9clar\u00e9 samedi l\u2019Agence internationale de l\u2019\u00e9nergie atomique (AIEA), citant son directeur g\u00e9n\u00e9ral, Mariano Grossi.<br \/>\u00ab\u00a0Nous devons c<a href=\"https:\/\/www.midilibre.fr\/2025\/12\/04\/lue-prete-a-accentuer-la-pression-sur-la-russie-le-seul-langage-que-poutine-comprenne-13089241.php\" target=\"_self\" rel=\"noopener\">ontinuer \u00e0 faire pression sur la Russie <\/a>pour la contraindre \u00e0 la paix\u00a0\u00bb, a poursuivi le pr\u00e9sident fran\u00e7ais.<\/p>\n<blockquote data-class=\"twitter-tweet\">\n<p lang=\"fr\" dir=\"ltr\">La Russie s\u2019enferme dans une d\u00e9marche escalatoire et ne cherche pas la paix.<\/p>\n<p>Je condamne avec la plus grande fermet\u00e9 les frappes massives qui ont cibl\u00e9 cette nuit l\u2019Ukraine, en particulier ses infrastructures \u00e9nerg\u00e9tiques et ferroviaires.<\/p>\n<p>Nous devons continuer\u2026<\/p>\n<p>\u2014 Emmanuel Macron (@EmmanuelMacron) <a href=\"https:\/\/twitter.com\/EmmanuelMacron\/status\/1997322158389723248?ref_src=twsrc%5Etfw\" target=\"_blank\" rel=\"noopener\">December 6, 2025<\/a><\/p><\/blockquote>\n<p><a href=\"https:\/\/www.midilibre.fr\/actu\/monde\/ukraine\/volodymyr-zelensky\/\" target=\"_self\" rel=\"noopener\">Le pr\u00e9sident ukrainien Volodymyr Zelensky<\/a> a d\u00e9clar\u00e9 de son c\u00f4t\u00e9 avoir eu une conversation t\u00e9l\u00e9phonique \u00ab\u00a0substantielle\u00a0\u00bb avec l\u2019envoy\u00e9 sp\u00e9cial du pr\u00e9sident am\u00e9ricain Steve Witkoff et avec le gendre de Donald Trump Jared Kushner.<\/p>\n<p>\u00ab\u00a0L\u2019Ukraine est d\u00e9termin\u00e9e \u00e0 continuer \u00e0 travailler de bonne foi avec la partie am\u00e9ricaine pour parvenir sinc\u00e8rement \u00e0 la paix. Nous sommes tomb\u00e9s d\u2019accord sur les prochaines \u00e9tapes et les prochains formats des discussions avec les Etats-Unis\u00a0\u00bb, a dit le pr\u00e9sident ukrainien sur X.<\/p>\n<p>Des discussions \u00ab\u00a0constructives\u00a0\u00bb jeudi en Floride<\/p>\n<p><a href=\"https:\/\/www.midilibre.fr\/2025\/12\/05\/guerre-en-ukraine-nouvelle-reunion-ce-vendredi-entre-kiev-et-les-americains-autour-du-plan-de-paix-presente-a-poutine-13093750.php\" target=\"_self\" rel=\"noopener\">Les discussions qui se sont tenues jeudi en Floride entre l\u2019envoy\u00e9 sp\u00e9cial de la Maison blanche Steve Witkoff et le n\u00e9gociateur ukrainien Roustem Oumerov<\/a> ont \u00e9t\u00e9 productives et les deux hommes doivent \u00e0 nouveau s\u2019entretenir samedi, ont d\u00e9clar\u00e9 vendredi des responsables am\u00e9ricains.<\/p>\n<p>Steve Witkoff et Jared Kushner, le gendre du pr\u00e9sident am\u00e9ricain Donald Trump, ont rencontr\u00e9 Roustem Oumerov et le chef d\u2019\u00e9tat-major des forces arm\u00e9es ukrainiennes Andrii Hnatov avec qui ils ont eu \u00ab\u00a0des discussions constructives sur les moyens d\u2019avancer vers une paix juste et durable en Ukraine\u00a0\u00bb.<\/p>\n<p>Roustem Oumerov a soulign\u00e9 vendredi que la priorit\u00e9 de l\u2019Ukraine \u00e9tait de parvenir \u00e0 un accord qui prot\u00e9gerait son ind\u00e9pendance et sa souverainet\u00e9, assurerait la s\u00e9curit\u00e9 des Ukrainiens et apporterait des fondations stables pour un avenir d\u00e9mocratique, a-t-il dit dans un communiqu\u00e9 publi\u00e9 conjointement avec le d\u00e9partement d\u2019Etat am\u00e9ricain. <a href=\"https:\/\/www.midilibre.fr\/2025\/12\/03\/guerre-en-ukraine-nous-ne-sommes-pas-plus-proches-de-resoudre-la-crise-tout-ce-quil-faut-retenir-des-negociations-entre-washington-et-moscou-13087604.php\" target=\"_self\" rel=\"noopener\">L\u2019entretien qui s\u2019est d\u00e9roul\u00e9 mardi \u00e0 Moscou entre Steve Witkoff, Jared Kushner <\/a>et le pr\u00e9sident russe <a href=\"https:\/\/www.midilibre.fr\/actu\/monde\/russie\/vladimir-poutine\/\" target=\"_self\" rel=\"noopener\">Vladimir Poutine <\/a>a \u00e9galement \u00e9t\u00e9 abord\u00e9, \u00e9tait-il ajout\u00e9.<\/p>\n<p>Le d\u00e9partement d\u2019Etat a indiqu\u00e9 que les deux parties \u00e9taient convenues que les avanc\u00e9es en vue d\u2019un quelconque accord d\u00e9pendaient de la volont\u00e9 de la Russie de d\u00e9montrer un engagement s\u00e9rieux pour une paix durable, notamment en prenant des mesures visant \u00e0 apaiser les tensions et \u00e0 mettre fin aux tueries. La reconstruction de l\u2019Ukraine, les initiatives \u00e9conomiques entre les Etats-Unis et l\u2019Ukraine et les projets de reprise sur le long-terme ont \u00e9galement \u00e9t\u00e9 discut\u00e9s, a dit le d\u00e9partement d\u2019Etat.<\/p>\n<p>                                                                                                                                                                                                        <script async src=\"https:\/\/platform.twitter.com\/widgets.js\" charset=\"utf-8\"><\/script><\/p>\n","protected":false},"excerpt":{"rendered":"Emmanuel Macron se rendra ce lundi \u00e0 Londres pour rencontrer Volodymyr Zelensky, Rishi Sunak et Olaf Scholz, dans&hellip;\n","protected":false},"author":2,"featured_media":582606,"comment_status":"","ping_status":"","sticky":false,"template":"","format":"standard","meta":{"footnotes":""},"categories":[1590],"tags":[1111,11,1777,674,131,74,12,220],"class_list":{"0":"post-582605","1":"post","2":"type-post","3":"status-publish","4":"format-standard","5":"has-post-thumbnail","7":"category-ukraine","8":"tag-actu","9":"tag-actualites","10":"tag-eu","11":"tag-europe","12":"tag-guerre-en-ukraine","13":"tag-monde","14":"tag-news","15":"tag-ukraine"},"share_on_mastodon":{"url":"https:\/\/pubeurope.com\/@fr\/115673892505878519","error":""},"_links":{"self":[{"href":"https:\/\/www.europesays.com\/fr\/wp-json\/wp\/v2\/posts\/582605","targetHints":{"allow":["GET"]}}],"collection":[{"href":"https:\/\/www.europesays.com\/fr\/wp-json\/wp\/v2\/posts"}],"about":[{"href":"https:\/\/www.europesays.com\/fr\/wp-json\/wp\/v2\/types\/post"}],"author":[{"embeddable":true,"href":"https:\/\/www.europesays.com\/fr\/wp-json\/wp\/v2\/users\/2"}],"replies":[{"embeddable":true,"href":"https:\/\/www.europesays.com\/fr\/wp-json\/wp\/v2\/comments?post=582605"}],"version-history":[{"count":0,"href":"https:\/\/www.europesays.com\/fr\/wp-json\/wp\/v2\/posts\/582605\/revisions"}],"wp:featuredmedia":[{"embeddable":true,"href":"https:\/\/www.europesays.com\/fr\/wp-json\/wp\/v2\/media\/582606"}],"wp:attachment":[{"href":"https:\/\/www.europesays.com\/fr\/wp-json\/wp\/v2\/media?parent=582605"}],"wp:term":[{"taxonomy":"category","embeddable":true,"href":"https:\/\/www.europesays.com\/fr\/wp-json\/wp\/v2\/categories?post=582605"},{"taxonomy":"post_tag","embeddable":true,"href":"https:\/\/www.europesays.com\/fr\/wp-json\/wp\/v2\/tags?post=582605"}],"curies":[{"name":"wp","href":"https:\/\/api.w.org\/{rel}","templated":true}]}}