{"id":582609,"date":"2025-12-06T17:52:22","date_gmt":"2025-12-06T17:52:22","guid":{"rendered":"https:\/\/www.europesays.com\/fr\/582609\/"},"modified":"2025-12-06T17:52:22","modified_gmt":"2025-12-06T17:52:22","slug":"meghan-sinquiete-pour-son-pere","status":"publish","type":"post","link":"https:\/\/www.europesays.com\/fr\/582609\/","title":{"rendered":"Meghan s\u2019inqui\u00e8te pour son p\u00e8re"},"content":{"rendered":"<p>En 2018, tandis que sa fille \u00e9tait sur le point de convoler avec le prince <a target=\"_blank\" href=\"https:\/\/www.pointdevue.fr\/grand-angle\/biographies\/prince-harry\" rel=\"nofollow noopener\">Harry<\/a>, \u00e0 l\u2019\u00e9poque troisi\u00e8me dans l\u2019ordre de succession au tr\u00f4ne d\u2019Angleterre, <a target=\"_blank\" href=\"https:\/\/www.pointdevue.fr\/royal\/royaume-uni\/thomas-markle-plonge-meghan-dans-la-tourmente\" rel=\"nofollow noopener\"><strong>Thomas Markle monnayait une fausse paparazzade aux Etats-Unis, o\u00f9 il vivait alors. L\u2019\u00e9v\u00e9nement avait pr\u00e9cipit\u00e9 la rupture entre la duchesse de Sussex et son p\u00e8re qui n\u2019a jamais rencontr\u00e9 son gendre ni ses petits-enfants Archie et Lilibet<\/strong>.\u00a0<\/a><\/p>\n<p><strong>Les lignes sont cependant sur le point de bouger. <\/strong><a target=\"_blank\" href=\"https:\/\/www.pointdevue.fr\/royal\/royaume-uni\/thomas-markle-le-pere-de-meghan-hospitalise-aux-philippines\" rel=\"nofollow noopener\">Le 2 d\u00e9cembre, Thomas Markle a \u00e9t\u00e9 victime d\u2019un malaise<\/a> chez lui, aux Philippines, o\u00f9 il est install\u00e9 depuis des ann\u00e9es. Une intervention chirurgicale de trois heures aurait \u00e9t\u00e9 pratiqu\u00e9e mais alors qu\u2019il \u00e9tait <strong>en soins intensifs<\/strong>, son \u00e9tat se serait d\u00e9grad\u00e9 au point qu\u2019il faille l\u2019amputer d\u2019urgence de la jambe.<\/p>\n<p><img decoding=\"async\" src=\"https:\/\/www.europesays.com\/fr\/wp-content\/uploads\/2025\/12\/BESTIMAGE_00632448_000010q7qSTYFPZO.jpg\" alt=\"JLPPA\/ Bestimage\"\/><strong>Thomas Markle appara\u00eet dans Good Morning Britain, en 2023<\/strong> \u00a9 JLPPA\/ Bestimage<\/p>\n<p>L\u2019\u00e9v\u00e9nement a co\u00efncid\u00e9 avec la diffusion en avant premi\u00e8re du nouveau programme With Love, Meghan, sur Netflix. De nombreuses personnes se sont alors exprim\u00e9es sur les r\u00e9seaux sociaux pour fustiger l\u2019impassibilit\u00e9 de la duchesse de Sussex. Mais selon l\u2019un de ses porte-paroles, <a target=\"_blank\" href=\"https:\/\/www.pointdevue.fr\/grand-angle\/biographies\/meghan-markle\" rel=\"nofollow noopener\"><strong>Meghan<\/strong><\/a><strong> a fini par prendre contact avec son p\u00e8re. <\/strong>Aucun d\u00e9tail n&rsquo;a cependant \u00e9t\u00e9 divulgu\u00e9 et l\u2019on ignore notamment si la tentative de la duchesse de Sussex a abouti.<\/p>\n<p>Thomas Markle Jr, fr\u00e8re de Meghan, avait d\u00e9clar\u00e9 avant cela qu&rsquo;il esp\u00e9rait que sa s\u0153ur ferait un geste envers leur p\u00e8re. \u00ab\u00a0Mon seul souhait est que Meghan t\u00e9moigne de la compassion pour mon p\u00e8re. Il se bat litt\u00e9ralement pour sa vie\u00a0\u00bb, avait-il confi\u00e9 au Daily Mail. Depuis que sa fille a \u00e9pous\u00e9 le prince Harry, <a target=\"_blank\" href=\"https:\/\/www.pointdevue.fr\/royal\/royaume-uni\/thomas-markle-du-papa-poule-au-pere-encombrant\" rel=\"nofollow noopener\">Thomas Markle a souvent communiqu\u00e9 son d\u00e9sarroi dans les m\u00e9dias,<\/a> reprochant m\u00eame l\u2019implacabilit\u00e9 et l\u2019ingratitude de celle pour laquelle il estime avoir tout donn\u00e9. En 2023, il avait m\u00eame d\u00e9clar\u00e9 : \u00ab\u00a0Ce n&rsquo;est plus la personne que j&rsquo;ai connue comme ma fille.\u00a0\u00bb Il fut un temps, pourtant, Meghan rendait souvent hommage \u00e0 son p\u00e8re et le remerciait pour ce qu\u2019il lui avait enseign\u00e9. Le blog sur lequel elle s\u2019exprimait alors a depuis \u00e9t\u00e9 supprim\u00e9 de la toile.\u00a0<\/p>\n<p><img decoding=\"async\" src=\"https:\/\/www.europesays.com\/fr\/wp-content\/uploads\/2025\/12\/BESTIMAGE_00705991_000010hyVVfnDiYs.jpg\" alt=\"JLPPA\/ Bestimage\"\/><strong>Le demi-fr\u00e8re de Meghan, en 2025, lors d&rsquo;une interview t\u00e9l\u00e9vis\u00e9e<\/strong> \u00a9 JLPPA\/ Bestimage<\/p>\n<p>Le prince Harry et ses enfants, <a target=\"_blank\" href=\"https:\/\/www.pointdevue.fr\/grand-angle\/biographies\/lilibet-de-sussex\" rel=\"nofollow noopener\">Lilibet<\/a> et <a target=\"_blank\" href=\"https:\/\/www.pointdevue.fr\/grand-angle\/biographies\/archie-de-sussex\" rel=\"nofollow noopener\">Archie<\/a>, n\u2019ont jamais rencontr\u00e9 M. Markle en personne. A la suite des bisbilles entre le duc de Sussex et son p\u00e8re, <a target=\"_blank\" href=\"https:\/\/www.pointdevue.fr\/royal\/royaume-uni\/desespere-thomas-markle-se-compare-a-charles-iii-aucun-de-nous-ne-merite-le-traitement-que-nous-avons-recu\" rel=\"nofollow noopener\">Thomas Markle s\u2019\u00e9tait senti autoris\u00e9 \u00e0 comparer sa situation \u00e0 celle du roi<\/a>. En septembre, <strong>le duc de Sussex a cependant pu revoir <\/strong><a target=\"_blank\" href=\"https:\/\/www.pointdevue.fr\/grand-angle\/biographies\/charles-iii\" rel=\"nofollow noopener\"><strong>Charles<\/strong><\/a><strong> lors d&rsquo;un th\u00e9 \u00e0 Clarence House<\/strong>. Reste \u00e0 savoir si le rapprochement entre Meghan et son propre p\u00e8re ira jusque l\u00e0.\u00a0<\/p>\n<p>\u00a0<\/p>\n<p>Lire aussi &gt;&gt; <a target=\"_blank\" href=\"https:\/\/www.pointdevue.fr\/royal\/royaume-uni\/harry-passe-une-audition-pour-le-role-dun-prince-dans-un-film-de-noel-a-la-television-americaine\" rel=\"nofollow noopener\">Harry passe une audition pour le r\u00f4le d\u2019un prince dans un film de No\u00ebl \u00e0 la t\u00e9l\u00e9vision am\u00e9ricaine<\/a><br \/>\u00a0<\/p>\n","protected":false},"excerpt":{"rendered":"En 2018, tandis que sa fille \u00e9tait sur le point de convoler avec le prince Harry, \u00e0 l\u2019\u00e9poque&hellip;\n","protected":false},"author":2,"featured_media":582610,"comment_status":"","ping_status":"","sticky":false,"template":"","format":"standard","meta":{"footnotes":""},"categories":[1588],"tags":[11,1777,674,12,473,1853,1851,1850,1852],"class_list":{"0":"post-582609","1":"post","2":"type-post","3":"status-publish","4":"format-standard","5":"has-post-thumbnail","7":"category-royaume-uni","8":"tag-actualites","9":"tag-eu","10":"tag-europe","11":"tag-news","12":"tag-royaume-uni","13":"tag-royaume-uni-de-grande-bretagne-et-dirlande-du-nord","14":"tag-uk","15":"tag-united-kingdom","16":"tag-united-kingdom-of-great-britain-and-northern-ireland"},"share_on_mastodon":{"url":"https:\/\/pubeurope.com\/@fr\/115673900463129763","error":""},"_links":{"self":[{"href":"https:\/\/www.europesays.com\/fr\/wp-json\/wp\/v2\/posts\/582609","targetHints":{"allow":["GET"]}}],"collection":[{"href":"https:\/\/www.europesays.com\/fr\/wp-json\/wp\/v2\/posts"}],"about":[{"href":"https:\/\/www.europesays.com\/fr\/wp-json\/wp\/v2\/types\/post"}],"author":[{"embeddable":true,"href":"https:\/\/www.europesays.com\/fr\/wp-json\/wp\/v2\/users\/2"}],"replies":[{"embeddable":true,"href":"https:\/\/www.europesays.com\/fr\/wp-json\/wp\/v2\/comments?post=582609"}],"version-history":[{"count":0,"href":"https:\/\/www.europesays.com\/fr\/wp-json\/wp\/v2\/posts\/582609\/revisions"}],"wp:featuredmedia":[{"embeddable":true,"href":"https:\/\/www.europesays.com\/fr\/wp-json\/wp\/v2\/media\/582610"}],"wp:attachment":[{"href":"https:\/\/www.europesays.com\/fr\/wp-json\/wp\/v2\/media?parent=582609"}],"wp:term":[{"taxonomy":"category","embeddable":true,"href":"https:\/\/www.europesays.com\/fr\/wp-json\/wp\/v2\/categories?post=582609"},{"taxonomy":"post_tag","embeddable":true,"href":"https:\/\/www.europesays.com\/fr\/wp-json\/wp\/v2\/tags?post=582609"}],"curies":[{"name":"wp","href":"https:\/\/api.w.org\/{rel}","templated":true}]}}