{"id":582611,"date":"2025-12-06T17:53:15","date_gmt":"2025-12-06T17:53:15","guid":{"rendered":"https:\/\/www.europesays.com\/fr\/582611\/"},"modified":"2025-12-06T17:53:15","modified_gmt":"2025-12-06T17:53:15","slug":"le-bayern-en-demonstration-a-stuttgart-triple-pour-kane","status":"publish","type":"post","link":"https:\/\/www.europesays.com\/fr\/582611\/","title":{"rendered":"le Bayern en d\u00e9monstration \u00e0 Stuttgart, tripl\u00e9 pour Kane"},"content":{"rendered":"<p>A trois jours de recevoir le Sporting en Ligue des champions, le Bayern a impressionn\u00e9 samedi apr\u00e8s-midi sur la pelouse de Stuttgart, en corrigeant le club souabe 5 \u00e0 0, avec un tripl\u00e9 de son attaquant Harry Kane en une demi-heure.<\/p>\n<p>Le bilan comptable des Munichois apr\u00e8s 13 journ\u00e9es de championnat fr\u00f4le la perfection avec 37 points sur 39 possibles (douze victoires et un match nul). Ils ont seulement l\u00e2ch\u00e9 deux petits points \u00e0 Berlin sur la pelouse de l\u2019Union (2-2) \u00e0 la mi-novembre.<\/p>\n<p>Gr\u00e2ce \u00e0 cette victoire, le Bayern a battu les six \u00e9quipes qui se battent derri\u00e8re pour la 2e place (Leipzig 6-0, Dortmund 2-1, Leverkusen 3-0, Hoffenheim 4-1, Stuttgart 5-0 et Francfort 3-0).<\/p>\n<p>Avec 49 buts inscrits, les joueurs de Vincent Kompany r\u00e9alisent le meilleur d\u00e9but de saison offensif d\u2019un club de Bundesliga (76 buts en 22 rencontres toutes comp\u00e9titions confondues), et rel\u00e8guent la concurrence loin derri\u00e8re.<\/p>\n<p>Premier poursuivant des Bavarois avec 26 points au compteur, le RB Leipzig re\u00e7oit l\u2019Eintracht Francfort (7e, 21) en soir\u00e9e (18h30). Derri\u00e8re, le Borussia Dortmund (3e, 25), re\u00e7oit Hoffenheim (5e, 23) dimanche (17h30) en cl\u00f4ture de la 13e journ\u00e9e.<\/p>\n<p>Battu \u00e0 Augsbourg (2-0), le Bayer Leverkusen reste 4e au classement \u00e0 23 points et compte d\u00e9j\u00e0 14 points de retard sur le rouleau-compresseur munichois.<\/p>\n<p>Olise et Kane brillent<\/p>\n<p>Samedi, au Neckar-Stadion de Stuttgart, les co\u00e9quipiers de Joshua Kimmich ont d\u2019abord \u00e9t\u00e9 r\u00e9alistes en ouvrant le score par Konrad Laimer, qui a parfaitement combin\u00e9 avec Michael Olise, l\u2019Autrichien concluant l\u2019action d\u2019une talonnade \u00e0 la Madjer.<\/p>\n<p>Bouscul\u00e9s \u00e0 partir de la 20e minute, les Munichois ont fait le dos rond pour regagner les vestiaires avec un but d\u2019avance, avant de reprendre leur domination de plus belle en seconde p\u00e9riode. <\/p>\n<p>Dans la perspective de la r\u00e9ception du Sporting mardi (18h45) en Ligue des champions, Kompany avait d\u00e9cid\u00e9 de faire tourner un peu son effectif, avec Manuel Neuer, Jonathan Tah, ou encore Harry Kane sur le banc.<\/p>\n<p>L\u2019Anglais de 32 ans est entr\u00e9 \u00e0 la 61e minute, et a commenc\u00e9 son festival, avec un tir \u00e0 ras de terre \u00e0 25 m\u00e8tres parfaitement plac\u00e9 (66e), un penalty transform\u00e9 (82e) et un centre de Michael Olise exploit\u00e9 (88e).<\/p>\n<p>Entre le deuxi\u00e8me et le troisi\u00e8me but de Kane, Josip Stanisic (78e) a profit\u00e9 d\u2019une erreur de main d\u2019Alexander N\u00fcbel pour offrir une fin de match tranquille aux Munichois.<\/p>\n<p>Avec ce tripl\u00e9, Kane compte 17 buts en 13 matches de championnat (sur ses temps de passage de la saison 2023\/24), auxquels il faut ajouter les cinq buts en Ligue des champions, les 5 en Coupe, celui inscrit en Supercoupe et ses 5 en s\u00e9lection depuis septembre. Soit un total de 33 en moins de quatre mois.<\/p>\n<p>Olise n\u2019est pas en reste avec deux passes d\u00e9cisives et un penalty provoqu\u00e9 \u00e0 la 81e (et transform\u00e9 par Kane), sur une main volontaire de Lorenz Assignon alors que sa frappe enroul\u00e9e prenait le chemin des filets.<\/p>\n<p>L\u2019international fran\u00e7ais a d\u00e9j\u00e0 r\u00e9ussi 14 passes d\u00e9cisives cette saison toutes comp\u00e9titions confondues, dont 10 en championnat.<\/p>\n","protected":false},"excerpt":{"rendered":"A trois jours de recevoir le Sporting en Ligue des champions, le Bayern a impressionn\u00e9 samedi apr\u00e8s-midi sur&hellip;\n","protected":false},"author":2,"featured_media":582612,"comment_status":"","ping_status":"","sticky":false,"template":"","format":"standard","meta":{"footnotes":""},"categories":[1587],"tags":[11,672,1804,1805,1803,1777,674,1801,12,1802],"class_list":{"0":"post-582611","1":"post","2":"type-post","3":"status-publish","4":"format-standard","5":"has-post-thumbnail","7":"category-allemagne","8":"tag-actualites","9":"tag-allemagne","10":"tag-bundesrepublik-deutschland","11":"tag-de","12":"tag-deutschland","13":"tag-eu","14":"tag-europe","15":"tag-germany","16":"tag-news","17":"tag-republique-federale-dallemagne"},"share_on_mastodon":{"url":"https:\/\/pubeurope.com\/@fr\/115673904357770924","error":""},"_links":{"self":[{"href":"https:\/\/www.europesays.com\/fr\/wp-json\/wp\/v2\/posts\/582611","targetHints":{"allow":["GET"]}}],"collection":[{"href":"https:\/\/www.europesays.com\/fr\/wp-json\/wp\/v2\/posts"}],"about":[{"href":"https:\/\/www.europesays.com\/fr\/wp-json\/wp\/v2\/types\/post"}],"author":[{"embeddable":true,"href":"https:\/\/www.europesays.com\/fr\/wp-json\/wp\/v2\/users\/2"}],"replies":[{"embeddable":true,"href":"https:\/\/www.europesays.com\/fr\/wp-json\/wp\/v2\/comments?post=582611"}],"version-history":[{"count":0,"href":"https:\/\/www.europesays.com\/fr\/wp-json\/wp\/v2\/posts\/582611\/revisions"}],"wp:featuredmedia":[{"embeddable":true,"href":"https:\/\/www.europesays.com\/fr\/wp-json\/wp\/v2\/media\/582612"}],"wp:attachment":[{"href":"https:\/\/www.europesays.com\/fr\/wp-json\/wp\/v2\/media?parent=582611"}],"wp:term":[{"taxonomy":"category","embeddable":true,"href":"https:\/\/www.europesays.com\/fr\/wp-json\/wp\/v2\/categories?post=582611"},{"taxonomy":"post_tag","embeddable":true,"href":"https:\/\/www.europesays.com\/fr\/wp-json\/wp\/v2\/tags?post=582611"}],"curies":[{"name":"wp","href":"https:\/\/api.w.org\/{rel}","templated":true}]}}