{"id":582613,"date":"2025-12-06T17:54:24","date_gmt":"2025-12-06T17:54:24","guid":{"rendered":"https:\/\/www.europesays.com\/fr\/582613\/"},"modified":"2025-12-06T17:54:24","modified_gmt":"2025-12-06T17:54:24","slug":"reportage-avant-leur-retour-en-coupe-deurope-les-joueurs-de-lus-montauban-ont-vecu-le-jour-dattente-le-plus-long-de-leur-saison","status":"publish","type":"post","link":"https:\/\/www.europesays.com\/fr\/582613\/","title":{"rendered":"REPORTAGE. Avant leur retour en coupe d\u2019Europe, les joueurs de l\u2019US Montauban ont v\u00e9cu le jour d\u2019attente le plus long de leur saison"},"content":{"rendered":"<p>\n                                                                    l&rsquo;essentiel<br \/>\n                                                                L\u2019US Montauban joue son premier match de Challenge Cup depuis 15 ans, samedi 6\u00a0d\u00e9cembre 2025, sur le terrain des Zebre de Parme (21\u00a0heures). Un horaire inhabituel qui a forc\u00e9 le staff sportif \u00e0 des am\u00e9nagements le jour du match, pour g\u00e9rer l\u2019attente de la rencontre.\n                            <\/p>\n<p>Avec leur \u00e9quipement noir serti du logo du club, les joueurs de l\u2019US Montauban ne passent pas inaper\u00e7us. Une trentaine de joueurs, sans oublier une dizaine de membres du staff, empruntent les all\u00e9es du centre-ville de Parme, samedi 6\u00a0d\u00e9cembre 2025.<\/p>\n<p class=\"std-elt__inline\">\n        <strong>\u00c0 lire aussi :<\/strong><br \/>\n        <a href=\"https:\/\/www.ladepeche.fr\/2025\/12\/06\/reportage-de-montauban-a-parme-on-vous-embarque-dans-le-periple-de-lusm-pour-la-premiere-journee-de-challenge-cup-13093354.php\" target=\"_blank\" rel=\"noopener\">REPORTAGE. De Montauban \u00e0 Parme, on vous embarque dans le p\u00e9riple de l\u2019USM pour la premi\u00e8re journ\u00e9e de Challenge Cup<\/a>\n    <\/p>\n<p>Il est un peu plus de 11\u00a0heures du matin. Apr\u00e8s un petit-d\u00e9jeuner programm\u00e9 entre 7 et 9\u00a0heures et <a href=\"https:\/\/www.ladepeche.fr\/2025\/12\/06\/reportage-on-va-devoir-se-mettre-dans-le-rouge-on-vous-emmene-en-immersion-dans-une-seance-video-avant-un-match-de-lus-montauban-13094890.php\" target=\"_self\" rel=\"noopener\">une s\u00e9ance vid\u00e9o d\u2019une demi-heure \u00e0 10h30<\/a>, le groupe part \u00e0 <a href=\"https:\/\/www.ladepeche.fr\/2025\/12\/06\/reportage-de-montauban-a-parme-on-vous-embarque-dans-le-periple-de-lusm-pour-la-premiere-journee-de-challenge-cup-13093354.php\" target=\"_self\" rel=\"noopener\">la d\u00e9couverte de la cit\u00e9 d\u2019\u00c9milie-Romagne<\/a>. Du moins, tous ceux qui sont dans le groupe. Pour les autres, Cameron Ruiz, le directeur de la performance, a pr\u00e9par\u00e9 une s\u00e9ance de physique adapt\u00e9e.<\/p>\n<p>\u00ab\u00a0Une mani\u00e8re diff\u00e9rente d\u2019aborder la rencontre\u00a0\u00bb<\/p>\n<p>Cette balade matinale est une mani\u00e8re d\u2019occuper une journ\u00e9e qui s\u2019annonce interminable. Car, pour la premi\u00e8re fois de la saison, l\u2019USM dispute une rencontre en prime time. Leur opposition face aux Zebre, pour la premi\u00e8re journ\u00e9e de Challenge Cup, est programm\u00e9e \u00e0 21\u00a0heures.<\/p>\n<p>        <img decoding=\"async\" class=\"std-img__img responsive-img\" src=\"https:\/\/www.europesays.com\/fr\/wp-content\/uploads\/2025\/12\/1765043659_486_image.jpg\" alt=\"Sikhumbuzo Notshe, Karl Wilkins et Joe Powell tout sourire en train de se d\u00e9gourdir les jambes dans les rues de Parme.\"\/><\/p>\n<p>                Sikhumbuzo Notshe, Karl Wilkins et Joe Powell tout sourire en train de se d\u00e9gourdir les jambes dans les rues de Parme.<br \/>\n                                    DDM &#8211; MANU MASSIP<\/p>\n<p>\u00ab\u00a0C\u2019est une mani\u00e8re totalement diff\u00e9rente d\u2019aborder la rencontre. Il faut que les mecs restent concentr\u00e9s sur ce rendez-vous, sans le jouer avant la rencontre, ni trop se fatiguer physiquement et mentalement\u00a0\u00bb, explique <a href=\"https:\/\/www.ladepeche.fr\/2025\/12\/05\/entretien-on-a-toujours-la-meme-ambition-projette-andre-hough-le-coach-de-montauban-avant-le-retour-du-club-en-challenge-cup-13093052.php\" target=\"_self\" rel=\"noopener\">Andre Hough<\/a>, en s\u2019\u00e9loignant de la gare situ\u00e9e \u00e0 deux pas de l\u2019h\u00f4tel o\u00f9 logent les Tarn-et-Garonnais pour ce week-end transalpin.<\/p>\n<p>La Piazza Garibaldi comme QG<\/p>\n<p>Joueurs et staff ne sont pas vraiment en terre inconnue. Car Robin Girou, le team manager, est parti en \u00e9claireur. \u00ab\u00a0Je me l\u00e8ve tout le temps plus t\u00f4t pour aller faire un petit tour, voir o\u00f9 on peut aller prendre un caf\u00e9 par exemple\u00a0\u00bb, d\u00e9taille-t-il.<\/p>\n<p>        <img decoding=\"async\" class=\"std-img__img responsive-img\" src=\"https:\/\/www.europesays.com\/fr\/wp-content\/uploads\/2025\/12\/1765043660_106_image.jpg\" alt=\"Robin Girou, Thomas Larregain, Antoine Lanne-Petit, trois gar\u00e7ons dans le vent de Parme.\"\/><\/p>\n<p>                Robin Girou, Thomas Larregain, Antoine Lanne-Petit, trois gar\u00e7ons dans le vent de Parme.<br \/>\n                                    DDM &#8211; MANU MASSIP<\/p>\n<p>Cette fois, les Montalbanais ont choisi de se poser sur la Piazza Giuseppe Garibaldi. Une statue de l\u2019ancien homme politique tr\u00f4ne en majest\u00e9 sur les pav\u00e9s de ce lieu embl\u00e9matique.<\/p>\n<p class=\"std-elt__inline\">\n        <strong>\u00c0 lire aussi :<\/strong><br \/>\n        <a href=\"https:\/\/www.ladepeche.fr\/2025\/12\/06\/reportage-on-va-devoir-se-mettre-dans-le-rouge-on-vous-emmene-en-immersion-dans-une-seance-video-avant-un-match-de-lus-montauban-13094890.php\" target=\"_blank\" rel=\"noopener\">REPORTAGE. \u00ab\u00a0On va devoir se mettre dans le rouge\u00a0\u00bb\u00a0: on vous emm\u00e8ne en immersion dans une s\u00e9ance vid\u00e9o avant un match de l\u2019US Montauban<\/a>\n    <\/p>\n<p>\u00ab\u00a0S\u2019a\u00e9rer l\u2019esprit\u00a0\u00bb<\/p>\n<p>\u00ab\u00a0\u00c0 chaque d\u00e9placement, nous avons l\u2019habitude de faire une petite balade dans la ville pour ne pas rester enferm\u00e9s \u00e0 l\u2019h\u00f4tel. Sinon, la journ\u00e9e peut para\u00eetre longue alors qu\u2019habituellement, les matchs sont \u00e0 16h30. L\u00e0, c\u2019est d\u2019autant plus important de s\u2019a\u00e9rer l\u2019esprit\u00a0\u00bb, assure Robin Girou.<\/p>\n<p>        <img decoding=\"async\" class=\"std-img__img responsive-img\" src=\"https:\/\/www.europesays.com\/fr\/wp-content\/uploads\/2025\/12\/1765043661_789_image.jpg\" alt=\"Jean-Claude Maillard, le pr\u00e9sident de l\u2019USM, entour\u00e9s par des supporters sapiacains, dont Roland Garrigues.\"\/><\/p>\n<p>                Jean-Claude Maillard, le pr\u00e9sident de l\u2019USM, entour\u00e9s par des supporters sapiacains, dont Roland Garrigues.<br \/>\n                                    DDM &#8211; MANU MASSIP<\/p>\n<p>Cette petite balade est l\u2019occasion de croiser S\u00e9bastien, Thomas et Romain, trois Ultras Sapiac qui ont fait le d\u00e9placement par leurs propres moyens. Quelques discussions naissent aussi avec le pr\u00e9sident du club Jean-Claude Maillard, le directeur g\u00e9n\u00e9ral Johan Dalla Riva ou encore Roland Garrigues venu supporter les Vert et Noir avec son \u00e9pouse.<\/p>\n<p>Une partie de coinche interrompue<\/p>\n<p>Pour passer le temps, Kyllian Ringuet a pr\u00e9vu son paquet de cartes. Il s\u2019installe avec Robin Girou, St\u00e9phane Ahmed et Corentin Coularis en terrasse pour pratiquer leur jeu favori\u00a0: la coinche. Probl\u00e8me\u00a0: une serveuse bien intentionn\u00e9e leur rappelle que c\u2019est interdit par la loi italienne sur la voie publique.\u00a0C\u2019est la grande d\u00e9ception.<\/p>\n<p>        <img decoding=\"async\" class=\"std-img__img responsive-img\" src=\"https:\/\/www.europesays.com\/fr\/wp-content\/uploads\/2025\/12\/1765043662_382_image.jpg\" alt=\"St\u00e9phane Ahmed profite d\u2019une balade avec ses deux gardes du corps Noa Kanika et Kyllian Ringuet.\"\/><\/p>\n<p>                St\u00e9phane Ahmed profite d\u2019une balade avec ses deux gardes du corps Noa Kanika et Kyllian Ringuet.<br \/>\n                                    DDM &#8211; MANU MASSIP<\/p>\n<p>Apr\u00e8s avoir rang\u00e9 leur paquet, certains d\u2019entre eux reviennent dans le hall de l\u2019h\u00f4tel pour s\u2019occuper. D\u2019autres pr\u00e9f\u00e8rent prendre un espresso bien serr\u00e9. C\u2019est le cas de S\u00e9bastien Tillous-Borde, Thomas Larregain, J\u00e9r\u00e9mie Maurouard ou\u00a0Gauvain Capra notamment.<\/p>\n<p>\u00ab\u00a0Il ne faut pas jouer le match avant\u00a0\u00bb<\/p>\n<p>Tyrone Viiga, Vaea Fifita, Gade Asaeli et Gibson Popoali\u2019i\u00a0ont choisi les marches de la statue de Garibaldi pour se laisser aller quelques instants face au soleil, avant de continuer \u00e0 arpenter les rues italiennes.<\/p>\n<p>        <img decoding=\"async\" class=\"std-img__img responsive-img\" src=\"https:\/\/www.europesays.com\/fr\/wp-content\/uploads\/2025\/12\/1765043663_570_image.jpg\" alt=\"La balade est aussi l\u2019occasion d\u2019immortaliser quelques souvenirs.\"\/><\/p>\n<p>                La balade est aussi l\u2019occasion d\u2019immortaliser quelques souvenirs.<br \/>\n                                    DDM &#8211; MANU MASSIP<\/p>\n<p>\u00ab\u00a0C\u2019est la premi\u00e8re fois de ma carri\u00e8re que je joue un match de coupe d\u2019Europe, sourit le capitaine. La journ\u00e9e est longue mais il faut rester relax, marcher dans la ville un peu ce matin. En revanche, cet apr\u00e8s-midi, il faudra se reposer un peu. Car le plus important est de garder de l\u2019\u00e9nergie pour le match qui a lieu tard. Il ne faut pas le jouer avant\u00a0\u00bb, certifie l\u2019homme des \u00eeles Cook.<\/p>\n<p class=\"std-elt__inline\">\n        <strong>\u00c0 lire aussi :<\/strong><br \/>\n        <a href=\"https:\/\/www.ladepeche.fr\/2025\/12\/05\/15-ans-apres-son-dernier-match-europeen-decouvrez-la-composition-de-lequipe-de-montauban-pour-son-premier-match-de-challenge-cup-de-la-saison-13093156.php\" target=\"_blank\" rel=\"noopener\">15 ans apr\u00e8s son dernier match europ\u00e9en, d\u00e9couvrez la composition de l\u2019\u00e9quipe de Montauban pour son premier match de Challenge Cup de la saison<\/a>\n    <\/p>\n<p>Une bonne sieste apr\u00e8s-manger<\/p>\n<p>Apr\u00e8s le d\u00e9jeuner, St\u00e9phane Ahmed a d\u00e9j\u00e0 son programme\u00a0: une bonne sieste. \u00ab\u00a0J\u2019essaie de me coucher un peu plus tard la veille d\u2019un match du soir. Comme \u00e7a, j\u2019ai envie de dormir en d\u00e9but d\u2019apr\u00e8s-midi et \u00e7a me permet d\u2019\u00eatre frais \u00e0 21\u00a0heures\u00a0\u00bb, confie l\u2019ailier.<\/p>\n<p>        <img decoding=\"async\" class=\"std-img__img responsive-img\" src=\"https:\/\/www.europesays.com\/fr\/wp-content\/uploads\/2025\/12\/1765043664_217_image.jpg\" alt=\"Les Ultras Sapiac ont fait le d\u00e9placement. Ici avec Cl\u00e9ment Cappecchi, le kin\u00e9, et J\u00e9r\u00f4me Bosviel.\"\/><\/p>\n<p>                Les Ultras Sapiac ont fait le d\u00e9placement. Ici avec Cl\u00e9ment Cappecchi, le kin\u00e9, et J\u00e9r\u00f4me Bosviel.<br \/>\n                                    DDM &#8211; MANU MASSIP<\/p>\n<p>Apr\u00e8s une collation \u00e0 17\u00a0heures, les premiers joueurs passeront entre les mains des kin\u00e9s, Cl\u00e9ment Cappecchi et Thierry Crestian, \u00e0 partir de 18\u00a0heures. Une heure plus tard, direction en car le Stadio XXV Aprile. C\u2019est \u00e0 ce moment-l\u00e0 que les choses s\u00e9rieuses d\u00e9marreront\u2026<\/p>\n","protected":false},"excerpt":{"rendered":"l&rsquo;essentiel L\u2019US Montauban joue son premier match de Challenge Cup depuis 15 ans, samedi 6\u00a0d\u00e9cembre 2025, sur le&hellip;\n","protected":false},"author":2,"featured_media":582614,"comment_status":"","ping_status":"","sticky":false,"template":"","format":"standard","meta":{"footnotes":""},"categories":[1586],"tags":[11,1777,674,1011,27,19054,12,25,68796,517,36586,68991],"class_list":{"0":"post-582613","1":"post","2":"type-post","3":"status-publish","4":"format-standard","5":"has-post-thumbnail","7":"category-europe","8":"tag-actualites","9":"tag-eu","10":"tag-europe","11":"tag-fr","12":"tag-france","13":"tag-montauban","14":"tag-news","15":"tag-republique-francaise","16":"tag-rugby-u00e0-xv","17":"tag-sport","18":"tag-tarn-et-garonne","19":"tag-us-montauban"},"share_on_mastodon":{"url":"https:\/\/pubeurope.com\/@fr\/115673909706737609","error":""},"_links":{"self":[{"href":"https:\/\/www.europesays.com\/fr\/wp-json\/wp\/v2\/posts\/582613","targetHints":{"allow":["GET"]}}],"collection":[{"href":"https:\/\/www.europesays.com\/fr\/wp-json\/wp\/v2\/posts"}],"about":[{"href":"https:\/\/www.europesays.com\/fr\/wp-json\/wp\/v2\/types\/post"}],"author":[{"embeddable":true,"href":"https:\/\/www.europesays.com\/fr\/wp-json\/wp\/v2\/users\/2"}],"replies":[{"embeddable":true,"href":"https:\/\/www.europesays.com\/fr\/wp-json\/wp\/v2\/comments?post=582613"}],"version-history":[{"count":0,"href":"https:\/\/www.europesays.com\/fr\/wp-json\/wp\/v2\/posts\/582613\/revisions"}],"wp:featuredmedia":[{"embeddable":true,"href":"https:\/\/www.europesays.com\/fr\/wp-json\/wp\/v2\/media\/582614"}],"wp:attachment":[{"href":"https:\/\/www.europesays.com\/fr\/wp-json\/wp\/v2\/media?parent=582613"}],"wp:term":[{"taxonomy":"category","embeddable":true,"href":"https:\/\/www.europesays.com\/fr\/wp-json\/wp\/v2\/categories?post=582613"},{"taxonomy":"post_tag","embeddable":true,"href":"https:\/\/www.europesays.com\/fr\/wp-json\/wp\/v2\/tags?post=582613"}],"curies":[{"name":"wp","href":"https:\/\/api.w.org\/{rel}","templated":true}]}}