{"id":582615,"date":"2025-12-06T17:55:13","date_gmt":"2025-12-06T17:55:13","guid":{"rendered":"https:\/\/www.europesays.com\/fr\/582615\/"},"modified":"2025-12-06T17:55:13","modified_gmt":"2025-12-06T17:55:13","slug":"elon-musk-reagit-a-lamende-de-120-millions-deuros-imposee-a-x","status":"publish","type":"post","link":"https:\/\/www.europesays.com\/fr\/582615\/","title":{"rendered":"Elon Musk r\u00e9agit \u00e0 l\u2019amende de 120 millions d\u2019euros impos\u00e9e \u00e0 X"},"content":{"rendered":"<p>\n    Alors que Bruxelles vient de sanctionner le r\u00e9seau social du patron de SpaceX, ce dernier se d\u00e9fend en surfant sur l\u2019indignation de l\u2019administration am\u00e9ricaine.<\/p>\n<p class=\"fig-paragraph\">Une phrase cinglante. Alors que<a href=\"http:\/\/www.lefigaro.fr\/economie\/en-sanctionnant-le-reseau-social-x-bruxelles-tend-un-peu-plus-ses-relations-avec-washington-20251205\" data-fig-type=\"Article\" data-gtm-custom-categorie=\"navigation\" data-gtm-custom-action=\"crossclick\" data-gtm-custom-label=\"Contextuel\" data-gtm-event=\"customEventSPE\" data-fig-domain=\"LEFIGARO\" target=\"_blank\" rel=\"noopener\">\u00a0l\u2019Union europ\u00e9enne vient de sanctionner son r\u00e9seau social X<\/a>\u00a0(ex\u2011Twitter), Elon Musk semble pr\u00eat \u00e0 partir en guerre contre les institutions qui r\u00e9gissent le Vieux Continent, ou du moins les services num\u00e9riques auxquels ont acc\u00e8s les Europ\u00e9ens. Bruxelles vient d\u2019infliger \u00e0 X une amende de 120 millions d\u2019euros au titre du\u00a0<a href=\"http:\/\/www.lefigaro.fr\/secteur\/high-tech\/fnac-bereal-blablacar-leboncoin-le-digital-services-act-s-applique-desormais-a-toutes-les-plateformes-20240217\" data-fig-type=\"Article\" data-gtm-custom-categorie=\"navigation\" data-gtm-custom-action=\"crossclick\" data-gtm-custom-label=\"Contextuel\" data-gtm-event=\"customEventSPE\" data-fig-domain=\"LEFIGARO\" target=\"_blank\" rel=\"noopener\">Digital Services Act<\/a>\u00a0(DSA), premi\u00e8re sanction prononc\u00e9e dans ce cadre contre le r\u00e9seau social, pour non\u2011respect de ses obligations de transparence et pour une utilisation jug\u00e9e trompeuse de certaines fonctionnalit\u00e9s cl\u00e9s.<\/p>\n<p class=\"fig-paragraph\">\u00abL\u2019UE devrait \u00eatre dissoute et la souverainet\u00e9 restitu\u00e9e \u00e0 chaque pays, afin que les gouvernements puissent mieux repr\u00e9senter leur population\u00bb, a d\u00e9clar\u00e9 Elon Musk dans un post sur X ce samedi 6 d\u00e9cembre. Un message qui n\u2019a pas tard\u00e9 \u00e0 r\u00e9colter plus de 10.000 commentaires apr\u00e8s avoir \u00e9t\u00e9 partag\u00e9 pr\u00e8s de 20.000 fois sur le m\u00eame r\u00e9seau social.<\/p>\n<p>                                            <a class=\"fig-a11y-skip\" href=\"#fig-a11y-skip-main-inarticle\" data-module=\"a11y-skip\" data-context=\"was @visible\"><br \/>\n    Passer la publicit\u00e9<br \/>\n<\/a>            <\/p>\n<p>                                            Trois mois pour corriger le tir<\/p>\n<p class=\"fig-paragraph\">Les autorit\u00e9s europ\u00e9ennes estiment que le syst\u00e8me de \u00abcoches bleues\u00bb de X est trompeur, puisqu\u2019il suffit de payer pour obtenir le badge de \u00abcompte v\u00e9rifi\u00e9\u00bb sans qu\u2019un v\u00e9ritable contr\u00f4le d\u2019identit\u00e9 men\u00e9 par la plateforme ne vienne \u00e9tayer cette pseudo-accr\u00e9ditation. R\u00e9sultat\u00a0: la coche bleue \u00abinduit les utilisateurs en erreur sur l\u2019authenticit\u00e9 des comptes\u00bb et \u00abcontrevient \u00e0 l\u2019obligation d\u2019interdire les pratiques commerciales trompeuses\u00bb, juge la Commission europ\u00e9enne dans un communiqu\u00e9 de presse.<\/p>\n<p class=\"fig-paragraph\">Elle reproche aussi \u00e0 la plateforme un manque de transparence sur son registre de publicit\u00e9s et un acc\u00e8s trop restreint aux donn\u00e9es publiques pour les chercheurs, en violation des obligations de transparence pr\u00e9vues par le DSA. L\u2019entreprise a d\u00e9sormais \u00ab60 jours ouvrables\u00bb pour corriger la proc\u00e9dure de d\u00e9livrance des coches bleues, et \u00ab90 jours\u00bb pour soumettre \u00e0 la Commission un plan d\u2019action sur la transparence publicitaire. Bruxelles prendra ensuite deux mois pour \u00e9valuer la r\u00e9ponse de X avant de fixer un d\u00e9lai final de mise en \u0153uvre. \u00abLe non-respect de la d\u00e9cision de non-conformit\u00e9 peut entra\u00eener le paiement de p\u00e9nalit\u00e9s p\u00e9riodiques\u00bb, pr\u00e9cise le communiqu\u00e9.<\/p>\n<p>                                            \u00abUne attaque contre le peuple am\u00e9ricain\u00bb<\/p>\n<p class=\"fig-paragraph\">Cette d\u00e9cision a provoqu\u00e9<a href=\"http:\/\/www.lefigaro.fr\/secteur\/high-tech\/bruxelles-inflige-une-amende-de-120-millions-d-euros-au-reseau-social-x-20251205\" data-fig-type=\"NewsFlash\" data-gtm-custom-categorie=\"navigation\" data-gtm-custom-action=\"crossclick\" data-gtm-custom-label=\"Contextuel\" data-gtm-event=\"customEventSPE\" data-fig-domain=\"LEFIGARO\" target=\"_blank\" rel=\"noopener\">\u00a0l\u2019indignation presque unanime de l\u2019administration am\u00e9ricaine<\/a>. \u00abL\u2019amende de 140 millions de dollars inflig\u00e9e par la Commission europ\u00e9enne n\u2019est pas seulement une attaque contre X, c\u2019est une attaque contre toutes les plateformes technologiques am\u00e9ricaines et le peuple am\u00e9ricain par des gouvernements \u00e9trangers\u00bb, tan\u00e7ait le chef de la diplomatie am\u00e9ricaine, Marco Rubio, vendredi soir. \u00abL\u2019\u00e9poque de la censure des Am\u00e9ricains en ligne est r\u00e9volue\u00bb, a-t-il ajout\u00e9, sans pr\u00e9ciser davantage son plan de bataille pour y mettre fin.<\/p>\n<p class=\"fig-paragraph\">Un message imm\u00e9diatement partag\u00e9 par le vice-pr\u00e9sident am\u00e9ricain JD Vance. \u00abDes rumeurs circulent selon lesquelles la Commission europ\u00e9enne infligerait une amende de plusieurs centaines de millions de dollars pour non-respect de la censure. L\u2019UE devrait soutenir la libert\u00e9 d\u2019expression au lieu d\u2019attaquer les entreprises am\u00e9ricaines pour des futilit\u00e9s\u00bb, avait lanc\u00e9 ce dernier sur son compte X, grossissant de peu les chiffres, peu avant l\u2019annonce de la Commission europ\u00e9enne. La hache de guerre est d\u00e9terr\u00e9e.<\/p>\n","protected":false},"excerpt":{"rendered":"Alors que Bruxelles vient de sanctionner le r\u00e9seau social du patron de SpaceX, ce dernier se d\u00e9fend en&hellip;\n","protected":false},"author":2,"featured_media":582616,"comment_status":"","ping_status":"","sticky":false,"template":"","format":"standard","meta":{"footnotes":""},"categories":[1586],"tags":[11,46,1777,674,1779,1011,27,12,25,6814,1778,364],"class_list":{"0":"post-582615","1":"post","2":"type-post","3":"status-publish","4":"format-standard","5":"has-post-thumbnail","7":"category-europe","8":"tag-actualites","9":"tag-elon-musk","10":"tag-eu","11":"tag-europe","12":"tag-european-union","13":"tag-fr","14":"tag-france","15":"tag-news","16":"tag-republique-francaise","17":"tag-twitter","18":"tag-ue","19":"tag-union-europeenne"},"share_on_mastodon":{"url":"https:\/\/pubeurope.com\/@fr\/115673912145501596","error":""},"_links":{"self":[{"href":"https:\/\/www.europesays.com\/fr\/wp-json\/wp\/v2\/posts\/582615","targetHints":{"allow":["GET"]}}],"collection":[{"href":"https:\/\/www.europesays.com\/fr\/wp-json\/wp\/v2\/posts"}],"about":[{"href":"https:\/\/www.europesays.com\/fr\/wp-json\/wp\/v2\/types\/post"}],"author":[{"embeddable":true,"href":"https:\/\/www.europesays.com\/fr\/wp-json\/wp\/v2\/users\/2"}],"replies":[{"embeddable":true,"href":"https:\/\/www.europesays.com\/fr\/wp-json\/wp\/v2\/comments?post=582615"}],"version-history":[{"count":0,"href":"https:\/\/www.europesays.com\/fr\/wp-json\/wp\/v2\/posts\/582615\/revisions"}],"wp:featuredmedia":[{"embeddable":true,"href":"https:\/\/www.europesays.com\/fr\/wp-json\/wp\/v2\/media\/582616"}],"wp:attachment":[{"href":"https:\/\/www.europesays.com\/fr\/wp-json\/wp\/v2\/media?parent=582615"}],"wp:term":[{"taxonomy":"category","embeddable":true,"href":"https:\/\/www.europesays.com\/fr\/wp-json\/wp\/v2\/categories?post=582615"},{"taxonomy":"post_tag","embeddable":true,"href":"https:\/\/www.europesays.com\/fr\/wp-json\/wp\/v2\/tags?post=582615"}],"curies":[{"name":"wp","href":"https:\/\/api.w.org\/{rel}","templated":true}]}}