{"id":582622,"date":"2025-12-06T18:01:21","date_gmt":"2025-12-06T18:01:21","guid":{"rendered":"https:\/\/www.europesays.com\/fr\/582622\/"},"modified":"2025-12-06T18:01:21","modified_gmt":"2025-12-06T18:01:21","slug":"rugby-pro-d2-fcg-a-un-moment-donne-il-faut-tourner-la-page-jeff-dubois-au-chevet-dun-groupe-malade-le-dauphine-libere","status":"publish","type":"post","link":"https:\/\/www.europesays.com\/fr\/582622\/","title":{"rendered":"Rugby &#8211; Pro D2. FCG : \u00ab \u00c0 un moment donn\u00e9, il faut tourner la page \u00bb, Jeff Dubois au chevet d\u2019un groupe malade &#8211; Le Dauphin\u00e9 Lib\u00e9r\u00e9"},"content":{"rendered":"<ol>\n<li><a href=\"https:\/\/news.google.com\/rss\/articles\/CBMiygFBVV95cUxQSXliTG5PTk96dkE1LWxqdXJVQkEwQXVlb1pkakg3Qk05S3F5VG9JZ25yOTZDa2VnYVlJQWdhVHNMRGZyVlFoM2tCOGZaQWVNc2JwTjc2MERjbzhKdWR6eWUtNTVpZWdUSWRmc1cwbkdDelBYblpDbjJoal90MjJKaldFZ1AtYjh1VjJMLUpuR1d1bWFlSk9xZXJQU3pqMXhIQW9GY1QzQ2t1Ql92LWt6WGpOM21IdTJTS1Z1QTN0M2pSXzdoMk5mOHhR?oc=5\" target=\"_blank\" rel=\"nofollow noopener\">Rugby &#8211; Pro D2. FCG : \u00ab \u00c0 un moment donn\u00e9, il faut tourner la page \u00bb, Jeff Dubois au chevet d\u2019un groupe malade<\/a>&nbsp;&nbsp;Le Dauphin\u00e9 Lib\u00e9r\u00e9<\/li>\n<li><a href=\"https:\/\/news.google.com\/rss\/articles\/CBMi5gFBVV95cUxPQU9MdjFsbTdGclk4aWp5dF9waWdIcFJjNXFlSnZnMldGQVNieGFxdVdoMDFOMmlYWFdNaHg0NGNZYkh5LVd1N3J3ZG1WVnVoeTNZM1Qxc2gxV2J2VS10bVYyUktRMlEzZDllZS12clg2dGpxVEdFNjlacTkwUUljTDBOMUI5UjJtZkRabDNqbUdKREpMbTIxVVI5ck5keldaLWd4TzJUVlFCLW13Vkl2ZFI4NE5uZ2NFQldMTXhEV0tHU3lyU2JBeHBtSmpJTVpOYzY5dGdpaVJncHJIVE1NZS1YcEl6UQ?oc=5\" target=\"_blank\" rel=\"nofollow noopener\">Revivez le succ\u00e8s bonifi\u00e9 de Colomiers face \u00e0 Grenoble en ouverture de la 13e journ\u00e9e de Pro D2<\/a>&nbsp;&nbsp;Rugbyrama<\/li>\n<li><a href=\"https:\/\/news.google.com\/rss\/articles\/CBMixAFBVV95cUxQZ1pzQjAxNW96dV9fS25iVU5uOGtRMWw5VjNLUlE0dFFreFNPUkxScVVSTEdQSktuQUNnUXBJZGE0OEI4b2RrUjdwRXNHSTQwZzExb2JmNzVnQ0hLUjQzMFBoVU5rSFRvel9yVE5xSUdYUlNzRUlCMGlRWXkyaW5oTHFmaUFsVEJkWlFpemRJV3U1M0t1c0Qtd3plZVNtSVBTcnlEVnZrVFZZeVRWa2s1VVg0R25hdG9DcW9mV0dCYUU0SU150gHDAUFVX3lxTFA3Y0VhUmtHMEhqLVA0SS1DMUpuNk5qN20yQnNfQXJFcjh4Q0hGZ2RZQmc3aGl1bUNUSk1PVVg0bEFIa1NXZzJZQjRBNUo3SU14VkVRei1XVHh1QWJKQzFfWnpxcWhhWDFNdm8zdlVaam41UzVJMzE0MGduZkFJVm9aVDlaNGVEdUZGQldpY3l2eF9RTXdZdGk5TU5VWVBrVFV4Yk5tNjBpUi05N3pZcFVaTmJXYTJZa0xtTUY5U3d3aU5hNA?oc=5\" target=\"_blank\" rel=\"nofollow noopener\">Pro D2 (J13) : Colomiers \u00e9crase Grenoble et retrouve la 2e place : Sports &#8211; Orange<\/a>&nbsp;&nbsp;Sports &#8211; Orange<\/li>\n<li><a href=\"https:\/\/news.google.com\/rss\/articles\/CBMikgFBVV95cUxQNThmQ0FrRVRRamZSQUFzXzFUYVlfQjlMdlJrMGFVck5OQmRQWlNSMW1vSWFONUtrWUthOUd3OGd5dUk4TzdnWk81UmE4VXN4ZWtfNkR2M0E1RGVvWmpWV1gteUNEOHZIaDlQUFJfeTltTlNDcmpFdWxXZkVxdmlLamNpZE5zazB2eHJpQjVxWjlVUQ?oc=5\" target=\"_blank\" rel=\"nofollow noopener\">Colomiers 43-7 Grenoble, Pro D2 2025-2026 : r\u00e9sum\u00e9 du match (04\/12\/2025)<\/a>&nbsp;&nbsp;L&rsquo;\u00c9quipe<\/li>\n<li><a href=\"https:\/\/news.google.com\/rss\/articles\/CBMirwFBVV95cUxQYlJNVlFMbGRUV2tLNXBMZDBTTXQwenhvOUNOc1ZlWjBzM202aWlNQTQxYVFhS2NrWHpfdVlZSWxkWklqM2pEWExHLUprRHlsd2k0eG9LX0tmRGlOUEN1YWtIbXFLQURvVnMxYU9LRV9rMW92Y0F2T3o1VkpzcjVsRXduSE5IVnJVbTFlQ2FTNXk4ZjVlbVlSSFRSSmlqRVBNRkdUaVBCUXVZX2dOdWZ3?oc=5\" target=\"_blank\" rel=\"nofollow noopener\">Pro D2 : quand Colomiers donne sa pleine mesure, rien n\u2019y r\u00e9siste<\/a>&nbsp;&nbsp;ladepeche.fr<\/li>\n<\/ol>\n","protected":false},"excerpt":{"rendered":"Rugby &#8211; Pro D2. FCG : \u00ab \u00c0 un moment donn\u00e9, il faut tourner la page \u00bb, Jeff&hellip;\n","protected":false},"author":2,"featured_media":582623,"comment_status":"","ping_status":"","sticky":false,"template":"","format":"standard","meta":{"footnotes":""},"categories":[1416],"tags":[112,2727,1701,1011,27,2731,2732,108,2308,479,1468,517,1947,60],"class_list":{"0":"post-582622","1":"post","2":"type-post","3":"status-publish","4":"format-standard","5":"has-post-thumbnail","7":"category-rugby","8":"tag-edition-grenoble-agglomeration","9":"tag-fcg-fc-grenoble-rugby","10":"tag-fil-info-sport","11":"tag-fr","12":"tag-france","13":"tag-grenoble","14":"tag-grenoble-bassin","15":"tag-isere","16":"tag-pro-d2","17":"tag-rugby","18":"tag-rugby-football","19":"tag-sport","20":"tag-sport-national","21":"tag-sports"},"share_on_mastodon":{"url":"https:\/\/pubeurope.com\/@fr\/115673935675955306","error":""},"_links":{"self":[{"href":"https:\/\/www.europesays.com\/fr\/wp-json\/wp\/v2\/posts\/582622","targetHints":{"allow":["GET"]}}],"collection":[{"href":"https:\/\/www.europesays.com\/fr\/wp-json\/wp\/v2\/posts"}],"about":[{"href":"https:\/\/www.europesays.com\/fr\/wp-json\/wp\/v2\/types\/post"}],"author":[{"embeddable":true,"href":"https:\/\/www.europesays.com\/fr\/wp-json\/wp\/v2\/users\/2"}],"replies":[{"embeddable":true,"href":"https:\/\/www.europesays.com\/fr\/wp-json\/wp\/v2\/comments?post=582622"}],"version-history":[{"count":0,"href":"https:\/\/www.europesays.com\/fr\/wp-json\/wp\/v2\/posts\/582622\/revisions"}],"wp:featuredmedia":[{"embeddable":true,"href":"https:\/\/www.europesays.com\/fr\/wp-json\/wp\/v2\/media\/582623"}],"wp:attachment":[{"href":"https:\/\/www.europesays.com\/fr\/wp-json\/wp\/v2\/media?parent=582622"}],"wp:term":[{"taxonomy":"category","embeddable":true,"href":"https:\/\/www.europesays.com\/fr\/wp-json\/wp\/v2\/categories?post=582622"},{"taxonomy":"post_tag","embeddable":true,"href":"https:\/\/www.europesays.com\/fr\/wp-json\/wp\/v2\/tags?post=582622"}],"curies":[{"name":"wp","href":"https:\/\/api.w.org\/{rel}","templated":true}]}}