{"id":582624,"date":"2025-12-06T18:02:11","date_gmt":"2025-12-06T18:02:11","guid":{"rendered":"https:\/\/www.europesays.com\/fr\/582624\/"},"modified":"2025-12-06T18:02:11","modified_gmt":"2025-12-06T18:02:11","slug":"atp-julia-apostoli-mere-de-tsitsipas-dezingue-ivanisevic-lhistoire-de-goran-en-tant-que-coach-commence-et-se-termine-avec-un-joueur-nomme-djokovic-il-sest-completement-perdu","status":"publish","type":"post","link":"https:\/\/www.europesays.com\/fr\/582624\/","title":{"rendered":"ATP > Julia Apostoli, m\u00e8re de Tsitsipas, d\u00e9zingue Ivanisevic : \u00ab\u00a0L&rsquo;histoire de Goran en tant que coach commence et se termine avec un joueur nomm\u00e9 Djokovic. Il s&rsquo;est compl\u00e8tement perdu\u00a0\u00bb"},"content":{"rendered":"<p>\u00ab\u202fJe n\u2019ai jamais vu un joueur aussi mal pr\u00e9par\u00e9 de ma vie. Avec mon genou, je suis trois fois plus en forme que lui. C\u2019est vrai\u00adment terrible\u202f\u00bb,\u00a0<a href=\"https:\/\/www.welovetennis.fr\/wimbledon\/ivanisevic-coach-de-tsitsipas-depuis-un-mois-jetais-sous-le-choc-je-nai-jamais-vu-un-joueur-aussi-mal-prepare-de-ma-vie-avec-mon-genou-je-suis-trois-fois-plus-en-forme-que-lui-cest-vrai\" data-wpel-link=\"internal\" target=\"_blank\" rel=\"noopener\">avait l\u00e2ch\u00e9 Goran Ivanisevic lors de sa br\u00e8ve colla\u00adbo\u00adra\u00adtion avec Stefanos Tsitsipas<\/a>.<\/p>\n<p>Interview\u00e9e quelques mois plus tard par le m\u00e9dia russe Sports, dont les propos sont relay\u00e9s par <a href=\"https:\/\/www.thetennisgazette.com\/news\/stefanos-tsitsipas-mother-makes-shocking-admission-about-goran-ivanisevic-it-turned-out-to-be-an-illusion\/\" data-wpel-link=\"external\" target=\"_blank\" rel=\"nofollow external noopener\">The Tennis Gazette<\/a>, la m\u00e8re et conseill\u00e8re de Stefanos Tsitsipas, Julia Apostoli, n\u2019a vrai\u00adment pas \u00e9pargn\u00e9 le Croate.\u00a0<\/p>\n<p><strong>\u00ab\u202fL\u2019histoire de Goran Ivanisevic en tant qu\u2019en\u00adtra\u00ee\u00adneur commence et se termine avec un joueur nomm\u00e9 Novak Djokovic. Il s\u2019est compl\u00e8\u00adte\u00adment perdu en lui. Je l\u2019ai vu. Cela m\u2019a choqu\u00e9e. Il trai\u00adtait Djokovic comme une personne ch\u00e8re qui avait besoin d\u2019un soutien total. Ivanisevic \u00e9tait pr\u00eat \u00e0 tout pour Djokovic, pr\u00eat \u00e0 satis\u00adfaire tous ses caprices. Et cela m\u2019a convaincu. Mais cela s\u2019est av\u00e9r\u00e9 \u00eatre une illu\u00adsion. En obser\u00advant cette rela\u00adtion, j\u2019ai na\u00efve\u00adment suppos\u00e9 que cela pour\u00adrait \u00eatre la m\u00eame chose avec le prochain joueur. C\u2019\u00e9tait mon id\u00e9e. Je ne me suis pas content\u00e9e de conseiller Stefanos, j\u2019ai insist\u00e9. J\u2019en assume l\u2019en\u00adti\u00e8re respon\u00adsa\u00adbi\u00adlit\u00e9. Je recon\u00adnais que c\u2019\u00e9tait un mauvais choix.\u202f\u00bb<\/strong><\/p>\n<p class=\"post-published-date\" style=\"color: silver; font-size: 75%; text-align: left;\">Publi\u00e9 le samedi 6 d\u00e9cembre 2025 \u00e0 17:51<\/p>\n","protected":false},"excerpt":{"rendered":"\u00ab\u202fJe n\u2019ai jamais vu un joueur aussi mal pr\u00e9par\u00e9 de ma vie. Avec mon genou, je suis trois&hellip;\n","protected":false},"author":2,"featured_media":269897,"comment_status":"","ping_status":"","sticky":false,"template":"","format":"standard","meta":{"footnotes":""},"categories":[1415],"tags":[105,1011,27,60,1467,5443],"class_list":{"0":"post-582624","1":"post","2":"type-post","3":"status-publish","4":"format-standard","5":"has-post-thumbnail","7":"category-tennis","8":"tag-djokovic","9":"tag-fr","10":"tag-france","11":"tag-sports","12":"tag-tennis","13":"tag-tsitsipas"},"share_on_mastodon":{"url":"https:\/\/pubeurope.com\/@fr\/115673939514519204","error":""},"_links":{"self":[{"href":"https:\/\/www.europesays.com\/fr\/wp-json\/wp\/v2\/posts\/582624","targetHints":{"allow":["GET"]}}],"collection":[{"href":"https:\/\/www.europesays.com\/fr\/wp-json\/wp\/v2\/posts"}],"about":[{"href":"https:\/\/www.europesays.com\/fr\/wp-json\/wp\/v2\/types\/post"}],"author":[{"embeddable":true,"href":"https:\/\/www.europesays.com\/fr\/wp-json\/wp\/v2\/users\/2"}],"replies":[{"embeddable":true,"href":"https:\/\/www.europesays.com\/fr\/wp-json\/wp\/v2\/comments?post=582624"}],"version-history":[{"count":0,"href":"https:\/\/www.europesays.com\/fr\/wp-json\/wp\/v2\/posts\/582624\/revisions"}],"wp:featuredmedia":[{"embeddable":true,"href":"https:\/\/www.europesays.com\/fr\/wp-json\/wp\/v2\/media\/269897"}],"wp:attachment":[{"href":"https:\/\/www.europesays.com\/fr\/wp-json\/wp\/v2\/media?parent=582624"}],"wp:term":[{"taxonomy":"category","embeddable":true,"href":"https:\/\/www.europesays.com\/fr\/wp-json\/wp\/v2\/categories?post=582624"},{"taxonomy":"post_tag","embeddable":true,"href":"https:\/\/www.europesays.com\/fr\/wp-json\/wp\/v2\/tags?post=582624"}],"curies":[{"name":"wp","href":"https:\/\/api.w.org\/{rel}","templated":true}]}}