{"id":582625,"date":"2025-12-06T18:06:14","date_gmt":"2025-12-06T18:06:14","guid":{"rendered":"https:\/\/www.europesays.com\/fr\/582625\/"},"modified":"2025-12-06T18:06:14","modified_gmt":"2025-12-06T18:06:14","slug":"soudal-quick-step-magnier-les-classiques-plutot-que-le-tour-de-france-sports","status":"publish","type":"post","link":"https:\/\/www.europesays.com\/fr\/582625\/","title":{"rendered":"Soudal-Quick Step : Magnier, les classiques plut\u00f4t que le Tour de France : Sports"},"content":{"rendered":"<p class=\"date\">\n                                                            Guillaume Marion, Media365 : publi\u00e9 le samedi 06 d\u00e9cembre 2025 \u00e0 16h00\n                                                    <\/p>\n<p>En marge du V\u00e9lo d&rsquo;Or 2025, Paul Magnier a notamment expliqu\u00e9 qu&rsquo;il ne serait probablement pr\u00e9sent sur le Tour de France l&rsquo;an prochain, lui qui r\u00eave plut\u00f4t de briller lors des classiques.<\/p>\n<p>Alors que certains esp\u00e8rent voir rapidement des Fran\u00e7ais briller lors du Tour de France (et notamment Paul Seixas), il faudra visiblement encore un peu patienter pour voir Paul Magnier s&rsquo;illustrer sur la \u00ab\u00a0Grande Boucle\u00a0\u00bb. En effet, alors qu&rsquo;il a r\u00e9alis\u00e9 une ann\u00e9e 2025 compl\u00e8tement folle (<a href=\"https:\/\/sports.orange.fr\/cyclisme\/article\/tour-du-guangxi-e6-magnier-remporte-sa-cinquieme-etape-double-s-adjuge-l-epreuve-CNT000002lhEFP.html\" target=\"_blank\" rel=\"noopener\">19 victoires, dont la derni\u00e8re lors de la 6e \u00e9tape du Tour de Guangxi<\/a>), le Grenoblois s&rsquo;est montr\u00e9 clair sur le sujet vendredi, <a href=\"https:\/\/sports.orange.fr\/cyclisme\/article\/velo-d-or-2025-pogacar-et-ferrand-prevot-a-l-honneur-exclu-CNT000002m3Yz0.html\" target=\"_blank\" rel=\"noopener\">lors de la c\u00e9r\u00e9monie du V\u00e9lo d&rsquo;Or 2025<\/a>.<\/p>\n<p>\u00ab Je ne pense pas. On verra pendant la saison 2026. Le Tour de France, \u00e7a ne me para\u00eet pas pour tout de suite. Tim Merlier est vraiment focalis\u00e9 dessus pour le moment. De mon c\u00f4t\u00e9, je pr\u00e9f\u00e8re continuer \u00e0 me pr\u00e9parer et viser les autres Grands Tours, comme le Giro, ainsi que les classiques \u00bb, a notamment expliqu\u00e9 Magnier concernant sa pr\u00e9sence ou non sur le Tour de France dans quelques mois.<\/p>\n<p><strong>Magnier : \u00ab \u00c0 moi de trouver ma place \u00bb<\/strong><\/p>\n<p>\u00ab Mon objectif num\u00e9ro un, ce sont les classiques, mais aussi les sprints. Je me suis d\u00e9couvert une vraie sp\u00e9cialit\u00e9 dans le sprint, et j&rsquo;aimerais progresser sur les classiques. Cette ann\u00e9e, on aura une \u00e9quipe beaucoup plus forte, avec des coureurs comme (Jasper) Stuyven ou (Dylan) van Baarle. \u00c7a va nous permettre d&rsquo;arriver avec un collectif solide, et \u00e0 moi de trouver ma place \u00bb, a par la suite d\u00e9clar\u00e9 le grand espoir fran\u00e7ais, qui esp\u00e8re profiter du d\u00e9part de Remco Evenepoel pour \u00eatre l&rsquo;une des options principales chez Soudal-Quick Step.<\/p>\n<p>\u00ab Si j&rsquo;ai la pression d&rsquo;\u00eatre plus attendu en 2026 ? Non, la pression, je me la mets moi-m\u00eame. J&rsquo;ai envie de progresser et de m&rsquo;amuser sur les classiques. Et pour s&rsquo;amuser, il faut \u00eatre devant. C&rsquo;est ce que je vais pr\u00e9parer pour la saison prochaine \u00bb, a r\u00e9pliqu\u00e9 Magnier, dans des propos recueillis par Cyclism&rsquo;Actu. Le Fran\u00e7ais sera l&rsquo;un des noms \u00e0 suivre en d\u00e9but de saison lors des classiques flandriennes et ardennaises notamment.<\/p>\n","protected":false},"excerpt":{"rendered":"Guillaume Marion, Media365 : publi\u00e9 le samedi 06 d\u00e9cembre 2025 \u00e0 16h00 En marge du V\u00e9lo d&rsquo;Or 2025,&hellip;\n","protected":false},"author":2,"featured_media":582626,"comment_status":"","ping_status":"","sticky":false,"template":"","format":"standard","meta":{"footnotes":""},"categories":[1411],"tags":[1154,207,1011,27,60],"class_list":{"0":"post-582625","1":"post","2":"type-post","3":"status-publish","4":"format-standard","5":"has-post-thumbnail","7":"category-cyclisme","8":"tag-cycling","9":"tag-cyclisme","10":"tag-fr","11":"tag-france","12":"tag-sports"},"share_on_mastodon":{"url":"https:\/\/pubeurope.com\/@fr\/115673955328874040","error":""},"_links":{"self":[{"href":"https:\/\/www.europesays.com\/fr\/wp-json\/wp\/v2\/posts\/582625","targetHints":{"allow":["GET"]}}],"collection":[{"href":"https:\/\/www.europesays.com\/fr\/wp-json\/wp\/v2\/posts"}],"about":[{"href":"https:\/\/www.europesays.com\/fr\/wp-json\/wp\/v2\/types\/post"}],"author":[{"embeddable":true,"href":"https:\/\/www.europesays.com\/fr\/wp-json\/wp\/v2\/users\/2"}],"replies":[{"embeddable":true,"href":"https:\/\/www.europesays.com\/fr\/wp-json\/wp\/v2\/comments?post=582625"}],"version-history":[{"count":0,"href":"https:\/\/www.europesays.com\/fr\/wp-json\/wp\/v2\/posts\/582625\/revisions"}],"wp:featuredmedia":[{"embeddable":true,"href":"https:\/\/www.europesays.com\/fr\/wp-json\/wp\/v2\/media\/582626"}],"wp:attachment":[{"href":"https:\/\/www.europesays.com\/fr\/wp-json\/wp\/v2\/media?parent=582625"}],"wp:term":[{"taxonomy":"category","embeddable":true,"href":"https:\/\/www.europesays.com\/fr\/wp-json\/wp\/v2\/categories?post=582625"},{"taxonomy":"post_tag","embeddable":true,"href":"https:\/\/www.europesays.com\/fr\/wp-json\/wp\/v2\/tags?post=582625"}],"curies":[{"name":"wp","href":"https:\/\/api.w.org\/{rel}","templated":true}]}}