{"id":582629,"date":"2025-12-06T18:08:19","date_gmt":"2025-12-06T18:08:19","guid":{"rendered":"https:\/\/www.europesays.com\/fr\/582629\/"},"modified":"2025-12-06T18:08:19","modified_gmt":"2025-12-06T18:08:19","slug":"kelly-vedovelli-nouvelle-chroniqueuse-dans-tbt9-elle-fait-le-point-je-suis-trop-contente","status":"publish","type":"post","link":"https:\/\/www.europesays.com\/fr\/582629\/","title":{"rendered":"Kelly Vedovelli, nouvelle chroniqueuse dans TBT9 ? Elle fait le point, \u00ab\u00a0Je suis trop contente\u00a0\u00bb"},"content":{"rendered":"<p>                <img loading=\"lazy\" decoding=\"async\" src=\"https:\/\/www.europesays.com\/fr\/wp-content\/uploads\/2025\/04\/1330eb2d145a3dbe-35x35-1.png\" class=\"author-article-picture\" width=\"35\" height=\"35\"\/><\/p>\n<p>                    Par<\/p>\n<p>                                            Marguerite Lania<\/p>\n<p>                    |<\/p>\n<p>                                            Journaliste<\/p>\n<p>\n                Journaliste t\u00e9l\u00e9 sur Purebreak, Marguerite Lania d\u00e9cortique les \u00e9missions, les candidats et les moments cultes du petit \u00e9cran. De DALS \u00e0 Koh-Lanta, rien ne lui \u00e9chappe. Elle zappe entre Quotidien et Tout beau, tout neuf, mais savoure \u00e9galement les jeux. Un jour, vous la verrez dans Les 12 coups de midi ou dans la Star Academy.\n            <\/p>\n<p>\n    Allons-nous enfin retrouver Kelly Vedovelli dans TBT9 avec un r\u00f4le de chroniqueuse ? L&rsquo;ancienne partenaire de Cyril Hanouna sur TPMP a d\u00e9voil\u00e9 son projet pour les prochains mois.\n<\/p>\n<p>                            <img loading=\"lazy\" decoding=\"async\" class=\"player-thumbnail\" src=\"https:\/\/www.europesays.com\/fr\/wp-content\/uploads\/2025\/12\/066632c4165143fe-580x326-1.jpg\" width=\"580\" height=\"326\"\/><\/p>\n<p>                            Interview de Kelly Vedovelli pour Purebreak \u00a9 Vid\u00e9o : Purebreak \/ Image : Capture d&rsquo;\u00e9cran YouTube Kelly Vedovelli<\/p>\n<p>La suite apr\u00e8s la publicit\u00e9<\/p>\n<p>Absente de TBT9 depuis le lancement de l&rsquo;\u00e9mission sur W9, <strong>Kelly Vedovelli<\/strong> va-t-elle effectuer son retour au c\u00f4t\u00e9 de Cyril Hanouna ? Il y a quelques semaines, la presse people laissait effectivement entendre que la chroniqueuse, qui avait pourtant confess\u00e9 son besoin de changer d&rsquo;air, \u00e9tait finalement pr\u00eate \u00e0 reprendre son r\u00f4le qu&rsquo;elle tenait d\u00e9j\u00e0 dans TPMP.<\/p>\n<p>Kelly Vedovelli dans TBT9 ? Elle d\u00e9voile son projet<\/p>\n<p>Alors, info ou intox ? A priori, ce serait la seconde option qui serait la bonne. Durant son passage sur la cha\u00eene YouTube de Vincent Ramonet, la DJ a confirm\u00e9 que sa priorit\u00e9 aujourd&rsquo;hui se trouvait \u00e9galement&#8230; sur la plateforme de vid\u00e9os. \u00ab\u00a0<strong>J&rsquo;arrive sur YouTube, je suis trop contente<\/strong>\u00ab\u00a0, s&rsquo;est-elle exclam\u00e9e, alors qu&rsquo;elle a r\u00e9cemment ouvert sa propre cha\u00eene.<\/p>\n<p>Pour l&rsquo;heure, Kelly Vedovelli a encore du mal \u00e0 savoir dans quelle direction aller avec ce nouveau projet, \u00ab\u00a0Je suis en train de tester plein de concepts\u00a0\u00bb, mais ce chapitre in\u00e9dit de sa carri\u00e8re l&rsquo;enthousiasme pleinement.<\/p>\n<blockquote>\n<p>Je suis en train de me dire, qu&rsquo;est-ce que moi \u00e7a va m&rsquo;apporter et surtout qu&rsquo;est-ce que moi je vais pouvoir apporter aux gens ?, a-t-elle expliqu\u00e9. Je fais de l&rsquo;ext\u00e9rieur, je fais de l&rsquo;int\u00e9rieur. L\u00e0 j&rsquo;ai interview\u00e9 une jolie demoiselle qui s&rsquo;appelle Nina, qui \u00e9tait un homme anciennement et c&rsquo;\u00e9tait super int\u00e9ressant de partager son histoire.<\/p>\n<\/blockquote>\n<p>Kelly Vedovelli en couple, elle officialise enfin : \u00ab\u00a0une relation assum\u00e9e, saine\u00a0\u00bb<\/p>\n<p>Bref, vous l&rsquo;aurez compris, aucun retour en tant que chroniqueuse n&rsquo;est encore \u00e0 l&rsquo;ordre du jour. Tant pis pour Cyril Hanouna, tant mieux pour les fans de Kelly Vedovelli qui souhaitaient la d\u00e9couvrir autrement.<\/p>\n<p>        <img decoding=\"async\" class=\"thumb-img-100 thumb-img\" src=\"https:\/\/www.europesays.com\/fr\/wp-content\/uploads\/2025\/12\/0f988bac6d67c83a-320x180-1.jpg\" alt=\"Cyril Hanouna tyrannique avec ses \u00e9quipes ? Kelly Vedovelli r\u00e9agit, &quot;Il peut \u00eatre virulent, mais...&quot;\" width=\"320\" height=\"180\" loading=\"lazy\" role=\"presentation\"\/><\/p>\n<p>                                            Cyril Hanouna tyrannique avec ses \u00e9quipes ? Kelly Vedovelli r\u00e9agit, \u00ab\u00a0Il peut \u00eatre virulent, mais&#8230;\u00a0\u00bb<\/p>\n<p>        <img decoding=\"async\" class=\"thumb-img-100 thumb-img\" src=\"https:\/\/www.europesays.com\/fr\/wp-content\/uploads\/2025\/12\/f007d397f1edc7d2-320x180-1.jpg\" alt=\"Kelly Vedovelli finalement de retour dans TBT9 aupr\u00e8s de Cyril Hanouna ? &quot;Son retour va forc\u00e9ment d\u00e9plaire&quot;\" width=\"320\" height=\"180\" loading=\"lazy\" role=\"presentation\"\/><\/p>\n<p>                                            Kelly Vedovelli finalement de retour dans TBT9 aupr\u00e8s de Cyril Hanouna ? \u00ab\u00a0Son retour va forc\u00e9ment d\u00e9plaire\u00a0\u00bb<\/p>\n<p>        <img decoding=\"async\" class=\"thumb-img-100 thumb-img\" src=\"https:\/\/www.europesays.com\/fr\/wp-content\/uploads\/2025\/12\/659409375982336b-320x180-1.jpg\" alt=\"&quot;Tu es de plus en plus canon&quot;, Kelly Vedovelli charme ses fans avec ses nouvelles photos de vacances \u00e0 la plage\" width=\"320\" height=\"180\" loading=\"lazy\" role=\"presentation\"\/><\/p>\n<p>                                            \u00ab\u00a0Tu es de plus en plus canon\u00a0\u00bb, Kelly Vedovelli charme ses fans avec ses nouvelles photos de vacances \u00e0 la plage<\/p>\n","protected":false},"excerpt":{"rendered":"Par Marguerite Lania | Journaliste Journaliste t\u00e9l\u00e9 sur Purebreak, Marguerite Lania d\u00e9cortique les \u00e9missions, les candidats et les&hellip;\n","protected":false},"author":2,"featured_media":582630,"comment_status":"","ping_status":"","sticky":false,"template":"","format":"standard","meta":{"footnotes":""},"categories":[1359],"tags":[58,59,1011,27,973],"class_list":{"0":"post-582629","1":"post","2":"type-post","3":"status-publish","4":"format-standard","5":"has-post-thumbnail","7":"category-people","8":"tag-divertissement","9":"tag-entertainment","10":"tag-fr","11":"tag-france","12":"tag-people"},"share_on_mastodon":{"url":"https:\/\/pubeurope.com\/@fr\/115673964599868987","error":""},"_links":{"self":[{"href":"https:\/\/www.europesays.com\/fr\/wp-json\/wp\/v2\/posts\/582629","targetHints":{"allow":["GET"]}}],"collection":[{"href":"https:\/\/www.europesays.com\/fr\/wp-json\/wp\/v2\/posts"}],"about":[{"href":"https:\/\/www.europesays.com\/fr\/wp-json\/wp\/v2\/types\/post"}],"author":[{"embeddable":true,"href":"https:\/\/www.europesays.com\/fr\/wp-json\/wp\/v2\/users\/2"}],"replies":[{"embeddable":true,"href":"https:\/\/www.europesays.com\/fr\/wp-json\/wp\/v2\/comments?post=582629"}],"version-history":[{"count":0,"href":"https:\/\/www.europesays.com\/fr\/wp-json\/wp\/v2\/posts\/582629\/revisions"}],"wp:featuredmedia":[{"embeddable":true,"href":"https:\/\/www.europesays.com\/fr\/wp-json\/wp\/v2\/media\/582630"}],"wp:attachment":[{"href":"https:\/\/www.europesays.com\/fr\/wp-json\/wp\/v2\/media?parent=582629"}],"wp:term":[{"taxonomy":"category","embeddable":true,"href":"https:\/\/www.europesays.com\/fr\/wp-json\/wp\/v2\/categories?post=582629"},{"taxonomy":"post_tag","embeddable":true,"href":"https:\/\/www.europesays.com\/fr\/wp-json\/wp\/v2\/tags?post=582629"}],"curies":[{"name":"wp","href":"https:\/\/api.w.org\/{rel}","templated":true}]}}