{"id":582635,"date":"2025-12-06T18:12:15","date_gmt":"2025-12-06T18:12:15","guid":{"rendered":"https:\/\/www.europesays.com\/fr\/582635\/"},"modified":"2025-12-06T18:12:15","modified_gmt":"2025-12-06T18:12:15","slug":"chantal-goya-doit-un-de-ses-tubes-a-ses-propres-enfants-ils-en-avaient-marre","status":"publish","type":"post","link":"https:\/\/www.europesays.com\/fr\/582635\/","title":{"rendered":"Chantal Goya doit un de ses tubes \u00e0 ses propres enfants\u00a0: \u00ab\u00a0Ils en avaient marre\u00a0\u00bb"},"content":{"rendered":"<p>\n                            La chanteuse Chantal Goya a d\u00e9voil\u00e9 l&rsquo;histoire m\u00e9connue derri\u00e8re l&rsquo;une de ses plus grandes chansons. Un titre devenu culte et qu&rsquo;elle doit en partie \u00e0 ses enfants&#8230;<\/p>\n<p>\u00c0 83\u00a0ans, <a href=\"https:\/\/www.journaldesfemmes.fr\/people\/personnalites\/2801875-chantal-goya-mari-spectacle-enfants-chirurgie\/\" title=\"Chantal Goya\" target=\"_blank\" rel=\"noopener\">Chantal Goya<\/a> a encore mille histoires \u00e0 raconter. Dans une interview flash accord\u00e9e \u00e0 France 3\u00a0Hauts-de-France, elle a lev\u00e9 le voile sur la naissance de l&rsquo;un de ses tubes les plus mythiques, Un lapin. Une chanson engag\u00e9e qui a marqu\u00e9 plusieurs g\u00e9n\u00e9rations de Fran\u00e7ais.\u00a0<\/p>\n<p>Chantal Goya r\u00e9v\u00e8le le secret derri\u00e8re sa chanson culte : \u00ab\u00a0Gr\u00e2ce \u00e0 mes enfants qui&#8230;\u00a0\u00bb<\/p>\n<p>La chanteuse Chantal Goya a horreur de la chasse et que cette chanson permettait de d\u00e9noncer cette pratique : \u00ab\u00a0Ca\u00a0casse la chasse\u00a0\u00bb a-t-elle affirm\u00e9 aupr\u00e8s de nos conf\u00e8res de France 3. L&rsquo;octog\u00e9naire a ensuite expliqu\u00e9 que son embl\u00e9matique chanson Un lapin \u00e9tait, \u00e0 sa fa\u00e7on, un plaidoyer contre la chasse. \u00ab\u00a0J&rsquo;ai quand m\u00eame eu la premi\u00e8re chanson \u00e9cologique qui existait en France\u00a0\u00bb, a-t-elle soulign\u00e9, avant d&rsquo;entonner quelques mots de ce tube devenu culte.<\/p>\n<p><img decoding=\"async\" alt=\"\" src=\"https:\/\/www.europesays.com\/fr\/wp-content\/uploads\/2025\/12\/40056700.jpg\"\/><br \/>\n\u00a9\u00a0LAURENT BENHAMOU\/SIPA<\/p>\n<p>Derri\u00e8re cette chanson, qui s&rsquo;est vendue \u00e0 plus de 400 000 exemplaires \u00e0 sa sortie, se cache une histoire de famille. Chantal Goya a r\u00e9v\u00e9l\u00e9 que ses deux enfants, Paul et Clarisse, n\u00e9s de son amour avec Jean-Jacques Debout, avaient permis la cr\u00e9ation de ce morceau. \u00ab\u00a0Gr\u00e2ce \u00e0 mes enfants qui en avaient assez des chasseurs autour de la maison \u00e0 la campagne et qui leur ont dit\u00a0: &lsquo;Si des lapins avaient des mousquetons, ils vous tireraient dessus, et mon p\u00e8re va faire une chanson'\u00a0\u00bb,\u00a0a racont\u00e9 l&rsquo;artiste des petits et grands.\u00a0<\/p>\n<p>Chantal Goya, cette autre pratique qu&rsquo;elle d\u00e9teste : \u00ab\u00a0Je me m\u00e9fie beaucoup d&rsquo;eux&#8230;\u00a0\u00bb<\/p>\n<p>La radieuse artiste, qui partage sa vie avec le parolier Jean-Jacques Debout depuis plus de 60\u00a0ans, n&rsquo;a pas seulement en horreur la chasse. Chantal Goya a \u00e9galement reconnu qu&rsquo;elle n&rsquo;appr\u00e9ciait pas particuli\u00e8rement, dans une moindre mesure, \u00eatre prise en photo. \u00ab\u00a0Moi je n&rsquo;aime pas trop \u00eatre photographi\u00e9e\u00a0\u00bb, a r\u00e9v\u00e9l\u00e9 celle qui adore toujours autant sillonner les routes de France et de Belgique pour chanter ses succ\u00e8s.\u00a0<\/p>\n<p>L&rsquo;interpr\u00e8te de Pandi Panda a \u00e9galement confi\u00e9 qu&rsquo;elle pr\u00e9f\u00e9rait d\u00e9sormais garder du recul face aux photographes, une mani\u00e8re pour elle de se prot\u00e9ger. \u00ab\u00a0Et en m\u00eame temps, je me m\u00e9fie beaucoup d&rsquo;eux aujourd&rsquo;hui\u00a0\u00bb, a-t-elle reconnu. Peut-\u00eatre une prudence n\u00e9e des nombreuses paparazzades v\u00e9cues au fil des moments forts de sa carri\u00e8re ?<\/p>\n","protected":false},"excerpt":{"rendered":"La chanteuse Chantal Goya a d\u00e9voil\u00e9 l&rsquo;histoire m\u00e9connue derri\u00e8re l&rsquo;une de ses plus grandes chansons. Un titre devenu&hellip;\n","protected":false},"author":2,"featured_media":582636,"comment_status":"","ping_status":"","sticky":false,"template":"","format":"standard","meta":{"footnotes":""},"categories":[1355],"tags":[3723,14397,69627,51761,58,59,51763,1011,27,51766,1361,873,51767],"class_list":{"0":"post-582635","1":"post","2":"type-post","3":"status-publish","4":"format-standard","5":"has-post-thumbnail","7":"category-musique","8":"tag-actus","9":"tag-chantal-goya","10":"tag-cms-journaldesfemmes-3248980","11":"tag-controller-content","12":"tag-divertissement","13":"tag-entertainment","14":"tag-format-papier","15":"tag-fr","16":"tag-france","17":"tag-les-histoires-du-jdf","18":"tag-music","19":"tag-musique","20":"tag-parallaxeinfeed"},"share_on_mastodon":{"url":"https:\/\/pubeurope.com\/@fr\/115673979676226906","error":""},"_links":{"self":[{"href":"https:\/\/www.europesays.com\/fr\/wp-json\/wp\/v2\/posts\/582635","targetHints":{"allow":["GET"]}}],"collection":[{"href":"https:\/\/www.europesays.com\/fr\/wp-json\/wp\/v2\/posts"}],"about":[{"href":"https:\/\/www.europesays.com\/fr\/wp-json\/wp\/v2\/types\/post"}],"author":[{"embeddable":true,"href":"https:\/\/www.europesays.com\/fr\/wp-json\/wp\/v2\/users\/2"}],"replies":[{"embeddable":true,"href":"https:\/\/www.europesays.com\/fr\/wp-json\/wp\/v2\/comments?post=582635"}],"version-history":[{"count":0,"href":"https:\/\/www.europesays.com\/fr\/wp-json\/wp\/v2\/posts\/582635\/revisions"}],"wp:featuredmedia":[{"embeddable":true,"href":"https:\/\/www.europesays.com\/fr\/wp-json\/wp\/v2\/media\/582636"}],"wp:attachment":[{"href":"https:\/\/www.europesays.com\/fr\/wp-json\/wp\/v2\/media?parent=582635"}],"wp:term":[{"taxonomy":"category","embeddable":true,"href":"https:\/\/www.europesays.com\/fr\/wp-json\/wp\/v2\/categories?post=582635"},{"taxonomy":"post_tag","embeddable":true,"href":"https:\/\/www.europesays.com\/fr\/wp-json\/wp\/v2\/tags?post=582635"}],"curies":[{"name":"wp","href":"https:\/\/api.w.org\/{rel}","templated":true}]}}