{"id":582637,"date":"2025-12-06T18:13:12","date_gmt":"2025-12-06T18:13:12","guid":{"rendered":"https:\/\/www.europesays.com\/fr\/582637\/"},"modified":"2025-12-06T18:13:12","modified_gmt":"2025-12-06T18:13:12","slug":"on-a-vecu-la-violence-policiere-le-public-reagit-face-au-film-dossier-137-du-realisateur-dominik-moll","status":"publish","type":"post","link":"https:\/\/www.europesays.com\/fr\/582637\/","title":{"rendered":"\u00ab\u00a0On a v\u00e9cu la violence polici\u00e8re\u00a0\u00bb\u00a0: le public r\u00e9agit face au film \u00ab\u00a0Dossier 137\u00a0\u00bb du r\u00e9alisateur Dominik Moll"},"content":{"rendered":"<p>\n                                                                    l&rsquo;essentiel<br \/>\n                                                                Le r\u00e9alisateur Dominik Moll est venu \u00e0 l\u2019Estive d\u00e9voiler son nouveau film, \u201cDossier 137\u201d, aux c\u00f4t\u00e9s du public fux\u00e9en, revenant sur sa pr\u00e9paration, ses sources d\u2019inspiration et son travail men\u00e9 avec Gilles Marchand.\n                            <\/p>\n<p>Pour pr\u00e9senter son nouveau film \u00ab\u00a0\u2005Dossier 137\u2005\u00a0\u00bb avec L\u00e9a Drucker, Dominik Moll, sc\u00e9nariste-r\u00e9alisateur, est venu rencontrer le public \u00e0 l\u2019Estive. Ce film, co-cr\u00e9\u00e9 avec Gilles Marchand, a d\u00e9j\u00e0 re\u00e7u de tr\u00e8s bonnes critiques au dernier Festival de Cannes o\u00f9 il a \u00e9t\u00e9 pr\u00e9sent\u00e9. Ce r\u00e9alisateur est d\u00e9j\u00e0 bien connu pour ses pr\u00e9c\u00e9dents films, \u00ab\u00a0\u2005Harry, un ami qui vous veut du bien\u00a0\u00bb et \u00ab\u00a0\u2005La nuit du 12\u2005\u00a0\u00bb, \u00e9galement co-cr\u00e9\u00e9s avec Gilles Marchand, et pour lesquels il a re\u00e7u de prestigieux C\u00e9sars.<\/p>\n<p>\u00ab\u00a0C\u2019est un honneur, exprime Olivier Bertrand, directeur du cin\u00e9ma de l\u2019Estive, de recevoir une personnalit\u00e9 importante du cin\u00e9ma national et international et de pouvoir en faire profiter les habitants de Foix et d\u2019Ari\u00e8ge.\u00a0\u00bb\u00a0Ce film s\u2019inspire du mouvement des Gilets jaunes d\u2019apr\u00e8s des faits r\u00e9els, et c\u2019est L\u00e9a Drucker qui m\u00e8ne l\u2019enqu\u00eate sur des policiers, suite \u00e0 une plainte.<\/p>\n<p>Pour la pr\u00e9paration du film, Dominik Moll a pass\u00e9 quatre mois de recherches, une semaine d\u2019immersion \u00e0 l\u2019IGPN \u00e0 observer le travail, \u00e0 enqu\u00eater, \u00e0 assister \u00e0 des auditions et \u00e0 \u00e9changer avec l\u2019\u00e9quipe. \u00ab\u00a0Le sujet est complexe et c\u2019est une tentative de comprendre ce qui m\u00e8ne \u00e0 la violence polici\u00e8re en explorant plusieurs points de vue\u2005\u00a0\u00bb, dit-il.<\/p>\n<p>\u00ab\u00a0C\u2019est pour comprendre pourquoi la police est si violente\u00a0\u00bb<\/p>\n<p>Le public \u00e9tait venu nombreux \u00e0 cette soir\u00e9e, et pour certains d\u2019entre eux, comme Franck, qui ont assist\u00e9 \u00e0 l\u2019\u00e9pisode des Gilets jaunes\u00a0: \u00ab\u00a0On a v\u00e9cu la violence polici\u00e8re, on est militants confront\u00e9s aux mensonges des forces de l\u2019ordre et on va voir comment cela est trait\u00e9 dans le film.\u2005\u00a0\u00bb Pour Jos\u00e9, c\u2019est un sujet d\u2019actualit\u00e9\u00a0: \u00ab\u00a0C\u2019est pour comprendre pourquoi la police est si violente envers le peuple\u00a0\u00bb.<\/p>\n<p>\u00c9galement, les jeunes journalistes en herbe, \u00e9l\u00e8ves du lyc\u00e9e Gabriel-Faur\u00e9, \u00e9taient venus dans le cadre de la section cin\u00e9ma audiovisuel et des Jeunes journalistes ari\u00e9geois. Un entretien avec le r\u00e9alisateur a \u00e9t\u00e9, pour eux, l\u2019occasion unique de s\u2019immerger dans ce domaine.<\/p>\n<p>Cette rencontre a \u00e9galement \u00e9t\u00e9 l\u2019occasion pour Dominik Moll de raconter son parcours cin\u00e9matographique et de pr\u00e9senter le livre sur ses entretiens avec Aude Lemeunier, \u00ab\u00a0Secrets derri\u00e8re la porte\u00a0\u00bb, publi\u00e9 aux \u00e9ditions Profond, collection Raccords.<br \/>On peut assister \u00e0 la projection du film et \u00e0 une rencontre avec Gilles Marchand jusqu\u2019au 12\u00a0d\u00e9cembre. Les dates se r\u00e9partissent entre Maz\u00e8res, le Mas-d\u2019Azil, Serres-sur-Arget, Seix et l\u2019Estive.<\/p>\n<blockquote class=\"wp-embedded-content\" data-secret=\"MMrNc9Qej1\"><p><a href=\"https:\/\/www.lestive.com\/la-programmation-cinema\/\" target=\"_blank\" rel=\"noopener\">La programmation cin\u00e9ma<\/a><\/p><\/blockquote>\n<p><iframe loading=\"lazy\" class=\"wp-embedded-content\" sandbox=\"allow-scripts\" security=\"restricted\" style=\"position: absolute; visibility: hidden;\" title=\"\u00ab\u00a0La programmation cin\u00e9ma\u00a0\u00bb &#8212; L&#039;Estive\" src=\"https:\/\/www.lestive.com\/la-programmation-cinema\/embed\/#?secret=GRdPO3ja2U#?secret=MMrNc9Qej1\" data-secret=\"MMrNc9Qej1\" width=\"600\" height=\"338\" frameborder=\"0\" marginwidth=\"0\" marginheight=\"0\" scrolling=\"no\"><\/iframe><\/p>\n","protected":false},"excerpt":{"rendered":"l&rsquo;essentiel Le r\u00e9alisateur Dominik Moll est venu \u00e0 l\u2019Estive d\u00e9voiler son nouveau film, \u201cDossier 137\u201d, aux c\u00f4t\u00e9s du&hellip;\n","protected":false},"author":2,"featured_media":582638,"comment_status":"","ping_status":"","sticky":false,"template":"","format":"standard","meta":{"footnotes":""},"categories":[1354],"tags":[2720,7196,872,58,59,1346,69628,1011,27,1360],"class_list":{"0":"post-582637","1":"post","2":"type-post","3":"status-publish","4":"format-standard","5":"has-post-thumbnail","7":"category-films","8":"tag-ariege","9":"tag-cinu00e9ma","10":"tag-culture-et-loisirs","11":"tag-divertissement","12":"tag-entertainment","13":"tag-films","14":"tag-foix","15":"tag-fr","16":"tag-france","17":"tag-movies"},"share_on_mastodon":{"url":"https:\/\/pubeurope.com\/@fr\/115673982944067641","error":""},"_links":{"self":[{"href":"https:\/\/www.europesays.com\/fr\/wp-json\/wp\/v2\/posts\/582637","targetHints":{"allow":["GET"]}}],"collection":[{"href":"https:\/\/www.europesays.com\/fr\/wp-json\/wp\/v2\/posts"}],"about":[{"href":"https:\/\/www.europesays.com\/fr\/wp-json\/wp\/v2\/types\/post"}],"author":[{"embeddable":true,"href":"https:\/\/www.europesays.com\/fr\/wp-json\/wp\/v2\/users\/2"}],"replies":[{"embeddable":true,"href":"https:\/\/www.europesays.com\/fr\/wp-json\/wp\/v2\/comments?post=582637"}],"version-history":[{"count":0,"href":"https:\/\/www.europesays.com\/fr\/wp-json\/wp\/v2\/posts\/582637\/revisions"}],"wp:featuredmedia":[{"embeddable":true,"href":"https:\/\/www.europesays.com\/fr\/wp-json\/wp\/v2\/media\/582638"}],"wp:attachment":[{"href":"https:\/\/www.europesays.com\/fr\/wp-json\/wp\/v2\/media?parent=582637"}],"wp:term":[{"taxonomy":"category","embeddable":true,"href":"https:\/\/www.europesays.com\/fr\/wp-json\/wp\/v2\/categories?post=582637"},{"taxonomy":"post_tag","embeddable":true,"href":"https:\/\/www.europesays.com\/fr\/wp-json\/wp\/v2\/tags?post=582637"}],"curies":[{"name":"wp","href":"https:\/\/api.w.org\/{rel}","templated":true}]}}