{"id":582646,"date":"2025-12-06T18:17:12","date_gmt":"2025-12-06T18:17:12","guid":{"rendered":"https:\/\/www.europesays.com\/fr\/582646\/"},"modified":"2025-12-06T18:17:12","modified_gmt":"2025-12-06T18:17:12","slug":"jimmy-mohamed-devoile-lastuce-anti-age-qui-marche-vraiment","status":"publish","type":"post","link":"https:\/\/www.europesays.com\/fr\/582646\/","title":{"rendered":"Jimmy Mohamed d\u00e9voile l&rsquo;astuce anti-\u00e2ge qui marche vraiment"},"content":{"rendered":"<p itemprop=\"description\">Jimmy Mohamed a accept\u00e9 de d\u00e9voiler<br \/>\nl&rsquo;astuce anti-\u00e2ge qui marche vraiment selon lui. Et vous allez \u00eatre<br \/>\nsurpris.<\/p>\n<p>En mati\u00e8re de soins anti-\u00e2ge, on entend tout et son contraire.<br \/>\nEntre les gadgets qui <strong>promettent des miracles<\/strong> et<br \/>\nles tendances beaut\u00e9 qui disparaissent aussi vite qu\u2019elles sont<br \/>\napparues, difficile de savoir o\u00f9 donner de la t\u00eate. Et pourtant, un<br \/>\nm\u00e9decin tr\u00e8s m\u00e9diatis\u00e9 vient de remettre les pendules \u00e0 l\u2019heure.<br \/>\nInvit\u00e9 dans RTL Matin, Jimmy Mohamed a surpris tout le monde en<br \/>\nprenant la d\u00e9fense d\u2019un appareil souvent consid\u00e9r\u00e9 comme un simple<br \/>\nproduit marketing : <strong>le masque LED.<\/strong><\/p>\n<p>D\u00e8s les premi\u00e8res minutes, son message est clair. Non, ce<br \/>\ndispositif n\u2019est pas une supercherie. Non, il ne s\u2019agit pas d\u2019une<br \/>\ninvention sortie de nulle part pour surfer sur une mode Instagram.<br \/>\nAu contraire, explique-t-il, cette technologie est directement<br \/>\nissue du <a href=\"https:\/\/www.bibamagazine.fr\/beaute\/actu-beaute\/voici-la-meilleure-creme-anti-rides-selon-un-celebre-comparateur-494847.html\" target=\"_blank\" rel=\"noopener\"><br \/>\nmonde m\u00e9dical,<\/a> o\u00f9 elle est utilis\u00e9e depuis des ann\u00e9es. Et cela<br \/>\nchange absolument tout. Ce qui se cache derri\u00e8re ces masques<br \/>\nfuturistes a un nom un peu technique : <strong>la<br \/>\nphotobiomodulation.<\/strong><\/p>\n<p>Jimmy Mohamed d\u00e9voile ce qui marche vraiment en mati\u00e8re<br \/>\nd\u00a0\u00bbanti-\u00e2ge<\/p>\n<p>Loin d\u2019\u00eatre un effet de mode, c\u2019est une m\u00e9thode d\u00e9j\u00e0 employ\u00e9e<br \/>\ndans des situations tr\u00e8s s\u00e9rieuses. Jimmy Mohamed rappelle que les<br \/>\nsportifs de haut niveau y ont recours pour calmer l\u2019inflammation<br \/>\ndes tendons. En oncologie, elle est utilis\u00e9e pour apaiser les<br \/>\nmucites provoqu\u00e9es par certains traitements. Elle aide aussi la<br \/>\npeau \u00e0 cicatriser plus rapidement. Bref : la base scientifique est<br \/>\nsolide, et les applications m\u00e9dicales nombreuses.<\/p>\n<p>Lorsque cette technologie est appliqu\u00e9e au visage, son r\u00f4le est<br \/>\ntout aussi pr\u00e9cis. Pendant quelques minutes, une lumi\u00e8re calibr\u00e9e<br \/>\nfrappe l\u2019\u00e9piderme et d\u00e9clenche une cascade de <a href=\"https:\/\/www.bibamagazine.fr\/beaute\/soins-visage-corps\/la-meilleure-creme-anti-age-de-tous-les-temps-dr-jimmy-mohamed-devoile-lastuce-qui-degomme-les-rides-efficacement-494360.html\" target=\"_blank\" rel=\"noopener\"><br \/>\nr\u00e9actions b\u00e9n\u00e9fiques<\/a>. D\u2019un c\u00f4t\u00e9, la production de collag\u00e8ne est<br \/>\nstimul\u00e9e, ce qui am\u00e9liore la fermet\u00e9 et l\u2019\u00e9lasticit\u00e9 de la peau. De<br \/>\nl\u2019autre, l\u2019inflammation locale diminue, contribuant \u00e0 un teint plus<br \/>\nuniforme et \u00e0 une r\u00e9duction visible des rides fines.<\/p>\n<p>Attention \u00e0 la qualit\u00e9 de<br \/>\nl&rsquo;accessoire<\/p>\n<p>Pas de promesse excessive, pas d\u2019effet <a href=\"https:\/\/www.bibamagazine.fr\/beaute\/soins-visage-corps\/elu-meilleur-produit-pharma-2026-cette-creme-anti-age-au-collagene-vendue-toutes-les-minutes-cumule-4-prix-beaute-493567.html\" target=\"_blank\" rel=\"noopener\"><br \/>\n\u201clifting express\u201d,<\/a> mais un r\u00e9sultat progressif et naturel. Le<br \/>\nm\u00e9decin met toutefois en garde contre l\u2019erreur la plus fr\u00e9quente :<br \/>\ncroire que tous les appareils se valent. Il insiste sur la qualit\u00e9,<br \/>\net surtout la puissance. Les mod\u00e8les \u00e0 bas prix, vendus quelques<br \/>\ndizaines d\u2019euros, ne poss\u00e8dent ni le nombre de LED ni l\u2019intensit\u00e9<br \/>\nlumineuse n\u00e9cessaire pour provoquer le moindre effet sur la<br \/>\npeau.<\/p>\n<p>Ce manque d\u2019efficacit\u00e9 nourrit d\u2019ailleurs les fausses croyances.<br \/>\n\u00c0 l\u2019inverse, un masque haut de gamme, <strong>autour de 600<br \/>\n\u20ac,<\/strong> offre une vraie photobiomodulation comparable \u00e0 ce que<br \/>\nl\u2019on retrouve en cabinet : <strong>\u201c\u00c0 ce prix-l\u00e0, c\u2019est<br \/>\nr\u00e9ellement efficace\u201d<\/strong>, affirme-t-il. Au fond, ces<br \/>\nmasques LED repr\u00e9sentent une petite r\u00e9volution : celle de pouvoir<br \/>\ntransposer un geste m\u00e9dical chez soi, sans rendez-vous, sans<br \/>\ndouleur et sans injection. Une technologie cr\u00e9dible, scientifique,<br \/>\nvalid\u00e9e par des professionnels, et qui pourrait bien devenir le<br \/>\ncadeau beaut\u00e9 incontournable de No\u00ebl. Et cette fois, ce n\u2019est pas<br \/>\nune tendance passag\u00e8re : c\u2019est un vrai soin.<\/p>\n","protected":false},"excerpt":{"rendered":"Jimmy Mohamed a accept\u00e9 de d\u00e9voiler l&rsquo;astuce anti-\u00e2ge qui marche vraiment selon lui. Et vous allez \u00eatre surpris.&hellip;\n","protected":false},"author":2,"featured_media":582647,"comment_status":"","ping_status":"","sticky":false,"template":"","format":"standard","meta":{"footnotes":""},"categories":[7],"tags":[317,12690,2511,851,69629,1011,27,29971,66648,2089,39251,3583,43,40,41,39,42,44,19657],"class_list":{"0":"post-582646","1":"post","2":"type-post","3":"status-publish","4":"format-standard","5":"has-post-thumbnail","7":"category-sciences-et-technologies","8":"tag-age","9":"tag-anti","10":"tag-cest","11":"tag-devoile","12":"tag-efficace","13":"tag-fr","14":"tag-france","15":"tag-jimmy","16":"tag-lastuce","17":"tag-marche","18":"tag-mohamed","19":"tag-qui","20":"tag-science","21":"tag-science-and-technology","22":"tag-sciences","23":"tag-sciences-et-technologies","24":"tag-technologies","25":"tag-technology","26":"tag-vraiment"},"share_on_mastodon":{"url":"https:\/\/pubeurope.com\/@fr\/115673998618078970","error":""},"_links":{"self":[{"href":"https:\/\/www.europesays.com\/fr\/wp-json\/wp\/v2\/posts\/582646","targetHints":{"allow":["GET"]}}],"collection":[{"href":"https:\/\/www.europesays.com\/fr\/wp-json\/wp\/v2\/posts"}],"about":[{"href":"https:\/\/www.europesays.com\/fr\/wp-json\/wp\/v2\/types\/post"}],"author":[{"embeddable":true,"href":"https:\/\/www.europesays.com\/fr\/wp-json\/wp\/v2\/users\/2"}],"replies":[{"embeddable":true,"href":"https:\/\/www.europesays.com\/fr\/wp-json\/wp\/v2\/comments?post=582646"}],"version-history":[{"count":0,"href":"https:\/\/www.europesays.com\/fr\/wp-json\/wp\/v2\/posts\/582646\/revisions"}],"wp:featuredmedia":[{"embeddable":true,"href":"https:\/\/www.europesays.com\/fr\/wp-json\/wp\/v2\/media\/582647"}],"wp:attachment":[{"href":"https:\/\/www.europesays.com\/fr\/wp-json\/wp\/v2\/media?parent=582646"}],"wp:term":[{"taxonomy":"category","embeddable":true,"href":"https:\/\/www.europesays.com\/fr\/wp-json\/wp\/v2\/categories?post=582646"},{"taxonomy":"post_tag","embeddable":true,"href":"https:\/\/www.europesays.com\/fr\/wp-json\/wp\/v2\/tags?post=582646"}],"curies":[{"name":"wp","href":"https:\/\/api.w.org\/{rel}","templated":true}]}}